{"id":8905,"date":"2022-11-28T15:54:56","date_gmt":"2022-11-28T18:54:56","guid":{"rendered":"https:\/\/blog.verde.ag\/pt\/?p=8905"},"modified":"2023-01-10T12:09:45","modified_gmt":"2023-01-10T15:09:45","slug":"nematoides-no-cafe","status":"publish","type":"post","link":"https:\/\/blog.verde.ag\/pt\/manejo-de-pragas-e-doencas\/nematoides-no-cafe\/","title":{"rendered":"Como fazer a identifica\u00e7\u00e3o de nematoides no caf\u00e9?"},"content":{"rendered":"<p>Voc\u00ea sabia que v\u00e1rias esp\u00e9cies de nematoides est\u00e3o distribu\u00eddas por grande parte das principais regi\u00f5es brasileiras produtoras de caf\u00e9 e que o seu ataque pode limitar a produtividade da cultura? Saiba como fazer a identifica\u00e7\u00e3o de nematoides no caf\u00e9 e quais as principais pr\u00e1ticas de controle dessa praga no campo!<\/p>\n<h2>Quais os danos causados por nematoides em plantas de caf\u00e9?<\/h2>\n<p>Os nematoides s\u00e3o uma praga de grande relev\u00e2ncia econ\u00f4mica para o cultivo do caf\u00e9 no Brasil, uma vez que os danos causados pelos nematoides nas ra\u00edzes do cafeeiro podem comprometer significativamente a produtividade da cultura.<\/p>\n<p>Estudos indicam que algumas esp\u00e9cies de nematoides podem causar perdas de produtividade do caf\u00e9 de at\u00e9 45% mesmo em cultivos altamente tecnificados.<\/p>\n<p>Isso acontece porque existe um grande n\u00famero de nematoides que s\u00e3o fitoparasitas e acabam se alimentando das <a href=\"https:\/\/blog.verde.ag\/pt\/nutricao-de-plantas\/boro-enraizamento-de-plantas\/\">ra\u00edzes das plantas<\/a> durante parte do seu ciclo de vida.<\/p>\n<p>Quando eles se alimentam externamente das ra\u00edzes, dizemos que os nematoides s\u00e3o ectoparasitas. J\u00e1 quando eles invadem os tecidos radiculares e permanecem grande parte do seu ciclo de vida dentro deles, dizemos que eles s\u00e3o endoparasitas.<\/p>\n<p>Entretanto, esse h\u00e1bito alimentar acaba destruindo severamente o sistema radicular do caf\u00e9, limitando a manuten\u00e7\u00e3o das \u00e1reas infestadas e a implanta\u00e7\u00e3o de novos cultivos.<\/p>\n<p>De forma geral, o ciclo de vida de um nematoide come\u00e7a com os ovos, que s\u00e3o depositados no solo ou nas ra\u00edzes das plantas. Deles eclodem as fases juvenis dos nematoides, que passam normalmente por quatro est\u00e1dios de desenvolvimento, denominados J1, J2, J3 e J4, at\u00e9 atingir a sua maturidade sexual.<\/p>\n<p>Nos cafezais, existem dois grandes grupos de nematoides no caf\u00e9 que podem afetar a cultura: os nematoides das galhas radiculares e os nematoides das les\u00f5es radiculares.<\/p>\n<p>Os nematoides das galhas radiculares englobam as esp\u00e9cies do g\u00eanero <em>Meloidogyne, <\/em>sendo o <em>M. exigua<\/em>, <em>M. incognita <\/em>e <em>M. paranaensis<\/em> as esp\u00e9cies de nematoides do caf\u00e9 mais relevantes para a cultura.<\/p>\n<p>Grande parte dos danos causados por esses fitonematoides est\u00e3o relacionados ao processo de parasitismo das f\u00eameas dessas esp\u00e9cies, que penetram as ra\u00edzes do cafeeiro em seu est\u00e1dio juvenil J2 e estabelecem um local de alimenta\u00e7\u00e3o junto ao sistema vascular das plantas.<\/p>\n<p>J\u00e1 no caso dos nematoides das les\u00f5es radiculares, todas as fases de desenvolvimento dos nematoides p\u00f3s-emergentes dos ovos s\u00e3o consideradas como infestantes e podem causar sintomas nas plantas de caf\u00e9 similares aos nematoides das galhas, como:<\/p>\n<ul>\n<li>A redu\u00e7\u00e3o do vigor e do <a href=\"https:\/\/blog.verde.ag\/pt\/nutricao-de-plantas\/deficiencia-de-boro-no-cafe\/\">tamanho das plantas<\/a>;<\/li>\n<li>O amarelecimento das folhas;<\/li>\n<li>A destrui\u00e7\u00e3o das ra\u00edzes.<\/li>\n<\/ul>\n<p>Para a cultura do caf\u00e9, as principais esp\u00e9cies dos nematoides das les\u00f5es radiculares de import\u00e2ncia econ\u00f4mica pertencem ao g\u00eanero<em> Pratylenchus, <\/em>sendo as esp\u00e9cies <em>P. coffeae, P. jaehni e P. brachyurus <\/em>as principais representantes desse grupo.<\/p>\n<p>Estudos apontam que essas esp\u00e9cies de nematoides no caf\u00e9 podem ser t\u00e3o agressivas quanto os nematoides das galhas, sendo a esp\u00e9cie <em>P. brachyurus <\/em>a mais disseminada nos cafezais brasileiros.<\/p>\n<p>Mas, na pr\u00e1tica, como \u00e9 feita a identifica\u00e7\u00e3o dessas diferentes esp\u00e9cies de nematoides?<\/p>\n<div class=\"verde-content_3\" id=\"verde-608043141\"><a class=\"text-color-btn\" href=\"https:\/\/wa.me\/5531999206297?text=Ol%C3%A1%2C%20vi%20o%20artigo%20no%20blog%20e%20gostaria%20de%20saber%20mais%20sobre%20os%20fertilizantes%20da%20Verde%20Agritech\" target=\"_blank\" rel=\"noopener noreferrer\">\r\n    <button class=\"btn-form-blog\">Quero revolucionar a produ\u00e7\u00e3o da minha lavoura<\/button>\r\n<\/a>\r\n\r\n<style>\r\n    .text-color-btn {\r\n        background-color: #38a38c;\r\n        color: #fff;\r\n        border: none;\r\n        border-radius: 20px;\r\n        cursor: pointer;\r\n        text-decoration: none; \/* Adicionado para evitar sublinhado no link *\/\r\n        display: inline-block;\r\n    }\r\n\r\n    .btn-form-blog {\r\n        padding: 14px;\r\n        background-color: #38a38c;\r\n        color: #fff;\r\n        border: none;\r\n        border-radius: 20px;\r\n        cursor: pointer;\r\n    }\r\n\r\n    .text-color-btn:hover {\r\n        background-color: #333;\r\n        transition: 0.4s;\r\n    }\r\n\r\n    .btn-form-blog:hover {\r\n        background-color: #333;\r\n        transition: 0.4s;\r\n    }\r\n\r\n    @media only screen and (max-width: 600px) {\r\n        .text-color-btn {\r\n            background-color: #38a38c;\r\n            color: #fff;\r\n        }\r\n        .btn-form-blog {\r\n            padding: 14px;\r\n            background-color: #38a38c;\r\n            color: #fff;\r\n        }\r\n    }\r\n<\/style><\/div><h2>Como identificar nematoides no caf\u00e9?<\/h2>\n<p>A identifica\u00e7\u00e3o de nematoides no caf\u00e9, assim como em <a href=\"https:\/\/blog.verde.ag\/pt\/manejo-de-pragas-e-doencas\/nematoides-em-milho\/\">outras culturas<\/a>, nem sempre \u00e9 uma tarefa f\u00e1cil. Isso porque essas <a href=\"https:\/\/blog.verde.ag\/pt\/manejo-de-pragas-e-doencas\/principais-pragas-do-cafe\/\">pragas do caf\u00e9<\/a> normalmente apresentam um tamanho microsc\u00f3pico.<\/p>\n<p>Contudo, no campo \u00e9 poss\u00edvel ter uma no\u00e7\u00e3o de qual grupo de nematoides pode estar atacando as plantas.<\/p>\n<p>Essa diferencia\u00e7\u00e3o pode ser feita observando a presen\u00e7a de estruturas globosas nas ra\u00edzes dos cafeeiros conhecidas como galhas. Elas que s\u00e3o um forte indicativo da presen\u00e7a de esp\u00e9cies de nematoides das galhas no caf\u00e9.<\/p>\n<p>Caso essa estrutura n\u00e3o seja observada e exista uma maior presen\u00e7a de ra\u00edzes necrosadas, essas caracter\u00edsticas podem indicar a presen\u00e7a dos nematoides das les\u00f5es radiculares.<\/p>\n<p><img decoding=\"async\" class=\"aligncenter size-full wp-image-8906\" src=\"https:\/\/blog.verde.ag\/pt\/wp-content\/uploads\/2022\/11\/Raizes-de-cafe-D-e-pimentao-A-exibindo-galhas-induzidas-pelo-nematoide-das-galhas-Meloidogyne.jpg\" alt=\"Ra\u00edzes de caf\u00e9 (D) e piment\u00e3o (A) exibindo galhas induzidas pelo nematoide das galhas Meloidogyne exigua e detalhas das galhas (B e C) apresentando massas de ovos externas coloridas com fuccina \u00e1cida\" width=\"378\" height=\"274\" srcset=\"https:\/\/blog.verde.ag\/pt\/wp-content\/uploads\/2022\/11\/Raizes-de-cafe-D-e-pimentao-A-exibindo-galhas-induzidas-pelo-nematoide-das-galhas-Meloidogyne.jpg 378w, https:\/\/blog.verde.ag\/pt\/wp-content\/uploads\/2022\/11\/Raizes-de-cafe-D-e-pimentao-A-exibindo-galhas-induzidas-pelo-nematoide-das-galhas-Meloidogyne-300x217.jpg 300w, https:\/\/blog.verde.ag\/pt\/wp-content\/uploads\/2022\/11\/Raizes-de-cafe-D-e-pimentao-A-exibindo-galhas-induzidas-pelo-nematoide-das-galhas-Meloidogyne-150x109.jpg 150w\" sizes=\"(max-width: 378px) 100vw, 378px\" title=\"\"><\/p>\n<p style=\"text-align: center;\"><em style=\"font-size: 12px;\">Ra\u00edzes de caf\u00e9 (D) e piment\u00e3o (A) exibindo galhas induzidas pelo nematoide das galhas Meloidogyne exigua e detalhas das galhas (B e C) apresentando massas de ovos externas coloridas com fuccina \u00e1cida (Fonte: Silva et al., 2008)<\/em><\/p>\n<p>No mais, aferi\u00e7\u00f5es mais precisas das esp\u00e9cies de nematoides no caf\u00e9 exigem a ado\u00e7\u00e3o de <a href=\"https:\/\/blog.verde.ag\/pt\/tecnicas-agricolas\/analise-de-solo-manejo-potassio\/\">an\u00e1lises laboratoriais de amostras de solo<\/a> com ra\u00edzes.<\/p>\n<p>A amostragem do solo para an\u00e1lise de nematoides no caf\u00e9, recomenda-se que o agricultor fa\u00e7a uma coleta de solo representativa dos seus talh\u00f5es.<\/p>\n<p>Para isso, devem ser coletadas de 10 a 20 subamostras por hectare, tentando manter uma propor\u00e7\u00e3o na amostra composta final de 1 kg de solo (com umidade natural) e 100 g de ra\u00edzes.<\/p>\n<p>Al\u00e9m disso, \u00e9 importante destacar que a realiza\u00e7\u00e3o dos exames laboratoriais fitopatol\u00f3gicos \u00e9 obrigat\u00f3ria no caso de produ\u00e7\u00e3o de mudas de caf\u00e9. Conforme descreve o artigo 8\u00ba da\u00a0 Portaria da Coordenadoria de Defesa Agropecu\u00e1ria (CDA) n\u00ba 4, de 28\/01\/2011.<\/p>\n<p>Para a avalia\u00e7\u00e3o de mudas de caf\u00e9, recomenda-se realizar a amostragem de 0,1% das mudas de lotes homog\u00eaneos de 20.000 a, no m\u00e1ximo, 50.000 mudas da mesma cultivar e com a mesma idade.<\/p>\n<p>E, uma vez identificada as esp\u00e9cies de nematoides no caf\u00e9, podem ser tomadas a\u00e7\u00f5es mais assertivas para o controle dessa praga nos cafezais.<\/p>\n<h2>Como controlar nematoides no caf\u00e9?<\/h2>\n<p>Um dos grandes desafios do <a href=\"https:\/\/youtu.be\/FCed1jPtWZs\" rel=\"nofollow noopener\" target=\"_blank\">manejo e controle dos nematoides<\/a> no caf\u00e9 \u00e9 que muitas esp\u00e9cies acabam tendo alguns hospedeiros secund\u00e1rios que est\u00e3o presentes durante o ciclo da cultura, como as plantas daninhas e as culturas consorciadas com o caf\u00e9.<\/p>\n<p>Esse \u00e9 o caso do <em>P. brachyurus,<\/em> que tamb\u00e9m tem como hospedeiro a braqui\u00e1ria, uma gram\u00ednea muito utilizada na entrelinha do caf\u00e9 por trazer diversos benef\u00edcios para a melhoria da qualidade do solo.<\/p>\n<p>No artigo <em>Consorcia\u00e7\u00e3o e manejo de Brachiaria decumbens em mudas de cafeeiros infestados com Pratylenchus brachyurus em condi\u00e7\u00f5es de casa de vegeta\u00e7\u00e3o, <\/em>Roberto Kazuhiro Kubo e outros pesquisadores observaram, por exemplo, necroses mais acentuadas com muitas ra\u00edzes escurecidas e uma maior popula\u00e7\u00e3o final de <em>P. brachyurus <\/em>em plantas de caf\u00e9 consorciada com braqui\u00e1ria.<\/p>\n<p><img decoding=\"async\" class=\"aligncenter size-full wp-image-8907\" src=\"https:\/\/blog.verde.ag\/pt\/wp-content\/uploads\/2022\/11\/Efeito-do-manejo-de-Brachiaria-decumbens-no-desenvolvimento-das-raizes-e-parte-aerea-de-cafeeiro-infestados-pelo-nematoide-das-lesoes.jpg\" alt=\"Efeito do manejo de Brachiaria decumbens no desenvolvimento das ra\u00edzes e parte a\u00e9rea de cafeeiro, cv. &#039;Catua\u00ed Vermelho&#039;, infestados pelo nematoide das les\u00f5es Pratylenchus brachyurus\" width=\"1039\" height=\"745\" srcset=\"https:\/\/blog.verde.ag\/pt\/wp-content\/uploads\/2022\/11\/Efeito-do-manejo-de-Brachiaria-decumbens-no-desenvolvimento-das-raizes-e-parte-aerea-de-cafeeiro-infestados-pelo-nematoide-das-lesoes.jpg 1039w, https:\/\/blog.verde.ag\/pt\/wp-content\/uploads\/2022\/11\/Efeito-do-manejo-de-Brachiaria-decumbens-no-desenvolvimento-das-raizes-e-parte-aerea-de-cafeeiro-infestados-pelo-nematoide-das-lesoes-300x215.jpg 300w, https:\/\/blog.verde.ag\/pt\/wp-content\/uploads\/2022\/11\/Efeito-do-manejo-de-Brachiaria-decumbens-no-desenvolvimento-das-raizes-e-parte-aerea-de-cafeeiro-infestados-pelo-nematoide-das-lesoes-1024x734.jpg 1024w, https:\/\/blog.verde.ag\/pt\/wp-content\/uploads\/2022\/11\/Efeito-do-manejo-de-Brachiaria-decumbens-no-desenvolvimento-das-raizes-e-parte-aerea-de-cafeeiro-infestados-pelo-nematoide-das-lesoes-768x551.jpg 768w, https:\/\/blog.verde.ag\/pt\/wp-content\/uploads\/2022\/11\/Efeito-do-manejo-de-Brachiaria-decumbens-no-desenvolvimento-das-raizes-e-parte-aerea-de-cafeeiro-infestados-pelo-nematoide-das-lesoes-770x552.jpg 770w, https:\/\/blog.verde.ag\/pt\/wp-content\/uploads\/2022\/11\/Efeito-do-manejo-de-Brachiaria-decumbens-no-desenvolvimento-das-raizes-e-parte-aerea-de-cafeeiro-infestados-pelo-nematoide-das-lesoes-150x108.jpg 150w\" sizes=\"(max-width: 1039px) 100vw, 1039px\" title=\"\"><\/p>\n<p style=\"text-align: center;\"><em style=\"font-size: 12px;\">Efeito do manejo de Brachiaria decumbens no desenvolvimento das ra\u00edzes e parte a\u00e9rea de cafeeiro, cv. &#8216;Catua\u00ed Vermelho&#8217;, infestados pelo nematoide das les\u00f5es Pratylenchus brachyurus (Fonte:\u00a0 Kubo et al., 2015)<\/em><\/p>\n<p>Dessa forma, podemos afirmar que em cafezais onde se adota o <a href=\"https:\/\/blog.verde.ag\/pt\/nutricao-de-plantas\/como-a-rizobacteria-bacillus-aryabhattai-pode-melhorar-a-disponibilidade-de-fosforo-em-sistemas-de-cultivo-consorciado\/\">cultivo em cons\u00f3rcio<\/a> com outras culturas ou h\u00e1 a presen\u00e7a de plantas daninhas nas entrelinhas, \u00e9 preciso tomar um cuidado ainda maior para alcan\u00e7ar um controle efetivo dos nematoides no caf\u00e9 e evitar a manuten\u00e7\u00e3o de altas popula\u00e7\u00f5es dessa praga no solo.<\/p>\n<p>Um dos primeiros passos para garantir um bom controle dos nematoides no caf\u00e9 consiste em evitar a entrada e dissemina\u00e7\u00e3o dessas pragas nos talh\u00f5es.<\/p>\n<p>Para isso, o cafeicultor deve sempre buscar adquirir mudas certificadas e sadias, realizar a limpeza adequada de equipamentos e implementos agr\u00edcolas e fazer o manejo da lavoura na ordem das \u00e1reas menos infestadas para aquelas mais infestadas.<\/p>\n<p>Complementarmente, o uso de adubos verdes em sistemas de rota\u00e7\u00e3o ou consorcia\u00e7\u00e3o de culturas e adubos org\u00e2nicos, como a torta de mamona, tamb\u00e9m t\u00eam mostrado bons resultados a campo quando adotados junto a outras medidas para o controle de nematoides no caf\u00e9.<\/p>\n<p>Outra pr\u00e1tica de controle de car\u00e1ter curativo que tem sido empregada com sucesso, tanto em \u00e1reas n\u00e3o infestadas como nas infestadas, \u00e9 o plantio de cafeeiros resistentes com o uso de p\u00e9s francos ou porta-enxertos resistentes.<\/p>\n<p>No Brasil, casos de sucesso dessa pr\u00e1tica j\u00e1 foram obtidos com o plantio de:<\/p>\n<ul>\n<li>Caf\u00e9s enxertados com o porta enxerto <em>Coffea canephora <\/em>cv Apoat\u00e3, que \u00e9 resistente aos nematoides<em> exigua <\/em>e<em> M. incognita;<\/em><\/li>\n<li>Cultivares Icatu H4782-7514 e Sarchimor C1669-33, que s\u00e3o resistentes ao nematoide <em> brachyurus;<\/em><\/li>\n<li>Cafeeiro <em>Konillou<\/em> IAC 4764 e IAC 4765, que \u00e9 resistente a popula\u00e7\u00e3o K5 do <em> jaehni.<\/em><\/li>\n<\/ul>\n<p>Por fim, uma outra pr\u00e1tica que tamb\u00e9m tem demonstrado resultados promissores nas pesquisas \u00e9 o uso do <a href=\"https:\/\/blog.verde.ag\/pt\/manejo-de-pragas-e-doencas\/silicio-controla-nematoides-no-cafe\/\">sil\u00edcio para o controle dos nematoides<\/a> no caf\u00e9.<\/p>\n<p>No artigo<em> Biochemical responses of coffee resistance against Meloidogyne exigua mediated by silicon,<\/em> o Dr. Fabr\u00edcio Rodrigues e seus colegas inocularam ovos do parasita em duas diferentes cultivares de caf\u00e9 <em>C. arabica<\/em>. As mudas foram tratadas com diferentes fertilizantes, incluindo <a href=\"https:\/\/blog.verde.ag\/pt\/culturas\/cafe\/silicio-no-cafe-entenda-quais-os-beneficios-para-a-cultura\/\">doses de sil\u00edcio<\/a>.<\/p>\n<p>Ap\u00f3s 120 dias, os pesquisadores avaliaram par\u00e2metros como a quantidade de ovos presentes nas ra\u00edzes do caf\u00e9, bem como a penetra\u00e7\u00e3o dos nematoides no sistema radicular.<\/p>\n<p>Nos p\u00e9s de caf\u00e9 tratados com sil\u00edcio, houve redu\u00e7\u00e3o da capacidade reprodutiva do nematoide nas ra\u00edzes, associado ao aumento da produ\u00e7\u00e3o de lignina e da atividade das enzimas peroxidase de fen\u00f3is (POX), <a href=\"https:\/\/blog.verde.ag\/pt\/nutricao-de-plantas\/polifenoloxidase-enzima-que-esta-ligada-a-qualidade-do-cafe\/\">polifenoloxidase (PPO)<\/a> e fenilalanina amonialiase (PAL), especialmente para cultivares suscet\u00edveis \u00e0 infec\u00e7\u00e3o.<\/p>\n<p>Ao final desse estudo, os pesquisadores conclu\u00edram que os p\u00e9s de caf\u00e9 que receberam o tratamento com sil\u00edcio tiveram uma resposta bioqu\u00edmica mais eficiente contra a infec\u00e7\u00e3o e ressaltaram que a aplica\u00e7\u00e3o desse <a href=\"https:\/\/blog.verde.ag\/pt\/nutricao-de-plantas\/quais-sao-os-beneficios-do-uso-do-silicio-nas-plantas\/\">elemento ben\u00e9fico<\/a> \u00e9 uma pr\u00e1tica que idealmente se encaixa em estrat\u00e9gias ecologicamente amig\u00e1veis para a produ\u00e7\u00e3o sustent\u00e1vel de caf\u00e9 no Brasil.<\/p>\n<div class=\"epyt-video-wrapper\"><iframe  id=\"_ytid_48940\"  width=\"1170\" height=\"658\"  data-origwidth=\"1170\" data-origheight=\"658\"  data-relstop=\"1\" src=\"https:\/\/www.youtube.com\/embed\/oXWk4gYA9EY?enablejsapi=1&#038;autoplay=0&#038;cc_load_policy=0&#038;cc_lang_pref=&#038;iv_load_policy=1&#038;loop=0&#038;modestbranding=1&#038;rel=0&#038;fs=1&#038;playsinline=0&#038;autohide=2&#038;theme=dark&#038;color=red&#038;controls=1&#038;\" class=\"__youtube_prefs__  epyt-is-override  no-lazyload\" title=\"YouTube player\"  allow=\"fullscreen; accelerometer; autoplay; clipboard-write; encrypted-media; gyroscope; picture-in-picture\" allowfullscreen data-no-lazy=\"1\" data-skipgform_ajax_framebjll=\"\"><\/iframe><\/div>\n<p style=\"text-align: center;\"><em style=\"font-size: 12px;\">A aduba\u00e7\u00e3o com sil\u00edcio \u00e9 capaz de promover a melhoria da resist\u00eancia das plantas a pragas, doen\u00e7as e estresses abi\u00f3ticos.<\/em><\/p>\n<p>Assim, uma gama variada de estrat\u00e9gias pode ser utilizada pelo agricultor no combate aos nematoides no caf\u00e9!<\/p>\n<h2>O controle de nematoides no caf\u00e9 exige a ado\u00e7\u00e3o de pr\u00e1ticas de controle preventivas e curativas<\/h2>\n<p>Como podemos perceber, as lavouras de caf\u00e9 podem ser atacadas por uma grande variedade de esp\u00e9cies de nematoides, causando danos severos no sistema radicular das plantas que impactam negativamente no desenvolvimento e produtividade da cultura.<\/p>\n<p>Por isso, recomenda-se que o agricultor sempre adote diversas pr\u00e1ticas de controle preventivas, como o plantio de mudas sadias, e curativas, como a <a href=\"https:\/\/blog.verde.ag\/pt\/produtos-da-verde\/conheca-o-silicio-forte-e-a-importancia-do-silicio-na-agricultura\/\">aplica\u00e7\u00e3o de sil\u00edcio<\/a>, para evitar que as infesta\u00e7\u00f5es dessa praga no campo prejudiquem o potencial produtivo e de qualidade das suas lavouras!<\/p>\n","protected":false},"excerpt":{"rendered":"<p>Voc\u00ea sabia que v\u00e1rias esp\u00e9cies de nematoides que podem limitar a produtividade do cafeeiro? Saiba como identificar nematoides no caf\u00e9 e controlar essa praga!<\/p>\n","protected":false},"author":7,"featured_media":8910,"comment_status":"open","ping_status":"open","sticky":false,"template":"","format":"standard","meta":[],"categories":[194],"tags":[27,885,869,868],"_links":{"self":[{"href":"https:\/\/blog.verde.ag\/pt\/wp-json\/wp\/v2\/posts\/8905"}],"collection":[{"href":"https:\/\/blog.verde.ag\/pt\/wp-json\/wp\/v2\/posts"}],"about":[{"href":"https:\/\/blog.verde.ag\/pt\/wp-json\/wp\/v2\/types\/post"}],"author":[{"embeddable":true,"href":"https:\/\/blog.verde.ag\/pt\/wp-json\/wp\/v2\/users\/7"}],"replies":[{"embeddable":true,"href":"https:\/\/blog.verde.ag\/pt\/wp-json\/wp\/v2\/comments?post=8905"}],"version-history":[{"count":0,"href":"https:\/\/blog.verde.ag\/pt\/wp-json\/wp\/v2\/posts\/8905\/revisions"}],"wp:featuredmedia":[{"embeddable":true,"href":"https:\/\/blog.verde.ag\/pt\/wp-json\/wp\/v2\/media\/8910"}],"wp:attachment":[{"href":"https:\/\/blog.verde.ag\/pt\/wp-json\/wp\/v2\/media?parent=8905"}],"wp:term":[{"taxonomy":"category","embeddable":true,"href":"https:\/\/blog.verde.ag\/pt\/wp-json\/wp\/v2\/categories?post=8905"},{"taxonomy":"post_tag","embeddable":true,"href":"https:\/\/blog.verde.ag\/pt\/wp-json\/wp\/v2\/tags?post=8905"}],"curies":[{"name":"wp","href":"https:\/\/api.w.org\/{rel}","templated":true}]}}