{"id":8847,"date":"2022-11-21T13:33:40","date_gmt":"2022-11-21T16:33:40","guid":{"rendered":"https:\/\/blog.verde.ag\/pt\/?p=8847"},"modified":"2023-01-10T15:42:36","modified_gmt":"2023-01-10T18:42:36","slug":"7-doencas-do-cafe","status":"publish","type":"post","link":"https:\/\/blog.verde.ag\/pt\/manejo-de-pragas-e-doencas\/7-doencas-do-cafe\/","title":{"rendered":"Quais s\u00e3o as 7 principais doen\u00e7as do caf\u00e9?"},"content":{"rendered":"<p><span data-contrast=\"auto\">O caf\u00e9, assim como outras culturas agr\u00edcolas, pode ser afetado por diversas doen\u00e7as que podem comprometer severamente tanto a produtividade quanto a qualidade dos frutos. Por isso, a identifica\u00e7\u00e3o e o manejo correto delas \u00e9 muito importante para alcan\u00e7ar a alta performance dos cafezais. Conhe\u00e7a quais s\u00e3o as principais doen\u00e7as do caf\u00e9 e como manej\u00e1-las!<\/span><span data-ccp-props=\"{&quot;201341983&quot;:0,&quot;335551550&quot;:6,&quot;335551620&quot;:6,&quot;335559739&quot;:160,&quot;335559740&quot;:259}\">\u00a0<\/span><\/p>\n<h2>Os sintomas e pr\u00e1ticas de manejo das principais doen\u00e7as do caf\u00e9<\/h2>\n<p><span data-contrast=\"auto\">O manejo das doen\u00e7as do caf\u00e9 ainda \u00e9 um desafio que muitos cafeicultores enfrentam no seu dia a dia, j\u00e1 que muitas delas apresentam particularidades \u00fanicas tanto de sintomas quanto de formas de transmiss\u00e3o.<\/span><span data-ccp-props=\"{&quot;201341983&quot;:0,&quot;335551550&quot;:6,&quot;335551620&quot;:6,&quot;335559739&quot;:160,&quot;335559740&quot;:259}\">\u00a0<\/span><\/p>\n<p><span data-contrast=\"auto\">Dessa forma, saber identificar corretamente as doen\u00e7as do caf\u00e9 no campo e as suas principais pr\u00e1ticas de manejo pode se tornar um diferencial em propriedades que buscam explorar o m\u00e1ximo potencial produtivo e de qualidade dos seus cafezais.<\/span><span data-ccp-props=\"{&quot;134233117&quot;:false,&quot;134233118&quot;:false,&quot;201341983&quot;:0,&quot;335551550&quot;:6,&quot;335551620&quot;:6,&quot;335559685&quot;:0,&quot;335559737&quot;:0,&quot;335559738&quot;:0,&quot;335559739&quot;:160,&quot;335559740&quot;:259}\">\u00a0<\/span><\/p>\n<p><span data-contrast=\"auto\">Dentre as principais doen\u00e7as que podem ocorrer em um cafezal, podemos destacar 7 delas que apresentam uma grande import\u00e2ncia econ\u00f4mica para a cultura. S\u00e3o elas:<\/span><\/p>\n<h3>1. A cercosporiose<\/h3>\n<p><span data-contrast=\"auto\">A cercosporiose, tamb\u00e9m conhecida como mancha-de-olho-pardo ou olho-de-pomba<\/span><i><span data-contrast=\"auto\">,<\/span><\/i><span data-contrast=\"auto\"> \u00e9 considerada uma das doen\u00e7as <\/span><span data-contrast=\"auto\">do caf\u00e9 mais antigas e que est\u00e1 presente em todas as regi\u00f5es cafeeiras do Brasil.<\/span><span data-ccp-props=\"{&quot;201341983&quot;:0,&quot;335551550&quot;:6,&quot;335551620&quot;:6,&quot;335559739&quot;:160,&quot;335559740&quot;:259}\">\u00a0<\/span><\/p>\n<p><span data-contrast=\"auto\">Ela <\/span><span data-contrast=\"auto\">\u00e9 <\/span><span data-contrast=\"auto\">respons\u00e1vel por provocar perdas de at\u00e9 30% na <\/span><a href=\"https:\/\/blog.verde.ag\/pt\/nutricao-de-plantas\/entenda-como-o-potassio-pode-influenciar-a-produtividade-do-cafe\/\"><span data-contrast=\"none\">produtividade do caf\u00e9<\/span><\/a><span data-contrast=\"auto\">, ganhando grande import\u00e2ncia econ\u00f4mica principalmente na regi\u00e3o do Cerrado, em solos de baixa fertilidade natural ou ainda em regi\u00f5es afetadas pelas mudan\u00e7as clim\u00e1ticas.<\/span><span data-ccp-props=\"{&quot;201341983&quot;:0,&quot;335551550&quot;:6,&quot;335551620&quot;:6,&quot;335559739&quot;:160,&quot;335559740&quot;:259}\">\u00a0<\/span><\/p>\n<p><span data-contrast=\"auto\">Os danos causados por essa doen\u00e7a variam de acordo com o est\u00e1dio de desenvolvimento das plantas de caf\u00e9.<\/span><span data-ccp-props=\"{&quot;201341983&quot;:0,&quot;335551550&quot;:6,&quot;335551620&quot;:6,&quot;335559739&quot;:160,&quot;335559740&quot;:259}\">\u00a0<\/span><\/p>\n<p><span data-contrast=\"auto\">Nos est\u00e1dios iniciais de desenvolvimento da planta, a cercosporiose pode provocar o raquitismo das mudas, o atraso no <\/span><a href=\"https:\/\/blog.verde.ag\/pt\/nutricao-de-plantas\/entenda-o-papel-do-boro-no-crescimento-do-cafe\/\"><span data-contrast=\"none\">crescimento do caf\u00e9<\/span><\/a><span data-contrast=\"auto\"> e a queda prematura das folhas.\u00a0<\/span><span data-ccp-props=\"{&quot;201341983&quot;:0,&quot;335551550&quot;:6,&quot;335551620&quot;:6,&quot;335559739&quot;:160,&quot;335559740&quot;:259}\">\u00a0<\/span><\/p>\n<p><span data-contrast=\"auto\">J\u00e1 em lavouras jovens e adultas, os sintomas dessa doen\u00e7a do caf\u00e9 consistem em seca de ramos produtivos, amadurecimento precoce e chochamento dos frutos e queda prematura das folhas e frutos.<\/span><span data-ccp-props=\"{&quot;201341983&quot;:0,&quot;335551550&quot;:6,&quot;335551620&quot;:6,&quot;335559739&quot;:160,&quot;335559740&quot;:259}\">\u00a0<\/span><\/p>\n<p><span data-contrast=\"auto\">Outra caracter\u00edstica marcante da cercosporiose em caf\u00e9 \u00e9 a presen\u00e7a de manchas circulares castanhas envoltas por um halo amarelado e com o centro branco-acinzentado, que s\u00e3o causadas pelo ataque do fungo <\/span><i><span data-contrast=\"auto\">Cercospora coffeicola<\/span><\/i><span data-contrast=\"auto\">.<\/span><span data-ccp-props=\"{&quot;201341983&quot;:0,&quot;335551550&quot;:6,&quot;335551620&quot;:6,&quot;335559739&quot;:160,&quot;335559740&quot;:259}\">\u00a0<\/span><\/p>\n<p><span data-contrast=\"auto\">Para o controle dessa doen\u00e7a, recomenda-se fazer o bom preparo do solo, ajustando adequadamente as doses de corretivos e fertilizantes, especialmente na fase de pegamento, primeira produ\u00e7\u00e3o e nos anos de carga pendente alta.<\/span><span data-ccp-props=\"{&quot;201341983&quot;:0,&quot;335551550&quot;:6,&quot;335551620&quot;:6,&quot;335559739&quot;:160,&quot;335559740&quot;:259}\">\u00a0<\/span><\/p>\n<p><span data-contrast=\"auto\">Al\u00e9m disso, em \u00e9pocas de elevada insola\u00e7\u00e3o, ventos e <\/span><a href=\"https:\/\/blog.verde.ag\/pt\/nutricao-de-plantas\/como-proteger-o-cafeeiro-na-seca\/\"><span data-contrast=\"none\">defici\u00eancia h\u00eddrica<\/span><\/a><span data-contrast=\"auto\">, pode ser necess\u00e1rio utilizar o controle qu\u00edmico, j\u00e1 que essas condi\u00e7\u00f5es predisp\u00f5em as plantas de caf\u00e9 ao ataque da cercosporiose.<\/span><span data-ccp-props=\"{&quot;201341983&quot;:0,&quot;335551550&quot;:6,&quot;335551620&quot;:6,&quot;335559739&quot;:160,&quot;335559740&quot;:259}\">\u00a0<\/span><\/p>\n<h3>2. A ferrugem do cafeeiro<\/h3>\n<p><span data-contrast=\"auto\">A ferrugem do caf\u00e9, tamb\u00e9m conhecida como a ferrugem das folhas do caf\u00e9, \u00e9 considerada uma das doen\u00e7as mais graves e prejudiciais para as lavouras cafeeiras do Brasil, especialmente para as cultivares comerciais de<\/span><i><span data-contrast=\"auto\"> Coffea arabica<\/span><\/i><span data-contrast=\"auto\">.<\/span><span data-ccp-props=\"{&quot;201341983&quot;:0,&quot;335551550&quot;:6,&quot;335551620&quot;:6,&quot;335559739&quot;:160,&quot;335559740&quot;:259}\">\u00a0<\/span><\/p>\n<p><span data-contrast=\"auto\">Quando presente no cafezal, essa doen\u00e7a<\/span><span data-contrast=\"auto\"> \u00e9 respons\u00e1vel por promover uma intensa desfolha da planta, causando preju\u00edzos severos para a <\/span><a href=\"https:\/\/blog.verde.ag\/pt\/resultados-de-produtos\/k-forte-melhoria-cafe\/\"><span data-contrast=\"none\">produt<\/span><span data-contrast=\"none\">ividade e qualidade do caf\u00e9<\/span><\/a><span data-contrast=\"auto\"> na safra subsequente da cultura.<\/span><span data-ccp-props=\"{&quot;201341983&quot;:0,&quot;335551550&quot;:6,&quot;335551620&quot;:6,&quot;335559739&quot;:160,&quot;335559740&quot;:259}\">\u00a0<\/span><\/p>\n<p><span data-contrast=\"auto\">Isso acontece porque o agente causal da doen\u00e7a, o fungo <\/span><i><span data-contrast=\"auto\">Hemileia vastatrix,<\/span><\/i><span data-contrast=\"auto\"> se desenvolve no tecido vivo das folhas do caf\u00e9, o que acaba destruindo e necrosando partes do tecido foliar nos est\u00e1dios mais avan\u00e7ados da doen\u00e7a.<\/span><span data-ccp-props=\"{&quot;201341983&quot;:0,&quot;335551550&quot;:6,&quot;335551620&quot;:6,&quot;335559739&quot;:160,&quot;335559740&quot;:259}\">\u00a0<\/span><\/p>\n<p><span data-contrast=\"auto\">De forma geral, a presen\u00e7a da ferrugem do caf\u00e9 \u00e9 constatada quando existe a presen\u00e7a de manchas circulares de cor amarelo-alaranjada nas folhas, que apresentam um aspecto empoeirado e pulvurulento na face inferior foliar.<\/span><span data-ccp-props=\"{&quot;201341983&quot;:0,&quot;335551550&quot;:6,&quot;335551620&quot;:6,&quot;335559739&quot;:160,&quot;335559740&quot;:259}\">\u00a0<\/span><\/p>\n<p><img decoding=\"async\" class=\"aligncenter wp-image-8848 size-full\" src=\"https:\/\/blog.verde.ag\/pt\/wp-content\/uploads\/2022\/11\/Sintomas-da-ferrugem-do-cafe-e1669047236114.jpg\" alt=\"Sintomas da ferrugem do caf\u00e9\" width=\"639\" height=\"370\" srcset=\"https:\/\/blog.verde.ag\/pt\/wp-content\/uploads\/2022\/11\/Sintomas-da-ferrugem-do-cafe-e1669047236114.jpg 639w, https:\/\/blog.verde.ag\/pt\/wp-content\/uploads\/2022\/11\/Sintomas-da-ferrugem-do-cafe-e1669047236114-300x174.jpg 300w, https:\/\/blog.verde.ag\/pt\/wp-content\/uploads\/2022\/11\/Sintomas-da-ferrugem-do-cafe-e1669047236114-150x87.jpg 150w\" sizes=\"(max-width: 639px) 100vw, 639px\" title=\"\"><\/p>\n<p style=\"text-align: center;\"><i><em style=\"font-size: 12px;\">Sintomas da ferrugem do caf\u00e9 (Fonte: Matiello, J. B &#8211; Caf\u00e9Point, 2022)<\/em><\/i><\/p>\n<p><span data-contrast=\"auto\">Para fazer o monitoramento dessa doen\u00e7a, especialistas recomendam realizar uma avalia\u00e7\u00e3o mensal dos talh\u00f5es a partir do m\u00eas de dezembro, coletando de 100 a 300 folhas do ter\u00e7o m\u00e9dio das plantas por talh\u00e3o.<\/span><span data-ccp-props=\"{&quot;201341983&quot;:0,&quot;335551550&quot;:6,&quot;335551620&quot;:6,&quot;335559739&quot;:160,&quot;335559740&quot;:259}\">\u00a0<\/span><\/p>\n<p><span data-contrast=\"auto\">Entretanto, mesmo antes da constata\u00e7\u00e3o dessa doen\u00e7a do caf\u00e9 nas lavouras, recomenda-se a aplica\u00e7\u00e3o de produtos preventivos ou protetores para retardar ao m\u00e1ximo o in\u00edcio do controle da ferrugem do caf\u00e9.<\/span><span data-ccp-props=\"{&quot;201341983&quot;:0,&quot;335551550&quot;:6,&quot;335551620&quot;:6,&quot;335559739&quot;:160,&quot;335559740&quot;:259}\">\u00a0<\/span><\/p>\n<p><span data-contrast=\"auto\">Adicionalmente, medidas como o plantio de cultivares resistentes, a aduba\u00e7\u00e3o equilibrada da lavoura e a realiza\u00e7\u00e3o adequada das podas das plantas s\u00e3o tamb\u00e9m muito importantes para evitar a progress\u00e3o da doen\u00e7a.<\/span><span data-ccp-props=\"{&quot;201341983&quot;:0,&quot;335551550&quot;:6,&quot;335551620&quot;:6,&quot;335559739&quot;:160,&quot;335559740&quot;:259}\">\u00a0<\/span><\/p>\n<h3>3. As manchas foliares<\/h3>\n<p><span data-contrast=\"none\">Al\u00e9m da ferrugem do caf\u00e9, existem outras doen\u00e7as de grande import\u00e2ncia econ\u00f4mica para a cultura que tamb\u00e9m causam a intensa desfolha das plantas. Elas s\u00e3o as manchas foliares do caf\u00e9.<\/span><span data-ccp-props=\"{&quot;201341983&quot;:0,&quot;335551550&quot;:6,&quot;335551620&quot;:6,&quot;335559739&quot;:160,&quot;335559740&quot;:259}\">\u00a0<\/span><\/p>\n<p><span data-contrast=\"none\">As manchas foliares do caf\u00e9 s\u00e3o um grupo de doen\u00e7as de ampla ocorr\u00eancia no Brasil e que possuem diferentes agentes causais, dependendo da susceptibilidade da lavoura e das condi\u00e7\u00f5es do ambiente.<\/span><span data-ccp-props=\"{&quot;201341983&quot;:0,&quot;335551550&quot;:6,&quot;335551620&quot;:6,&quot;335559739&quot;:160,&quot;335559740&quot;:259}\">\u00a0<\/span><\/p>\n<p><span data-contrast=\"none\">Um desses agentes causais \u00e9 o fungo <\/span><i><span data-contrast=\"auto\">Phoma costarricensis,<\/span><\/i><span data-contrast=\"auto\"> causador da doen\u00e7a conhecida como mancha de phoma. Ele, al\u00e9m de causar manchas circulares de colora\u00e7\u00e3o escura nas folhas, <\/span><span data-contrast=\"auto\">\u00e9 conhecido por<\/span><span data-contrast=\"auto\"> provocar les\u00f5es nos ramos, <\/span><a href=\"https:\/\/blog.verde.ag\/pt\/nutricao-de-plantas\/funcao-do-boro-no-cafeeiro\/\"><span data-contrast=\"none\">bot\u00f5es florais, flores e frutos<\/span><\/a><span data-contrast=\"auto\"> no est\u00e1dio de chumbinho. Les\u00f5es essas que acabam levando a perdas de produtividade do caf\u00e9 pela:<\/span><span data-ccp-props=\"{&quot;201341983&quot;:0,&quot;335551550&quot;:6,&quot;335551620&quot;:6,&quot;335559739&quot;:160,&quot;335559740&quot;:259}\">\u00a0<\/span><\/p>\n<ul>\n<li data-leveltext=\"\uf0b7\" data-font=\"Symbol\" data-listid=\"2\" data-list-defn-props=\"{&quot;335552541&quot;:1,&quot;335559684&quot;:-2,&quot;335559685&quot;:720,&quot;335559991&quot;:360,&quot;469769226&quot;:&quot;Symbol&quot;,&quot;469769242&quot;:[8226],&quot;469777803&quot;:&quot;left&quot;,&quot;469777804&quot;:&quot;\uf0b7&quot;,&quot;469777815&quot;:&quot;hybridMultilevel&quot;}\" aria-setsize=\"-1\" data-aria-posinset=\"1\" data-aria-level=\"1\"><span data-contrast=\"auto\">Redu\u00e7\u00e3o da \u00e1rea fotossinteticamente ativa das plantas;<\/span><span data-ccp-props=\"{&quot;201341983&quot;:0,&quot;335551550&quot;:6,&quot;335551620&quot;:6,&quot;335559739&quot;:160,&quot;335559740&quot;:259}\">\u00a0<\/span><\/li>\n<li data-leveltext=\"\uf0b7\" data-font=\"Symbol\" data-listid=\"2\" data-list-defn-props=\"{&quot;335552541&quot;:1,&quot;335559684&quot;:-2,&quot;335559685&quot;:720,&quot;335559991&quot;:360,&quot;469769226&quot;:&quot;Symbol&quot;,&quot;469769242&quot;:[8226],&quot;469777803&quot;:&quot;left&quot;,&quot;469777804&quot;:&quot;\uf0b7&quot;,&quot;469777815&quot;:&quot;hybridMultilevel&quot;}\" aria-setsize=\"-1\" data-aria-posinset=\"2\" data-aria-level=\"1\"><span data-contrast=\"auto\">Morte, mumifica\u00e7\u00e3o e queda dos <\/span><span data-contrast=\"auto\">\u00f3rg\u00e3os<\/span><span data-contrast=\"auto\"> atacados;<\/span><span data-ccp-props=\"{&quot;201341983&quot;:0,&quot;335551550&quot;:6,&quot;335551620&quot;:6,&quot;335559739&quot;:160,&quot;335559740&quot;:259}\">\u00a0<\/span><\/li>\n<li data-leveltext=\"\uf0b7\" data-font=\"Symbol\" data-listid=\"2\" data-list-defn-props=\"{&quot;335552541&quot;:1,&quot;335559684&quot;:-2,&quot;335559685&quot;:720,&quot;335559991&quot;:360,&quot;469769226&quot;:&quot;Symbol&quot;,&quot;469769242&quot;:[8226],&quot;469777803&quot;:&quot;left&quot;,&quot;469777804&quot;:&quot;\uf0b7&quot;,&quot;469777815&quot;:&quot;hybridMultilevel&quot;}\" aria-setsize=\"-1\" data-aria-posinset=\"3\" data-aria-level=\"1\"><span data-contrast=\"auto\">Seca dos ponteiros e das extremidades dos ramos.<\/span><span data-ccp-props=\"{&quot;201341983&quot;:0,&quot;335551550&quot;:6,&quot;335551620&quot;:6,&quot;335559739&quot;:160,&quot;335559740&quot;:259}\">\u00a0<\/span><\/li>\n<\/ul>\n<p><span data-contrast=\"auto\">Outro pat\u00f3geno de grande relev\u00e2ncia para a cultura do caf\u00e9<\/span><span data-contrast=\"auto\"> \u00e9 a bact\u00e9ria<\/span><i><span data-contrast=\"auto\"> Pseudomonas syringae,<\/span><\/i><span data-contrast=\"auto\"> o agente causal da doen\u00e7a conhecida como mancha-aureolada do cafeeiro.<\/span><span data-ccp-props=\"{&quot;201341983&quot;:0,&quot;335551550&quot;:6,&quot;335551620&quot;:6,&quot;335559739&quot;:160,&quot;335559740&quot;:259}\">\u00a0<\/span><\/p>\n<p><span data-contrast=\"auto\">Como o pr\u00f3prio nome sugere, essa doen\u00e7a do caf\u00e9 <\/span><span data-contrast=\"auto\">\u00e9<\/span><span data-contrast=\"auto\"> caracterizada pela presen\u00e7a de les\u00f5es pardas nas folhas circundadas por um halo amarelado, que causam preju\u00edzos significativos principalmente em mudas de caf\u00e9 de\u00a0viveiros.<\/span><span data-ccp-props=\"{&quot;201341983&quot;:0,&quot;335551550&quot;:6,&quot;335551620&quot;:6,&quot;335559739&quot;:160,&quot;335559740&quot;:259}\">\u00a0<\/span><\/p>\n<p><span data-contrast=\"auto\">Mesmo assim, quando as condi\u00e7\u00f5es do ambiente s\u00e3o favor\u00e1veis, a mancha-aureolada do cafeeiro tamb\u00e9m pode ocorrer em lavouras adultas e em forma\u00e7\u00e3o e ainda causar a seca dos ramos laterais e ponteiros em cafeeiros novos.<\/span><span data-ccp-props=\"{&quot;201341983&quot;:0,&quot;335551550&quot;:6,&quot;335551620&quot;:6,&quot;335559739&quot;:160,&quot;335559740&quot;:259}\">\u00a0<\/span><\/p>\n<p><span data-contrast=\"auto\">Entre as manchas foliares do caf\u00e9 de grande relev\u00e2ncia econ\u00f4mica, tamb\u00e9m est\u00e1 inclusa a mancha anular do cafeeiro, causada pelo <\/span><i><span data-contrast=\"auto\">Coffee ringspot virus (CoRSV).<\/span><\/i><span data-ccp-props=\"{&quot;201341983&quot;:0,&quot;335551550&quot;:6,&quot;335551620&quot;:6,&quot;335559739&quot;:160,&quot;335559740&quot;:259}\">\u00a0<\/span><\/p>\n<p><span data-contrast=\"auto\">Diferentemente da mancha de phoma e da mancha-aureolada, essa doen\u00e7a do caf\u00e9 depende de um vetor para se dispersar dentro da lavoura. E esse vetor \u00e9 representado principalmente pela esp\u00e9cie de \u00e1caro <\/span><i><span data-contrast=\"auto\">Brevipalpus phoenicis.<\/span><\/i><span data-ccp-props=\"{&quot;201341983&quot;:0,&quot;335551550&quot;:6,&quot;335551620&quot;:6,&quot;335559739&quot;:160,&quot;335559740&quot;:259}\">\u00a0<\/span><\/p>\n<p><span data-contrast=\"auto\">Inicialmente a mancha anular do cafeeiro n\u00e3o representava uma grande amea\u00e7a para a produ\u00e7\u00e3o de caf\u00e9 no Brasil.\u00a0<\/span><span data-ccp-props=\"{&quot;201341983&quot;:0,&quot;335551550&quot;:6,&quot;335551620&quot;:6,&quot;335559739&quot;:160,&quot;335559740&quot;:259}\">\u00a0<\/span><\/p>\n<p><span data-contrast=\"auto\">Todavia, a eleva\u00e7\u00e3o da popula\u00e7\u00e3o do \u00e1caro nas<\/span><span data-contrast=\"auto\"> \u00faltim<\/span><span data-contrast=\"auto\">as d\u00e9cadas, em raz\u00e3o das <\/span><a href=\"https:\/\/blog.verde.ag\/pt\/nutricao-de-plantas\/microrganismos-do-solo-podem-ser-a-solucao-no-combate-as-mudancas-climaticas\/\"><span data-contrast=\"none\">mudan\u00e7as clim\u00e1ticas<\/span><\/a><span data-contrast=\"auto\"> e do uso cont\u00ednuo de insumos c\u00fapricos, intensificou significativamente a ocorr\u00eancia dessa virose nos plantios comerciais do pa\u00eds.<\/span><span data-ccp-props=\"{&quot;201341983&quot;:0,&quot;335551550&quot;:6,&quot;335551620&quot;:6,&quot;335559739&quot;:160,&quot;335559740&quot;:259}\">\u00a0<\/span><\/p>\n<p><span data-contrast=\"auto\">A presen\u00e7a da mancha anular nos cafezais geralmente <\/span><span data-contrast=\"auto\">\u00e9 <\/span><span data-contrast=\"auto\">constatada pela presen\u00e7a de manchas clor\u00f3ticas ou necr\u00f3ticas alongadas em formas de an\u00e9is nas folhas e nos frutos na fase cereja. Tamb\u00e9m pode haver o aparecimento de ramos tenros e verdes em casos de ataques mais severos.<\/span><span data-ccp-props=\"{&quot;201341983&quot;:0,&quot;335551550&quot;:6,&quot;335551620&quot;:6,&quot;335559739&quot;:160,&quot;335559740&quot;:259}\">\u00a0<\/span><\/p>\n<p><span data-contrast=\"auto\">Para evitar a sua ocorr\u00eancia e dissemina\u00e7\u00e3o<\/span><span data-contrast=\"auto\">, \u00e9 recomendado realizar o controle do \u00e1caro <\/span><span data-contrast=\"auto\">vetor com a aplica\u00e7\u00e3o de acaricidas seletivos e com a manuten\u00e7\u00e3o do <\/span><a href=\"https:\/\/youtu.be\/4P0qiDY9DiM\" rel=\"nofollow noopener\" target=\"_blank\"><span data-contrast=\"none\">equil\u00edbrio biol\u00f3gico da lavoura<\/span><\/a><span data-contrast=\"auto\">, buscando preservar esp\u00e9cies de \u00e1caros predadores.<\/span><span data-ccp-props=\"{&quot;201341983&quot;:0,&quot;335551550&quot;:6,&quot;335551620&quot;:6,&quot;335559739&quot;:160,&quot;335559740&quot;:259}\">\u00a0<\/span><\/p>\n<p><span data-contrast=\"auto\">Al\u00e9m disso, no caso da mancha de phoma e da mancha-aureolada, tamb\u00e9m \u00e9 recomendado ter uma abordagem mais preventiva dessas doen\u00e7as do caf\u00e9, fazendo a implanta\u00e7\u00e3o de quebra-ventos e eliminando os focos da doen\u00e7a dentro da lavoura.<\/span><\/p>\n<h3>4. A rizoctoniose<\/h3>\n<p><span data-contrast=\"none\">A rizoctoniose, diferentemente das manchas foliares, \u00e9 uma doen\u00e7a da cultura do caf\u00e9 que afeta principalmente o tronco e o colo do caf\u00e9, podendo causar <\/span><span data-contrast=\"auto\">perdas econ\u00f4micas significativas em sementeiras, viveiros de mudas e em plantas com um ano ap\u00f3s o plantio.<\/span><span data-ccp-props=\"{&quot;201341983&quot;:0,&quot;335551550&quot;:6,&quot;335551620&quot;:6,&quot;335559739&quot;:160,&quot;335559740&quot;:259}\">\u00a0<\/span><\/p>\n<p><span data-contrast=\"auto\">Isso acontece porque o fungo<\/span><i><span data-contrast=\"auto\"> Rhizoctonia solani,<\/span><\/i><span data-contrast=\"auto\"> agente causal da doen\u00e7a, provoca les\u00f5es no colo e nas <\/span><a href=\"https:\/\/blog.verde.ag\/pt\/nutricao-de-plantas\/boro-enraizamento-de-plantas\/\"><span data-contrast=\"none\">ra\u00edzes<\/span><\/a><span data-contrast=\"auto\"> do caf\u00e9, levando <\/span><span data-contrast=\"auto\">\u00e0<\/span><span data-contrast=\"auto\"> murcha e <\/span><span data-contrast=\"auto\">\u00e0 <\/span><span data-contrast=\"auto\">morte de pl\u00e2ntulas e o tombamento de plantas em forma de reboleira.<\/span><span data-ccp-props=\"{&quot;201341983&quot;:0,&quot;335551550&quot;:6,&quot;335551620&quot;:6,&quot;335559739&quot;:160,&quot;335559740&quot;:259}\">\u00a0<\/span><\/p>\n<p><span data-contrast=\"auto\">A inibi\u00e7\u00e3o do crescimento das plantas tamb\u00e9m \u00e9 outro sintoma observado, uma vez que esse fungo patog\u00eanico \u00e9 capaz de produzir toxinas que tem um efeito inibidor sobre o desenvolvimento do caf\u00e9.<\/span><span data-ccp-props=\"{&quot;134233117&quot;:false,&quot;134233118&quot;:false,&quot;201341983&quot;:0,&quot;335551550&quot;:6,&quot;335551620&quot;:6,&quot;335559685&quot;:0,&quot;335559737&quot;:0,&quot;335559738&quot;:0,&quot;335559739&quot;:160,&quot;335559740&quot;:259}\">\u00a0<\/span><\/p>\n<p><span data-ccp-props=\"{&quot;134233117&quot;:false,&quot;134233118&quot;:false,&quot;201341983&quot;:0,&quot;335551550&quot;:2,&quot;335551620&quot;:2,&quot;335559685&quot;:0,&quot;335559737&quot;:0,&quot;335559738&quot;:0,&quot;335559739&quot;:160,&quot;335559740&quot;:259}\"> <img decoding=\"async\" class=\"aligncenter wp-image-8849 size-full\" src=\"https:\/\/blog.verde.ag\/pt\/wp-content\/uploads\/2022\/11\/Sintomas-de-rizoctoniose-em-plantas-de-cafeeiro-Conilon-com-15-ano-de-idade-e1669047421128.jpg\" alt=\"Sintomas de rizoctoniose em plantas de cafeeiro Conilon com 1,5 ano de idade\" width=\"315\" height=\"332\" srcset=\"https:\/\/blog.verde.ag\/pt\/wp-content\/uploads\/2022\/11\/Sintomas-de-rizoctoniose-em-plantas-de-cafeeiro-Conilon-com-15-ano-de-idade-e1669047421128.jpg 315w, https:\/\/blog.verde.ag\/pt\/wp-content\/uploads\/2022\/11\/Sintomas-de-rizoctoniose-em-plantas-de-cafeeiro-Conilon-com-15-ano-de-idade-e1669047421128-285x300.jpg 285w, https:\/\/blog.verde.ag\/pt\/wp-content\/uploads\/2022\/11\/Sintomas-de-rizoctoniose-em-plantas-de-cafeeiro-Conilon-com-15-ano-de-idade-e1669047421128-150x158.jpg 150w\" sizes=\"(max-width: 315px) 100vw, 315px\" title=\"\"><\/span><\/p>\n<p style=\"text-align: center;\"><i><em style=\"font-size: 12px;\">Sintomas de rizoctoniose em plantas de cafeeiro Conilon com 1,5 ano de idade (Fonte: J\u00fanior, J. R. &#8211; Embrapa, 2015)<\/em><\/i><\/p>\n<p><span data-contrast=\"auto\">A presen\u00e7a desse fungo nas lavouras normalmente \u00e9 mais facilmente identificada durante os per\u00edodos mais \u00famidos do ano, j\u00e1 que essa condi\u00e7\u00e3o acaba favorecendo o aparecimento de uma bainha esbranqui\u00e7ada na base dos caules necrosados.<\/span><span data-ccp-props=\"{&quot;134233117&quot;:false,&quot;134233118&quot;:false,&quot;201341983&quot;:0,&quot;335551550&quot;:6,&quot;335551620&quot;:6,&quot;335559685&quot;:0,&quot;335559737&quot;:0,&quot;335559738&quot;:0,&quot;335559739&quot;:160,&quot;335559740&quot;:259}\">\u00a0<\/span><\/p>\n<p><span data-contrast=\"auto\">O controle do agente causal da rizoctniose pode ser feito por meio do tratamento qu\u00edmico das sementes e dos canteiros e evitando o excesso de umidade e sombra nos canteiros.<\/span><\/p>\n<h3>5. A roseliniose<\/h3>\n<p aria-level=\"3\"><span data-contrast=\"none\">A roseliniose, tamb\u00e9m conhecida como mal-de-quatro-anos ou mal rosado, \u00e9 outra das doen\u00e7as do caf\u00e9 conhecida por atacar o sistema radicular da planta, causando:<\/span><span data-ccp-props=\"{&quot;134233117&quot;:false,&quot;134233118&quot;:false,&quot;134245418&quot;:true,&quot;201341983&quot;:0,&quot;335551550&quot;:6,&quot;335551620&quot;:6,&quot;335559738&quot;:0,&quot;335559739&quot;:160,&quot;335559740&quot;:259}\">\u00a0<\/span><\/p>\n<ul>\n<li data-leveltext=\"\uf0b7\" data-font=\"Symbol\" data-listid=\"4\" data-list-defn-props=\"{&quot;335552541&quot;:1,&quot;335559684&quot;:-2,&quot;335559685&quot;:720,&quot;335559991&quot;:360,&quot;469769226&quot;:&quot;Symbol&quot;,&quot;469769242&quot;:[8226],&quot;469777803&quot;:&quot;left&quot;,&quot;469777804&quot;:&quot;\uf0b7&quot;,&quot;469777815&quot;:&quot;hybridMultilevel&quot;}\" aria-setsize=\"-1\" data-aria-posinset=\"4\" data-aria-level=\"1\"><span data-contrast=\"none\">O amarelecimento e murcha das plantas;<\/span><span data-ccp-props=\"{&quot;201341983&quot;:0,&quot;335551550&quot;:6,&quot;335551620&quot;:6,&quot;335559739&quot;:160,&quot;335559740&quot;:259}\">\u00a0<\/span><\/li>\n<li data-leveltext=\"\uf0b7\" data-font=\"Symbol\" data-listid=\"4\" data-list-defn-props=\"{&quot;335552541&quot;:1,&quot;335559684&quot;:-2,&quot;335559685&quot;:720,&quot;335559991&quot;:360,&quot;469769226&quot;:&quot;Symbol&quot;,&quot;469769242&quot;:[8226],&quot;469777803&quot;:&quot;left&quot;,&quot;469777804&quot;:&quot;\uf0b7&quot;,&quot;469777815&quot;:&quot;hybridMultilevel&quot;}\" aria-setsize=\"-1\" data-aria-posinset=\"5\" data-aria-level=\"1\"><span data-contrast=\"none\">O desprendimento f\u00e1cil da casca;<\/span><span data-ccp-props=\"{&quot;201341983&quot;:0,&quot;335551550&quot;:6,&quot;335551620&quot;:6,&quot;335559739&quot;:160,&quot;335559740&quot;:259}\">\u00a0<\/span><\/li>\n<li data-leveltext=\"\uf0b7\" data-font=\"Symbol\" data-listid=\"4\" data-list-defn-props=\"{&quot;335552541&quot;:1,&quot;335559684&quot;:-2,&quot;335559685&quot;:720,&quot;335559991&quot;:360,&quot;469769226&quot;:&quot;Symbol&quot;,&quot;469769242&quot;:[8226],&quot;469777803&quot;:&quot;left&quot;,&quot;469777804&quot;:&quot;\uf0b7&quot;,&quot;469777815&quot;:&quot;hybridMultilevel&quot;}\" aria-setsize=\"-1\" data-aria-posinset=\"6\" data-aria-level=\"1\"><span data-contrast=\"none\">O escurecimento das ra\u00edzes;<\/span><span data-ccp-props=\"{&quot;201341983&quot;:0,&quot;335551550&quot;:6,&quot;335551620&quot;:6,&quot;335559739&quot;:160,&quot;335559740&quot;:259}\">\u00a0<\/span><\/li>\n<li data-leveltext=\"\uf0b7\" data-font=\"Symbol\" data-listid=\"4\" data-list-defn-props=\"{&quot;335552541&quot;:1,&quot;335559684&quot;:-2,&quot;335559685&quot;:720,&quot;335559991&quot;:360,&quot;469769226&quot;:&quot;Symbol&quot;,&quot;469769242&quot;:[8226],&quot;469777803&quot;:&quot;left&quot;,&quot;469777804&quot;:&quot;\uf0b7&quot;,&quot;469777815&quot;:&quot;hybridMultilevel&quot;}\" aria-setsize=\"-1\" data-aria-posinset=\"7\" data-aria-level=\"1\"><span data-contrast=\"none\">A queda das folhas;<\/span><span data-ccp-props=\"{&quot;201341983&quot;:0,&quot;335551550&quot;:6,&quot;335551620&quot;:6,&quot;335559739&quot;:160,&quot;335559740&quot;:259}\">\u00a0<\/span><\/li>\n<li data-leveltext=\"\uf0b7\" data-font=\"Symbol\" data-listid=\"4\" data-list-defn-props=\"{&quot;335552541&quot;:1,&quot;335559684&quot;:-2,&quot;335559685&quot;:720,&quot;335559991&quot;:360,&quot;469769226&quot;:&quot;Symbol&quot;,&quot;469769242&quot;:[8226],&quot;469777803&quot;:&quot;left&quot;,&quot;469777804&quot;:&quot;\uf0b7&quot;,&quot;469777815&quot;:&quot;hybridMultilevel&quot;}\" aria-setsize=\"-1\" data-aria-posinset=\"8\" data-aria-level=\"1\"><span data-contrast=\"none\">A morte dos ramos.<\/span><span data-ccp-props=\"{&quot;201341983&quot;:0,&quot;335551550&quot;:6,&quot;335551620&quot;:6,&quot;335559739&quot;:160,&quot;335559740&quot;:259}\">\u00a0<\/span><\/li>\n<\/ul>\n<p><span data-contrast=\"none\">Essa doen\u00e7a, geralmente ocorre em lavouras novas e em \u00e1reas de plantio anteriormente ocupadas por florestas.\u00a0Isso porque o seu agente causal, o fungo<\/span><i><span data-contrast=\"none\"> Rosellinia sp.,<\/span><\/i><span data-contrast=\"none\"> normalmente se desenvolve na <\/span><a href=\"https:\/\/blog.verde.ag\/pt\/encontro-com-gigantes\/o-manejo-agricola-como-ferramenta-para-aumentar-a-materia-organica-do-solo\/\"><span data-contrast=\"none\">mat\u00e9ria org\u00e2nica<\/span><\/a><span data-contrast=\"none\"> e em restos de troncos e ra\u00edzes de \u00e1rvores em decomposi\u00e7\u00e3o.<\/span><span data-ccp-props=\"{&quot;201341983&quot;:0,&quot;335551550&quot;:6,&quot;335551620&quot;:6,&quot;335559739&quot;:160,&quot;335559740&quot;:259}\">\u00a0<\/span><\/p>\n<p><span data-contrast=\"none\">Por isso, \u00e9 muito importante fazer a cata\u00e7\u00e3o rigorosa das ra\u00edzes e peda\u00e7os de madeira da \u00e1rea antes e depois do preparo inicial do solo, como tamb\u00e9m a <\/span><a href=\"https:\/\/blog.verde.ag\/pt\/solo\/aplicacao-de-calcario-conheca-as-vantagens-e-os-riscos-desta-tecnica-agricola\/\"><span data-contrast=\"none\">calagem<\/span><\/a><span data-contrast=\"none\"> adequada da \u00e1rea, a fim de favorecer a decomposi\u00e7\u00e3o da mat\u00e9ria org\u00e2nica do solo.<\/span><span data-ccp-props=\"{&quot;201341983&quot;:0,&quot;335551550&quot;:6,&quot;335551620&quot;:6,&quot;335559739&quot;:160,&quot;335559740&quot;:259}\">\u00a0<\/span><\/p>\n<p><span data-contrast=\"none\">Al\u00e9m disso, tamb\u00e9m \u00e9 importante evitar ferimentos na regi\u00e3o do colo e nas ra\u00edzes mais superficiais durante a opera\u00e7\u00e3o de capina e outras pr\u00e1ticas de manejo, para evitar que o fungo colonize as plantas de caf\u00e9.<\/span><span data-ccp-props=\"{&quot;134233117&quot;:false,&quot;134233118&quot;:false,&quot;201341983&quot;:0,&quot;335551550&quot;:6,&quot;335551620&quot;:6,&quot;335559685&quot;:0,&quot;335559737&quot;:0,&quot;335559738&quot;:0,&quot;335559739&quot;:160,&quot;335559740&quot;:259}\">\u00a0<\/span><\/p>\n<p><span data-contrast=\"none\">Contudo, se forem verificadas na \u00e1rea plantas acometidas pela roseliniose, recomenda-se fazer o arranquio e queima das plantas atacadas, fazendo o replantio nos talh\u00f5es afetados tr\u00eas meses ap\u00f3s o preparo e tratamento das covas com cal viva.<\/span><\/p>\n<h3>6. O amarelinho<\/h3>\n<p><span data-contrast=\"none\">O amarelinho do caf\u00e9<\/span><span data-contrast=\"auto\"> tamb\u00e9m est\u00e1 entre as principais doen\u00e7as do caf\u00e9 que vem preocupando muitos cafeicultores no Brasil, uma vez que as alternativas de controle qu\u00edmico dela ainda n\u00e3o s\u00e3o eficazes.<\/span><span data-ccp-props=\"{&quot;134233117&quot;:false,&quot;134233118&quot;:false,&quot;201341983&quot;:0,&quot;335551550&quot;:6,&quot;335551620&quot;:6,&quot;335559685&quot;:0,&quot;335559737&quot;:0,&quot;335559738&quot;:0,&quot;335559739&quot;:160,&quot;335559740&quot;:259}\">\u00a0<\/span><\/p>\n<p><span data-contrast=\"auto\">O agente causal do amarelinho do caf\u00e9, a <\/span><span data-contrast=\"none\">bact\u00e9ria<\/span> <i><span data-contrast=\"auto\">Xylella fastidiosa,<\/span><\/i><span data-contrast=\"auto\">\u00a0apesar de n\u00e3o provocar a morte s\u00fabita do cafeeiro, acaba gerando danos pela obstru\u00e7\u00e3o f\u00edsica dos vasos condutores de seiva das plantas como:<\/span><span data-ccp-props=\"{&quot;134233117&quot;:false,&quot;134233118&quot;:false,&quot;201341983&quot;:0,&quot;335551550&quot;:6,&quot;335551620&quot;:6,&quot;335559685&quot;:0,&quot;335559737&quot;:0,&quot;335559738&quot;:0,&quot;335559739&quot;:160,&quot;335559740&quot;:259}\">\u00a0<\/span><\/p>\n<ul>\n<li data-leveltext=\"\uf0b7\" data-font=\"Symbol\" data-listid=\"5\" data-list-defn-props=\"{&quot;335552541&quot;:1,&quot;335559684&quot;:-2,&quot;335559685&quot;:720,&quot;335559991&quot;:360,&quot;469769226&quot;:&quot;Symbol&quot;,&quot;469769242&quot;:[8226],&quot;469777803&quot;:&quot;left&quot;,&quot;469777804&quot;:&quot;\uf0b7&quot;,&quot;469777815&quot;:&quot;hybridMultilevel&quot;}\" aria-setsize=\"-1\" data-aria-posinset=\"9\" data-aria-level=\"1\"><span data-contrast=\"auto\">A redu\u00e7\u00e3o do crescimento e do vigor das plantas;<\/span><span data-ccp-props=\"{&quot;134233117&quot;:false,&quot;134233118&quot;:false,&quot;201341983&quot;:0,&quot;335551550&quot;:6,&quot;335551620&quot;:6,&quot;335559737&quot;:0,&quot;335559738&quot;:0,&quot;335559739&quot;:160,&quot;335559740&quot;:259}\">\u00a0<\/span><\/li>\n<li data-leveltext=\"\uf0b7\" data-font=\"Symbol\" data-listid=\"5\" data-list-defn-props=\"{&quot;335552541&quot;:1,&quot;335559684&quot;:-2,&quot;335559685&quot;:720,&quot;335559991&quot;:360,&quot;469769226&quot;:&quot;Symbol&quot;,&quot;469769242&quot;:[8226],&quot;469777803&quot;:&quot;left&quot;,&quot;469777804&quot;:&quot;\uf0b7&quot;,&quot;469777815&quot;:&quot;hybridMultilevel&quot;}\" aria-setsize=\"-1\" data-aria-posinset=\"10\" data-aria-level=\"1\"><span data-contrast=\"auto\">O <\/span><a href=\"https:\/\/blog.verde.ag\/pt\/culturas\/cafe\/deficiencia-de-enxofre-em-cafe-como-identificar\/\"><span data-contrast=\"none\">encurtamento dos intern\u00f3dios<\/span><\/a><span data-contrast=\"auto\">;<\/span><span data-ccp-props=\"{&quot;134233117&quot;:false,&quot;134233118&quot;:false,&quot;201341983&quot;:0,&quot;335551550&quot;:6,&quot;335551620&quot;:6,&quot;335559737&quot;:0,&quot;335559738&quot;:0,&quot;335559739&quot;:160,&quot;335559740&quot;:259}\">\u00a0<\/span><\/li>\n<li data-leveltext=\"\uf0b7\" data-font=\"Symbol\" data-listid=\"5\" data-list-defn-props=\"{&quot;335552541&quot;:1,&quot;335559684&quot;:-2,&quot;335559685&quot;:720,&quot;335559991&quot;:360,&quot;469769226&quot;:&quot;Symbol&quot;,&quot;469769242&quot;:[8226],&quot;469777803&quot;:&quot;left&quot;,&quot;469777804&quot;:&quot;\uf0b7&quot;,&quot;469777815&quot;:&quot;hybridMultilevel&quot;}\" aria-setsize=\"-1\" data-aria-posinset=\"11\" data-aria-level=\"1\"><span data-contrast=\"auto\">A necrose e abscis\u00e3o foliar.<\/span><span data-ccp-props=\"{&quot;134233117&quot;:false,&quot;134233118&quot;:false,&quot;201341983&quot;:0,&quot;335551550&quot;:6,&quot;335551620&quot;:6,&quot;335559737&quot;:0,&quot;335559738&quot;:0,&quot;335559739&quot;:160,&quot;335559740&quot;:259}\">\u00a0<\/span><\/li>\n<\/ul>\n<p><span data-contrast=\"auto\">A transmiss\u00e3o do amarelinho, depende de diversas esp\u00e9cies de cigarrinhas sugadoras do xilema, que s<\/span><span data-contrast=\"auto\">\u00e3o<\/span><span data-contrast=\"auto\"> o vetor dessa doen\u00e7a do caf\u00e9. Elas, ao se alimentarem de plantas doentes, acabam adquirindo a bact\u00e9ria e transmitindo o agente causal do amarelinho para plantas sadias.<\/span><span data-ccp-props=\"{&quot;201341983&quot;:0,&quot;335551550&quot;:6,&quot;335551620&quot;:6,&quot;335559739&quot;:160,&quot;335559740&quot;:259}\">\u00a0<\/span><\/p>\n<p><span data-contrast=\"auto\">Dessa forma, monitorar e controlar as popula\u00e7\u00f5es dos insetos vetores \u00e9 imprescind\u00edvel para garantir o controle do amarelinho nos talh\u00f5es.<\/span><span data-ccp-props=\"{&quot;201341983&quot;:0,&quot;335551550&quot;:6,&quot;335551620&quot;:6,&quot;335559739&quot;:160,&quot;335559740&quot;:259}\">\u00a0<\/span><\/p>\n<p><span data-contrast=\"auto\">Al\u00e9m disso, a Empresa Brasileira de Pesquisa Agropecu\u00e1ria (Embrapa) tamb\u00e9m recomenda evitar <\/span><a href=\"https:\/\/blog.verde.ag\/pt\/nutricao-de-plantas\/como-a-rizobacteria-bacillus-aryabhattai-pode-ajudar-mitigar-os-efeitos-dos-estresses-bioticos-e-abioticos\/\"><span data-contrast=\"none\">condi\u00e7\u00f5es de estresse<\/span><\/a><span data-contrast=\"auto\"> das plantas no campo, a fim de reduzir os efeitos negativos da bact\u00e9ria na cultura, como aqueles causados:<\/span><span data-ccp-props=\"{&quot;201341983&quot;:0,&quot;335551550&quot;:6,&quot;335551620&quot;:6,&quot;335559739&quot;:160,&quot;335559740&quot;:259}\">\u00a0<\/span><\/p>\n<ul>\n<li data-leveltext=\"\uf0b7\" data-font=\"Symbol\" data-listid=\"6\" data-list-defn-props=\"{&quot;335552541&quot;:1,&quot;335559684&quot;:-2,&quot;335559685&quot;:720,&quot;335559991&quot;:360,&quot;469769226&quot;:&quot;Symbol&quot;,&quot;469769242&quot;:[8226],&quot;469777803&quot;:&quot;left&quot;,&quot;469777804&quot;:&quot;\uf0b7&quot;,&quot;469777815&quot;:&quot;hybridMultilevel&quot;}\" aria-setsize=\"-1\" data-aria-posinset=\"12\" data-aria-level=\"1\"><span data-contrast=\"auto\">Pelo desequil\u00edbrio nutricional das plantas;<\/span><span data-ccp-props=\"{&quot;201341983&quot;:0,&quot;335551550&quot;:6,&quot;335551620&quot;:6,&quot;335559739&quot;:160,&quot;335559740&quot;:259}\">\u00a0<\/span><\/li>\n<li data-leveltext=\"\uf0b7\" data-font=\"Symbol\" data-listid=\"6\" data-list-defn-props=\"{&quot;335552541&quot;:1,&quot;335559684&quot;:-2,&quot;335559685&quot;:720,&quot;335559991&quot;:360,&quot;469769226&quot;:&quot;Symbol&quot;,&quot;469769242&quot;:[8226],&quot;469777803&quot;:&quot;left&quot;,&quot;469777804&quot;:&quot;\uf0b7&quot;,&quot;469777815&quot;:&quot;hybridMultilevel&quot;}\" aria-setsize=\"-1\" data-aria-posinset=\"13\" data-aria-level=\"1\"><span data-contrast=\"auto\">Pelos <\/span><a href=\"https:\/\/blog.verde.ag\/pt\/culturas\/cafe\/silicio-no-cafe-entenda-quais-os-beneficios-para-a-cultura\/\"><span data-contrast=\"none\">per\u00edodos de estiagem<\/span><\/a><span data-contrast=\"auto\">;<\/span><span data-ccp-props=\"{&quot;201341983&quot;:0,&quot;335551550&quot;:6,&quot;335551620&quot;:6,&quot;335559739&quot;:160,&quot;335559740&quot;:259}\">\u00a0<\/span><\/li>\n<li data-leveltext=\"\uf0b7\" data-font=\"Symbol\" data-listid=\"6\" data-list-defn-props=\"{&quot;335552541&quot;:1,&quot;335559684&quot;:-2,&quot;335559685&quot;:720,&quot;335559991&quot;:360,&quot;469769226&quot;:&quot;Symbol&quot;,&quot;469769242&quot;:[8226],&quot;469777803&quot;:&quot;left&quot;,&quot;469777804&quot;:&quot;\uf0b7&quot;,&quot;469777815&quot;:&quot;hybridMultilevel&quot;}\" aria-setsize=\"-1\" data-aria-posinset=\"14\" data-aria-level=\"1\"><span data-contrast=\"auto\">Pelo ataque de nematoides.<\/span><span data-ccp-props=\"{&quot;201341983&quot;:0,&quot;335551550&quot;:6,&quot;335551620&quot;:6,&quot;335559739&quot;:160,&quot;335559740&quot;:259}\">\u00a0<\/span><\/li>\n<\/ul>\n<div class=\"epyt-video-wrapper\"><iframe  id=\"_ytid_36276\"  width=\"1170\" height=\"658\"  data-origwidth=\"1170\" data-origheight=\"658\"  data-relstop=\"1\" src=\"https:\/\/www.youtube.com\/embed\/_YWTN4HVO2I?enablejsapi=1&#038;autoplay=0&#038;cc_load_policy=0&#038;cc_lang_pref=&#038;iv_load_policy=1&#038;loop=0&#038;modestbranding=1&#038;rel=0&#038;fs=1&#038;playsinline=0&#038;autohide=2&#038;theme=dark&#038;color=red&#038;controls=1&#038;\" class=\"__youtube_prefs__  epyt-is-override  no-lazyload\" title=\"YouTube player\"  allow=\"fullscreen; accelerometer; autoplay; clipboard-write; encrypted-media; gyroscope; picture-in-picture\" allowfullscreen data-no-lazy=\"1\" data-skipgform_ajax_framebjll=\"\"><\/iframe><\/div>\n<p style=\"text-align: center;\"><i><em style=\"font-size: 12px;\">Existem diversas pr\u00e1ticas que podem ajudar a minimizar os impactos\u00a0negativos dos estresses nas plantas. No caso do estresse h\u00eddrico, uma das estrat\u00e9gias que podem ser utilizada pelo agricultor \u00e9 a aplica\u00e7\u00e3o de sil\u00edcio.<\/em><\/i><\/p>\n<h3>7. A fusariose<\/h3>\n<p aria-level=\"3\"><span data-contrast=\"none\">Por fim, a fusariose \u00e9 outra das doen\u00e7as do caf\u00e9 que tamb\u00e9m atua no sistema vascular das plantas.<\/span><span data-ccp-props=\"{&quot;134233118&quot;:false,&quot;134245418&quot;:true,&quot;201341983&quot;:0,&quot;335551550&quot;:6,&quot;335551620&quot;:6,&quot;335559685&quot;:0,&quot;335559738&quot;:40,&quot;335559739&quot;:240,&quot;335559740&quot;:259}\">\u00a0<\/span><\/p>\n<p><span data-contrast=\"auto\">Essa doen\u00e7a,<\/span><span data-contrast=\"none\"> tamb\u00e9m conhecida como murcha do caf\u00e9<\/span><span data-contrast=\"auto\">, \u00e9 capaz de provocar a murcha, amarelecimento e morte do caule e dos ramos laterais do caf\u00e9.\u00a0Sintomas esses que progridem da copa do caf\u00e9 em dire\u00e7\u00e3o ao baixeiro das plantas.<\/span><span data-ccp-props=\"{&quot;134233118&quot;:false,&quot;201341983&quot;:0,&quot;335551550&quot;:6,&quot;335551620&quot;:6,&quot;335559739&quot;:240,&quot;335559740&quot;:259}\">\u00a0<\/span><\/p>\n<p><span data-contrast=\"auto\">S\u00f3 que, diferentemente do amarelinho, os sintomas da fusariose s\u00e3o provocados pelas toxinas produzidas por algumas esp\u00e9cies de fungos patog\u00eanicos do g\u00eanero <\/span><i><span data-contrast=\"auto\">Fusarium.<\/span><\/i><span data-ccp-props=\"{&quot;134233118&quot;:false,&quot;201341983&quot;:0,&quot;335551550&quot;:6,&quot;335551620&quot;:6,&quot;335559739&quot;:240,&quot;335559740&quot;:259}\">\u00a0<\/span><\/p>\n<p><span data-contrast=\"auto\">Essas esp\u00e9cies de fungos patog\u00eanicos s\u00e3o capazes de infectar as plantas de caf\u00e9 principalmente atrav\u00e9s de ferimentos causados por podas, capinas e outros agentes patog\u00eanicos.<\/span><span data-ccp-props=\"{&quot;134233118&quot;:false,&quot;201341983&quot;:0,&quot;335551550&quot;:6,&quot;335551620&quot;:6,&quot;335559739&quot;:240,&quot;335559740&quot;:259}\">\u00a0<\/span><\/p>\n<p><span data-contrast=\"auto\">A incid\u00eancia da fusariose em lavouras de caf\u00e9 normalmente varia em fun\u00e7\u00e3o da esp\u00e9cie das plantas. Enquanto nas lavouras de caf\u00e9 ar\u00e1bica a ocorr\u00eancia dessa doen\u00e7a ser\u00e1 mais comum em plantas mais velhas, em lavouras de caf\u00e9 robusta\/conilon, os danos podem ocorrer muito mais cedo.<\/span><span data-ccp-props=\"{&quot;201341983&quot;:0,&quot;335551550&quot;:6,&quot;335551620&quot;:6,&quot;335559739&quot;:160,&quot;335559740&quot;:259}\">\u00a0<\/span><\/p>\n<p><span data-contrast=\"auto\">Dessa forma, \u00e9 muito importante adotar medidas preventivas que evitem a entrada do fungo nos talh\u00f5es, como realizar o <\/span><a href=\"https:\/\/blog.verde.ag\/pt\/manejo-de-pragas-e-doencas\/principais-pragas-do-cafe\/\"><span data-contrast=\"none\">controle adequado de pragas<\/span><\/a><span data-contrast=\"auto\"> e as pr\u00e1ticas de manejo cultural, de forma que n\u00e3o provoque danos mec\u00e2nicos nas plantas.<\/span><span data-ccp-props=\"{&quot;201341983&quot;:0,&quot;335551550&quot;:6,&quot;335551620&quot;:6,&quot;335559739&quot;:160,&quot;335559740&quot;:259}\">\u00a0<\/span><\/p>\n<p><span data-contrast=\"auto\">Entretanto, caso sejam identificadas plantas de caf\u00e9 com sintomas de fusariose, recomenda-se fazer o arranquio e elimina\u00e7\u00e3o das mesmas.<\/span><span data-ccp-props=\"{&quot;201341983&quot;:0,&quot;335551550&quot;:6,&quot;335551620&quot;:6,&quot;335559739&quot;:160,&quot;335559740&quot;:259}\">\u00a0<\/span><\/p>\n<div class=\"verde-content_3\" id=\"verde-331780582\"><a class=\"text-color-btn\" href=\"https:\/\/wa.me\/5531999206297?text=Ol%C3%A1%2C%20vi%20o%20artigo%20no%20blog%20e%20gostaria%20de%20saber%20mais%20sobre%20os%20fertilizantes%20da%20Verde%20Agritech\" target=\"_blank\" rel=\"noopener noreferrer\">\r\n    <button class=\"btn-form-blog\">Quero revolucionar a produ\u00e7\u00e3o da minha lavoura<\/button>\r\n<\/a>\r\n\r\n<style>\r\n    .text-color-btn {\r\n        background-color: #38a38c;\r\n        color: #fff;\r\n        border: none;\r\n        border-radius: 20px;\r\n        cursor: pointer;\r\n        text-decoration: none; \/* Adicionado para evitar sublinhado no link *\/\r\n        display: inline-block;\r\n    }\r\n\r\n    .btn-form-blog {\r\n        padding: 14px;\r\n        background-color: #38a38c;\r\n        color: #fff;\r\n        border: none;\r\n        border-radius: 20px;\r\n        cursor: pointer;\r\n    }\r\n\r\n    .text-color-btn:hover {\r\n        background-color: #333;\r\n        transition: 0.4s;\r\n    }\r\n\r\n    .btn-form-blog:hover {\r\n        background-color: #333;\r\n        transition: 0.4s;\r\n    }\r\n\r\n    @media only screen and (max-width: 600px) {\r\n        .text-color-btn {\r\n            background-color: #38a38c;\r\n            color: #fff;\r\n        }\r\n        .btn-form-blog {\r\n            padding: 14px;\r\n            background-color: #38a38c;\r\n            color: #fff;\r\n        }\r\n    }\r\n<\/style><\/div><h2>O controle das doen\u00e7as do caf\u00e9 exige o conhecimento das diferentes particularidades dos seus agentes causais<\/h2>\n<p><span data-contrast=\"auto\">Em conclus\u00e3o, podemos perceber que cada doen\u00e7a do caf\u00e9 apresenta diferentes padr<\/span><span data-contrast=\"auto\">\u00f5es<\/span><span data-contrast=\"auto\"> sintom\u00e1ticos e formas de transmiss\u00e3o, dependendo do ciclo de vida e caracter\u00edsticas de cada agente causal.<\/span><span data-ccp-props=\"{&quot;201341983&quot;:0,&quot;335551550&quot;:6,&quot;335551620&quot;:6,&quot;335559739&quot;:160,&quot;335559740&quot;:259}\">\u00a0<\/span><\/p>\n<p><span data-contrast=\"auto\">Al\u00e9m disso, tamb\u00e9m observamos que diferentes fatores bi\u00f3ticos e abi\u00f3ticos, como o ataque de pragas e a nutri\u00e7\u00e3o de plantas, podem afetar a din\u00e2mica das doen\u00e7as nos cafezais.<\/span><span data-ccp-props=\"{&quot;201341983&quot;:0,&quot;335551550&quot;:6,&quot;335551620&quot;:6,&quot;335559739&quot;:160,&quot;335559740&quot;:259}\">\u00a0<\/span><\/p>\n<p><span data-contrast=\"auto\">Por isso, o conhecimento das particularidades de cada agente causal e sua intera\u00e7\u00e3o com o ambiente pode se tornar um diferencial na hora de determinar qual o conjunto de estrat\u00e9gias que ser\u00e1 mais eficiente para realizar o controle das doen\u00e7as do caf\u00e9.<\/span><span data-ccp-props=\"{&quot;201341983&quot;:0,&quot;335551550&quot;:6,&quot;335551620&quot;:6,&quot;335559739&quot;:160,&quot;335559740&quot;:259}\">\u00a0<\/span><\/p>\n<p><span data-contrast=\"auto\">Nesse sentido, a<\/span><span data-contrast=\"auto\">\u00e7\u00f5es complementares como a manuten\u00e7\u00e3o da fertilidade do solo e a <\/span><a href=\"https:\/\/blog.verde.ag\/pt\/produtos-da-verde\/entenda-o-que-e-o-baks-e-as-suas-vantagens-para-uma-nova-agricultura\/\"><span data-contrast=\"none\">aduba\u00e7\u00e3o com fertilizantes adequados<\/span><\/a><span data-contrast=\"auto\"> s\u00e3o ferramentas importantes<\/span><span data-contrast=\"auto\">, j\u00e1 que essas pr\u00e1ticas ajudam as plantas a lidar melhor com as doen\u00e7as<\/span><b><span data-contrast=\"auto\">. <\/span><\/b><span data-ccp-props=\"{&quot;201341983&quot;:0,&quot;335551550&quot;:6,&quot;335551620&quot;:6,&quot;335559739&quot;:160,&quot;335559740&quot;:259}\">\u00a0<\/span><\/p>\n<p><span data-ccp-props=\"{&quot;201341983&quot;:0,&quot;335551550&quot;:2,&quot;335551620&quot;:2,&quot;335559739&quot;:160,&quot;335559740&quot;:259}\">\u00a0<\/span><\/p>\n","protected":false},"excerpt":{"rendered":"<p>Voc\u00ea sabia que existem diversas doen\u00e7as do caf\u00e9 que podem afetar a qualidade e a produtividade dos frutos? Saiba quais s\u00e3o elas e como fazer o manejo!\u00a0<\/p>\n","protected":false},"author":7,"featured_media":8850,"comment_status":"open","ping_status":"open","sticky":false,"template":"","format":"standard","meta":[],"categories":[194],"tags":[27,859,885,854],"_links":{"self":[{"href":"https:\/\/blog.verde.ag\/pt\/wp-json\/wp\/v2\/posts\/8847"}],"collection":[{"href":"https:\/\/blog.verde.ag\/pt\/wp-json\/wp\/v2\/posts"}],"about":[{"href":"https:\/\/blog.verde.ag\/pt\/wp-json\/wp\/v2\/types\/post"}],"author":[{"embeddable":true,"href":"https:\/\/blog.verde.ag\/pt\/wp-json\/wp\/v2\/users\/7"}],"replies":[{"embeddable":true,"href":"https:\/\/blog.verde.ag\/pt\/wp-json\/wp\/v2\/comments?post=8847"}],"version-history":[{"count":0,"href":"https:\/\/blog.verde.ag\/pt\/wp-json\/wp\/v2\/posts\/8847\/revisions"}],"wp:featuredmedia":[{"embeddable":true,"href":"https:\/\/blog.verde.ag\/pt\/wp-json\/wp\/v2\/media\/8850"}],"wp:attachment":[{"href":"https:\/\/blog.verde.ag\/pt\/wp-json\/wp\/v2\/media?parent=8847"}],"wp:term":[{"taxonomy":"category","embeddable":true,"href":"https:\/\/blog.verde.ag\/pt\/wp-json\/wp\/v2\/categories?post=8847"},{"taxonomy":"post_tag","embeddable":true,"href":"https:\/\/blog.verde.ag\/pt\/wp-json\/wp\/v2\/tags?post=8847"}],"curies":[{"name":"wp","href":"https:\/\/api.w.org\/{rel}","templated":true}]}}