{"id":7677,"date":"2022-07-20T10:36:08","date_gmt":"2022-07-20T13:36:08","guid":{"rendered":"https:\/\/blog.verde.ag\/pt\/?p=7677"},"modified":"2024-04-24T10:37:42","modified_gmt":"2024-04-24T13:37:42","slug":"potassio-geada-na-cana-de-acucar","status":"publish","type":"post","link":"https:\/\/blog.verde.ag\/pt\/nutricao-de-plantas\/potassio-geada-na-cana-de-acucar\/","title":{"rendered":"Como o pot\u00e1ssio pode minimizar o efeito da geada na cana-de-a\u00e7\u00facar?"},"content":{"rendered":"<p>Embora sejam um fen\u00f4meno natural, de acordo com a Empresa de Pesquisa Agropecu\u00e1ria de Minas Gerais (EPAMIG), as geadas v\u00eam se tornando cada vez mais recorrentes no Brasil desde a d\u00e9cada de 70. O efeito da geada na cana-de-a\u00e7\u00facar pode trazer diversos preju\u00edzos para o agricultor, mas existem estrat\u00e9gias que podem ajudar a minimiz\u00e1-lo. Saiba como o pot\u00e1ssio pode ajudar a reduzir os danos da geada nessa cultura!<\/p>\n<h2>Quais s\u00e3o os impactos da geada na cana-de-a\u00e7\u00facar?<\/h2>\n<p>A <a tabindex=\"-1\" title=\"https:\/\/blog.verde.ag\/pt\/nutricao-de-plantas\/como-o-agricultor-pode-se-prevenir-dos-danos-das-geadas-as-lavouras\/\" href=\"https:\/\/blog.verde.ag\/pt\/nutricao-de-plantas\/como-o-agricultor-pode-se-prevenir-dos-danos-das-geadas-as-lavouras\/\" target=\"_blank\" rel=\"noopener noreferrer\" aria-label=\"Link geada\">geada<\/a> \u00e9 um fen\u00f4meno diretamente relacionado \u00e0s baixas temperaturas e que pode prejudicar a produtividade da lavoura.\u00a0 Nesse sentido, a\u00e7\u00f5es como a aduba\u00e7\u00e3o pot\u00e1ssica podem minimizar os danos causados por ela.<\/p>\n<p>Com a queda das temperaturas durante a noite, h\u00e1 um forte resfriamento do ar e \u00e9 nessas condi\u00e7\u00f5es que ocorrem as geadas.<\/p>\n<p>Uma das explica\u00e7\u00f5es para o aumento da recorr\u00eancia de geadas s\u00e3o as instabilidades clim\u00e1ticas. O La Ni\u00f1a,\u00a0 por exemplo, \u00e9 um evento clim\u00e1tico que est\u00e1 ligado \u00e0 queda das temperaturas no pa\u00eds e, consequentemente, \u00e0 ocorr\u00eancia das geadas.<\/p>\n<p>Segundo a Organiza\u00e7\u00e3o Meteorol\u00f3gica Mundial (OMM), existe a possibilidade de o La Ni\u00f1a se estender at\u00e9 o in\u00edcio de 2023. Isso \u00e9 algo incomum pois, mesmo que sejam fen\u00f4menos naturais, os ciclos desses eventos clim\u00e1ticos v\u00eam sendo perturbados devido \u00e0s <a href=\"https:\/\/blog.verde.ag\/pt\/solo\/proteja-sua-lavoura-das-mudancas-climaticas\/\">altera\u00e7\u00f5es no clima global<\/a>.<\/p>\n<p>Os efeitos da geada na cana-de-a\u00e7\u00facar s\u00e3o variados. No documento <em>Geada em Cana de a\u00e7\u00facar: o que fazer, quando fazer e porque fazer, <\/em>cuja responsabilidade t\u00e9cnica \u00e9 de Nilceu Piffer Cardozo, os danos da geada a essa cultura s\u00e3o categorizados em diferentes graus, baseados em trabalhos cient\u00edficos de refer\u00eancia. S\u00e3o eles:<\/p>\n<ul>\n<li><strong>1\u00ba grau<\/strong><\/li>\n<\/ul>\n<p>\u00c9 o grau menos prejudicial, quando as plantas s\u00e3o expostas a temperaturas acima dos 5\u00baC. Aqui, as folhas da cana-de-a\u00e7\u00facar afetadas pela geada v\u00e3o apresentar uma colora\u00e7\u00e3o violeta azulada e h\u00e1 pouco ou nenhum preju\u00edzo para a lavoura de maneira geral.<\/p>\n<ul>\n<li><strong>2\u00ba grau<\/strong><\/li>\n<\/ul>\n<p>Quando as plantas s\u00e3o expostas a temperaturas um pouco mais baixas, entre 0\u00baC e 2\u00baC, h\u00e1 a queima ou desseca\u00e7\u00e3o das folhas, mas sem a morte da gema apical. O crescimento da cultura j\u00e1 sofre redu\u00e7\u00e3o, j\u00e1 que as folhas capazes de realizar a fotoss\u00edntese s\u00e3o \u201cqueimadas\u201d durante a geada. Al\u00e9m disso, o colmo das plantas pode apresentar constri\u00e7\u00e3o no ponto de inj\u00faria. Todavia, com a ameniza\u00e7\u00e3o das temperaturas e a ocorr\u00eancia de chuvas, novas folhas surgir\u00e3o, reestabelecendo a capacidade produtiva do canavial.<\/p>\n<ul>\n<li><strong>3\u00ba grau<\/strong><\/li>\n<\/ul>\n<p>Em temperaturas inferiores a 0\u00baC, geralmente entre -1\u00baC e -2\u00baC, ocorre a morte da gema apical. Isso implica em dano irrevers\u00edvel e no in\u00edcio da senesc\u00eancia do colmo. Logo ap\u00f3s a geada, o tecido vegetal da regi\u00e3o cerca de 2,5cm acima da gema apical no centro do cartucho de folhas imaturas adquire apar\u00eancia aquosa e, com o passar dos dias, as folhas centrais do palmito morrem.<\/p>\n<ul>\n<li><strong>4\u00ba grau<\/strong><\/li>\n<\/ul>\n<p>Quando a temperatura da geada est\u00e1 entre -2\u00baC e -3\u00baC, ocorre a morte da gema apical e das gemas laterais pr\u00f3ximas ao topo da planta. Nesse caso, \u00e9 facilmente percept\u00edvel a aus\u00eancia de brotos t\u00edpicos pr\u00f3ximos ao palmito e no ter\u00e7o m\u00e9dio mais pr\u00f3ximo da base. Al\u00e9m disso, com o aumento de tecidos mortos, a planta fica mais suscet\u00edvel a infec\u00e7\u00f5es por fungos e bact\u00e9rias.<\/p>\n<ul>\n<li><strong>5\u00ba grau<\/strong><\/li>\n<\/ul>\n<p>Quando as plantas s\u00e3o expostas prolongadamente a temperaturas abaixo dos -3,5\u00baC, ocorre a morte de todas as gemas da planta (apical e laterais). Nesse grau de dano, a deteriora\u00e7\u00e3o dos tecidos vegetais tende a ser ainda mais r\u00e1pida.<\/p>\n<ul>\n<li><strong>6\u00ba grau<\/strong><\/li>\n<\/ul>\n<p>Por fim, o 6\u00ba grau de dano da geada na cana-de-a\u00e7\u00facar se manifesta quando a planta \u00e9 exposta a temperaturas pr\u00f3ximas ou inferiores a -6\u00b0C. Aqui, ocorre a rachadura dos colmos em raz\u00e3o do congelamento do l\u00edquido celular. \u00c9 o n\u00edvel mais severo, j\u00e1 que os danos tamb\u00e9m englobam todos os demais. Embora as rachaduras possam se fechar parcialmente ap\u00f3s o descongelamento, elas facilitam a deteriora\u00e7\u00e3o dos tecidos vegetais. Vale lembrar que esse n\u00edvel de intensidade de geadas \u00e9 menos frequente no Brasil.<\/p>\n<p><img decoding=\"async\" class=\"alignnone size-full wp-image-7681 aligncenter\" src=\"https:\/\/blog.verde.ag\/pt\/wp-content\/uploads\/2022\/07\/Evolucao-dos-danos-causados-pela-geada-a-gema-apical-da-cana-de-acucar.png\" alt=\"Evolu\u00e7\u00e3o dos danos causados pela geada \u00e0 gema apical da cana-de-a\u00e7\u00facar\" width=\"561\" height=\"304\" title=\"\"><\/p>\n<p style=\"text-align: center;\"><em style=\"font-size: 12px;\">Evolu\u00e7\u00e3o dos danos causados pela geada \u00e0 gema apical da cana-de-a\u00e7\u00facar (Fonte: CARDOZO, s.d.)<\/em><\/p>\n<p>Vale lembrar que, al\u00e9m da temperatura, outros fatores podem intensificar os efeitos da geada na cana-de-a\u00e7\u00facar, incluindo:<\/p>\n<ul>\n<li>Intensidade da geada, o que engloba as condi\u00e7\u00f5es clim\u00e1ticas antes e durante a geada, bem como o tempo de exposi\u00e7\u00e3o das plantas;<\/li>\n<li>As caracter\u00edsticas da planta, como est\u00e1gio de corte, a idade e a variedade da planta;<\/li>\n<li>As condi\u00e7\u00f5es de manejo, o que inclui o manejo nutricional;<\/li>\n<li>As condi\u00e7\u00f5es p\u00f3s-geada.<\/li>\n<\/ul>\n<p>Os danos da geada podem comprometer n\u00e3o somente a safra atual, mas tamb\u00e9m as pr\u00f3ximas, caso sejam muito severos. Por isso, as a\u00e7\u00f5es de preven\u00e7\u00e3o s\u00e3o muito necess\u00e1rias, incluindo a aduba\u00e7\u00e3o pot\u00e1ssica adequada.<\/p>\n<p>Mas, como o pot\u00e1ssio pode ajudar a reduzir o efeito da geada na cana de a\u00e7\u00facar?<\/p>\n<div class=\"verde-content_3\" id=\"verde-1616008035\"><a class=\"text-color-btn\" href=\"https:\/\/wa.me\/5531999206297?text=Ol%C3%A1%2C%20vi%20o%20artigo%20no%20blog%20e%20gostaria%20de%20saber%20mais%20sobre%20os%20fertilizantes%20da%20Verde%20Agritech\" target=\"_blank\" rel=\"noopener noreferrer\">\r\n    <button class=\"btn-form-blog\">Quero revolucionar a produ\u00e7\u00e3o da minha lavoura<\/button>\r\n<\/a>\r\n\r\n<style>\r\n    .text-color-btn {\r\n        background-color: #38a38c;\r\n        color: #fff;\r\n        border: none;\r\n        border-radius: 20px;\r\n        cursor: pointer;\r\n        text-decoration: none; \/* Adicionado para evitar sublinhado no link *\/\r\n        display: inline-block;\r\n    }\r\n\r\n    .btn-form-blog {\r\n        padding: 14px;\r\n        background-color: #38a38c;\r\n        color: #fff;\r\n        border: none;\r\n        border-radius: 20px;\r\n        cursor: pointer;\r\n    }\r\n\r\n    .text-color-btn:hover {\r\n        background-color: #333;\r\n        transition: 0.4s;\r\n    }\r\n\r\n    .btn-form-blog:hover {\r\n        background-color: #333;\r\n        transition: 0.4s;\r\n    }\r\n\r\n    @media only screen and (max-width: 600px) {\r\n        .text-color-btn {\r\n            background-color: #38a38c;\r\n            color: #fff;\r\n        }\r\n        .btn-form-blog {\r\n            padding: 14px;\r\n            background-color: #38a38c;\r\n            color: #fff;\r\n        }\r\n    }\r\n<\/style><\/div><h2>A a\u00e7\u00e3o do pot\u00e1ssio na redu\u00e7\u00e3o do efeito da geada na cana-de-a\u00e7\u00facar<\/h2>\n<p>O <a href=\"https:\/\/blog.verde.ag\/pt\/nutricao-de-plantas\/potassio-na-cana-quando-e-quanto-aplicar-na-lavoura\/\">pot\u00e1ssio<\/a> \u00e9 um dos tr\u00eas nutrientes mais requeridos pela cana-de-a\u00e7\u00facar. De fato, a exporta\u00e7\u00e3o de pot\u00e1ssio por essa cultura chega a ser at\u00e9 13 vezes maior que a de f\u00f3sforo, por exemplo.<\/p>\n<p>\u00c9 o que observaram Em\u00edlio Cant\u00eddio Almeida de Oliveira e outros pesquisadores, no artigo <em>Extra\u00e7\u00e3o e exporta\u00e7\u00e3o de nutrientes por variedades de cana-de-a\u00e7\u00facar cultivadas sob irriga\u00e7\u00e3o plena.<\/em><\/p>\n<p>Sendo um macronutriente prim\u00e1rio, <a href=\"https:\/\/blog.verde.ag\/pt\/nutricao-de-plantas\/por-que-as-plantas-precisam-de-potassio-na-agricultura\/\">o pot\u00e1ssio exerce fun\u00e7\u00f5es significativas no crescimento e desenvolvimento das plantas<\/a>, incluindo:<\/p>\n<ul>\n<li>A ativa\u00e7\u00e3o enzim\u00e1tica;<\/li>\n<li>A s\u00edntese proteica;<\/li>\n<li>A fotoss\u00edntese;<\/li>\n<li>O transporte de fotoassimilados no floema;<\/li>\n<li>O crescimento celular;<\/li>\n<li>A melhoria da <a href=\"https:\/\/blog.verde.ag\/pt\/nutricao-de-plantas\/um-cafe-de-boa-qualidade-comeca-no-campo\/\">qualidade<\/a> de flores e frutos;<\/li>\n<li>A regula\u00e7\u00e3o do potencial h\u00eddrico das c\u00e9lulas;<\/li>\n<li>A ameniza\u00e7\u00e3o de <a href=\"https:\/\/blog.verde.ag\/pt\/consultores-do-agro\/entenda-como-condicoes-de-estresse-afetam-as-plantas-e-como-lidar-com-elas\/\">estresses<\/a> bi\u00f3ticos e abi\u00f3ticos.<\/li>\n<\/ul>\n<p>Como vimos, dentre as principais fun\u00e7\u00f5es do pot\u00e1ssio nas plantas, est\u00e1 justamente a que faz com que ele seja um aliado do agricultor para lidar com o efeito da geada na cana-de-a\u00e7\u00facar: a ameniza\u00e7\u00e3o dos estresses abi\u00f3ticos.<\/p>\n<p>Esse tipo de estresse \u00e9 aquele que acontece em raz\u00e3o de causas que n\u00e3o s\u00e3o relacionadas \u00e0s intera\u00e7\u00f5es com outros seres vivos, a exemplo das baixas temperaturas.\u00a0 No caso da geada, \u00e9 a baixa temperatura que provoca os danos nas plantas, j\u00e1 que ocorre o congelamento da seiva e o rompimento da estrutura das c\u00e9lulas.<\/p>\n<p>Por causa da sua intera\u00e7\u00e3o fisiol\u00f3gica e metab\u00f3lica nas plantas, o pot\u00e1ssio ajuda a promover a redu\u00e7\u00e3o do ponto de congelamento da seiva das plantas de algumas culturas.<\/p>\n<p>Al\u00e9m disso, segundo o Dr. Pedro Maranha explica em sua participa\u00e7\u00e3o no evento <a href=\"https:\/\/blog.verde.ag\/pt\/encontro-com-gigantes\/como-mitigar-os-danos-da-geada-nas-culturas-de-ciclo-longo\/\">Encontro com Gigantes<\/a>, ele ajuda na redu\u00e7\u00e3o da temperatura letal para plantas, ou seja, aquela temperatura que vai causar os maiores efeitos negativos:<\/p>\n<p>\u201cEnquanto o c\u00e1lcio e o <a href=\"https:\/\/blog.verde.ag\/pt\/nutricao-de-plantas\/como-a-aplicacao-de-boro-pode-favorecer-a-cultura-dos-citros\/\">boro<\/a> s\u00e3o fundamentais para manter a membrana das c\u00e9lulas firmes e el\u00e1sticas, o pot\u00e1ssio, de forma geral, \u00e9 como um lubrificante da planta.\u00a0 O pot\u00e1ssio auxilia na movimenta\u00e7\u00e3o de compostos e fotoassimilados, o que proporciona uma alta concentra\u00e7\u00e3o de a\u00e7\u00facares na planta e que reduz ainda mais a temperatura letal.\u201d<\/p>\n<div class=\"epyt-video-wrapper\"><iframe  id=\"_ytid_40744\"  width=\"1170\" height=\"658\"  data-origwidth=\"1170\" data-origheight=\"658\"  data-relstop=\"1\" src=\"https:\/\/www.youtube.com\/embed\/qVbKTABrSH4?enablejsapi=1&#038;autoplay=0&#038;cc_load_policy=0&#038;cc_lang_pref=&#038;iv_load_policy=1&#038;loop=0&#038;modestbranding=1&#038;rel=0&#038;fs=1&#038;playsinline=0&#038;autohide=2&#038;theme=dark&#038;color=red&#038;controls=1&#038;\" class=\"__youtube_prefs__  epyt-is-override  no-lazyload\" title=\"YouTube player\"  allow=\"fullscreen; accelerometer; autoplay; clipboard-write; encrypted-media; gyroscope; picture-in-picture\" allowfullscreen data-no-lazy=\"1\" data-skipgform_ajax_framebjll=\"\"><\/iframe><\/div>\n<p style=\"text-align: center;\"><em style=\"font-size: 12px;\">Entre as estrat\u00e9gias que o agricultor pode utilizar para se prevenir dos danos causados pela geada, est\u00e1 a aduba\u00e7\u00e3o pot\u00e1ssica.<\/em><\/p>\n<p>Assim, aliando estrat\u00e9gias de plantio e de prote\u00e7\u00e3o do canavial durante as \u00e9pocas mais frias do ano \u00e0 uma aduba\u00e7\u00e3o pot\u00e1ssica eficiente, os danos causados pela geada t\u00eam mais chance de ser mais amenos.<\/p>\n<p>Mas, como o agricultor pode melhorar a nutri\u00e7\u00e3o com pot\u00e1ssio na sua lavoura?<\/p>\n<h2>Como melhorar a nutri\u00e7\u00e3o com pot\u00e1ssio na cana-de-a\u00e7\u00facar?<\/h2>\n<p>Inicialmente, para realizar uma <a href=\"https:\/\/blog.verde.ag\/pt\/nutricao-de-plantas\/sete-dicas-para-corrigir-a-deficiencia-de-potassio-na-cana\/\">aduba\u00e7\u00e3o pot\u00e1ssica mais eficiente<\/a>, o agricultor precisa ter um bom conhecimento das condi\u00e7\u00f5es da lavoura.<\/p>\n<p>Isso come\u00e7a com uma boa an\u00e1lise do solo, para entender as condi\u00e7\u00f5es de fertilidade. No caso da cana-de-a\u00e7\u00facar, a forma de realizar a amostragem tem um papel importante nisso. O Instituto Brasileiro de An\u00e1lises (IBRA) recomenda que:<\/p>\n<ul>\n<li>Para cana-planta: a amostragem de solo deve ser realizada tr\u00eas meses antes do plantio, recolhendo 15 subamostras de solo em \u201czig-zag\u201d de uma \u00e1rea uniforme nas profundidades de 0-20 a 20-40cm;<\/li>\n<li>Para cana-soca: a amostragem de solo deve ser realizada logo ap\u00f3s o corte, retirando amostras de solo a cerca de 20-25cm da linha.<\/li>\n<\/ul>\n<p>Vale destacar que, para a cana-soca, o local da amostragem tamb\u00e9m influencia na recomenda\u00e7\u00e3o da aduba\u00e7\u00e3o pot\u00e1ssica e de outros nutrientes:<\/p>\n<ul>\n<li>Amostras retiradas da linha de plantio podem superestimar os teores de pot\u00e1ssio e f\u00f3sforo;<\/li>\n<li>Amostras retiradas da entrelinha de plantio podem superestimar os teores de magn\u00e9sio e c\u00e1lcio.<\/li>\n<\/ul>\n<p>Al\u00e9m disso, a escolha do <a href=\"https:\/\/blog.verde.ag\/pt\/tecnicas-agricolas\/analise-de-potassio-no-solo-muito-alem-de-mehlich-e-resina\/\">m\u00e9todo de an\u00e1lise adequado<\/a> tem uma grande relev\u00e2ncia no entendimento do estado de fertilidade do solo. Isso porque, convencionalmente, as an\u00e1lises de pot\u00e1ssio levam em conta apenas a fra\u00e7\u00e3o sol\u00favel e troc\u00e1vel desse nutriente no solo.<\/p>\n<p>Entretanto, estudos t\u00eam demonstrado que a fra\u00e7\u00e3o inicialmente n\u00e3o-troc\u00e1vel do solo tamb\u00e9m \u00e9 utilizada pelas plantas, especialmente por aquelas de ciclo mais longo, a exemplo da cana de a\u00e7\u00facar.<\/p>\n<p>\u00c9 o que explicam Michael J. Bell e outros pesquisadores no cap\u00edtulo <em>Using Soil Tests to Evaluate Plant Availability of Potassium in Soils, do livro Improving Potassium Recommendations for Agricultural Crops:<\/em><\/p>\n<p>\u201cNo entanto, quando o K adequado precisa ser fornecido ao longo de per\u00edodos de tempo mais longos (como ocorre com a remo\u00e7\u00e3o repetida de biomassa no cultivo de forragem, ou perenes, ou culturas de alta demanda de K de biomassa, como a cana-de-a\u00e7\u00facar), h\u00e1 muitos solos a partir dos quais as plantas s\u00e3o capazes de extrair mais do que o reservat\u00f3rio de K inicialmente troc\u00e1vel.\u201d<\/p>\n<p>Esses conhecimentos auxiliam o agricultor a tomar decis\u00f5es mais assertivas na hora de realizar o manejo do pot\u00e1ssio da cana, como por exemplo a quantidade de pot\u00e1ssio a ser aplicado e tamb\u00e9m quais fontes de fertilizantes a serem utilizadas.<\/p>\n<p>Em rela\u00e7\u00e3o \u00e0 quantidade, \u00e9 preciso que ele esteja atento \u00e0s recomenda\u00e7\u00f5es para a sua \u00e1rea de plantio. Por exemplo, no estado de S\u00e3o Paulo, grande parte das recomenda\u00e7\u00f5es sugerem doses que variam de 0 a 200kg\/ha de pot\u00e1ssio (K<sub>2<\/sub>O).<\/p>\n<p>\u00c9 o que explica o Dr. Rafael Otto e outros pesquisadores do estudo <em>Manejo da aduba\u00e7\u00e3o pot\u00e1ssica na cultura da cana-de-a\u00e7\u00facar. <\/em>Nesse mesmo estudo, eles alertam que doses superiores a 150 kg\/ha de pot\u00e1ssio (K<sub>2<\/sub>O) nas condi\u00e7\u00f5es do experimento<\/p>\n<p>J\u00e1 em rela\u00e7\u00e3o \u00e0 fonte de pot\u00e1ssio escolhida, alguns fatores podem ter influ\u00eancia na efici\u00eancia da aduba\u00e7\u00e3o do canavial.<\/p>\n<p>Fontes com excesso de cloro, como o <a href=\"https:\/\/blog.verde.ag\/pt\/nutricao-de-plantas\/cinco-limitacoes-do-uso-do-cloreto-de-potassio-como-fertilizante\/\">Cloreto de Pot\u00e1ssio (KCl)<\/a> por exemplo, podem elevar a <a href=\"https:\/\/blog.verde.ag\/pt\/nutricao-de-plantas\/salinidade-do-solo-uma-ameaca-a-produtividade-agricola\/\">salinidade do solo<\/a>. Isso, por sua vez, traz problemas para a <a href=\"https:\/\/blog.verde.ag\/pt\/nutricao-de-plantas\/entenda-os-impactos-da-salinidade-para-a-microbiota-do-solo-e-como-evita-los\/\">microbiota do solo<\/a> e favorece a <a href=\"https:\/\/blog.verde.ag\/pt\/nutricao-de-plantas\/o-que-e-a-compactacao-do-solo-e-como-ela-pode-afetar-as-plantas\/\">compacta\u00e7\u00e3o<\/a>.<\/p>\n<p>Al\u00e9m disso, fontes com uma libera\u00e7\u00e3o muito r\u00e1pida dos nutrientes s\u00e3o mais sujeitas ao processo de <a href=\"https:\/\/blog.verde.ag\/pt\/nutricao-de-plantas\/lixiviacao-de-nutrientes-por-que-o-potassio-possui-o-maior-risco-de-perdas\/\">lixivia\u00e7\u00e3o<\/a>, ou seja, de perda de nutrientes para as camadas mais profundas do solo. Isso reduz a efici\u00eancia do manejo.<\/p>\n<p>Uma sa\u00edda para resolver esses problemas \u00e9 o uso de fontes de <a href=\"https:\/\/blog.verde.ag\/pt\/nutricao-de-plantas\/cinco-motivos-para-usar-fontes-de-liberacao-gradual-de-potassio\/\">libera\u00e7\u00e3o gradual<\/a>, como\u00a0<a href=\"https:\/\/blog.verde.ag\/pt\/produtos-da-verde\/entenda-o-que-e-o-k-forte-e-quais-beneficios-o-fertilizante-proporciona-para-a-agricultura\/\">K Forte<sup>\u00ae<\/sup><\/a>\u00a0e o\u00a0<a href=\"https:\/\/blog.verde.ag\/pt\/produtos-da-verde\/entenda-o-que-e-o-baks-e-as-suas-vantagens-para-uma-nova-agricultura\/\">BAKS<sup>\u00ae<\/sup><\/a>. Elas n\u00e3o s\u00e3o perdidas por lixivia\u00e7\u00e3o e ajudam a construir e manter a <a href=\"https:\/\/blog.verde.ag\/pt\/nutricao-de-plantas\/qual-a-importancia-do-potassio-na-fertilidade-do-solo\/\">fertilidade do solo<\/a>. Elas geralmente utilizam mat\u00e9rias-primas que fornecem o pot\u00e1ssio inicialmente n\u00e3o-troc\u00e1vel, mas que, como j\u00e1 visto, \u00e9 tamb\u00e9m utilizado pelas plantas.<\/p>\n<p>Assim, entendendo as condi\u00e7\u00f5es do solo para poder fazer escolhas assertivas, como o uso de fertilizantes de libera\u00e7\u00e3o gradual e sem cloro, o agricultor otimiza a aduba\u00e7\u00e3o pot\u00e1ssica e ajuda a lavoura a se proteger a cana dos danos da geada.<\/p>\n<h2>A\u00e7\u00f5es preventivas e uma aduba\u00e7\u00e3o pot\u00e1ssica eficiente ajudam a reduzir o efeito da geada na cana-de-a\u00e7\u00facar<\/h2>\n<p>Embora o clima seja um fator que fuja do controle do agricultor, existem a\u00e7\u00f5es e estrat\u00e9gias que podem ser implementadas para evitar que as varia\u00e7\u00f5es extremas prejudiquem a lavoura. \u00c9 o caso do efeito da geada na cana-de-a\u00e7\u00facar.<\/p>\n<p>Al\u00e9m de a\u00e7\u00f5es de preven\u00e7\u00e3o relativas ao plantio e prote\u00e7\u00e3o do canavial, a aduba\u00e7\u00e3o pot\u00e1ssica eficiente pode ajudar a proteger o canavial e reduzir os danos. Para isso, o uso de fontes de pot\u00e1ssio adequadas, como <a href=\"https:\/\/blog.verde.ag\/pt\/produtos-da-verde\/entenda-o-que-e-o-k-forte-e-quais-beneficios-o-fertilizante-proporciona-para-a-agricultura\/\">aquelas de libera\u00e7\u00e3o gradual e sem cloro<\/a>, \u00e9 essencial!<\/p>\n","protected":false},"excerpt":{"rendered":"<p>Voc\u00ea sabia que atrav\u00e9s de estrat\u00e9gias utilizando o pot\u00e1ssio \u00e9 poss\u00edvel minimizar o efeito da geada na cana-de-a\u00e7\u00facar, reduzindo o preju\u00edzos para o agricultor?<\/p>\n","protected":false},"author":7,"featured_media":7678,"comment_status":"open","ping_status":"open","sticky":false,"template":"","format":"standard","meta":[],"categories":[197],"tags":[335,301,886,304,924,923,55],"_links":{"self":[{"href":"https:\/\/blog.verde.ag\/pt\/wp-json\/wp\/v2\/posts\/7677"}],"collection":[{"href":"https:\/\/blog.verde.ag\/pt\/wp-json\/wp\/v2\/posts"}],"about":[{"href":"https:\/\/blog.verde.ag\/pt\/wp-json\/wp\/v2\/types\/post"}],"author":[{"embeddable":true,"href":"https:\/\/blog.verde.ag\/pt\/wp-json\/wp\/v2\/users\/7"}],"replies":[{"embeddable":true,"href":"https:\/\/blog.verde.ag\/pt\/wp-json\/wp\/v2\/comments?post=7677"}],"version-history":[{"count":0,"href":"https:\/\/blog.verde.ag\/pt\/wp-json\/wp\/v2\/posts\/7677\/revisions"}],"wp:featuredmedia":[{"embeddable":true,"href":"https:\/\/blog.verde.ag\/pt\/wp-json\/wp\/v2\/media\/7678"}],"wp:attachment":[{"href":"https:\/\/blog.verde.ag\/pt\/wp-json\/wp\/v2\/media?parent=7677"}],"wp:term":[{"taxonomy":"category","embeddable":true,"href":"https:\/\/blog.verde.ag\/pt\/wp-json\/wp\/v2\/categories?post=7677"},{"taxonomy":"post_tag","embeddable":true,"href":"https:\/\/blog.verde.ag\/pt\/wp-json\/wp\/v2\/tags?post=7677"}],"curies":[{"name":"wp","href":"https:\/\/api.w.org\/{rel}","templated":true}]}}