{"id":7617,"date":"2022-07-13T18:41:39","date_gmt":"2022-07-13T21:41:39","guid":{"rendered":"https:\/\/blog.verde.ag\/pt\/?p=7617"},"modified":"2024-04-02T11:56:36","modified_gmt":"2024-04-02T14:56:36","slug":"qual-a-importancia-do-manganes-na-cultura-da-cana","status":"publish","type":"post","link":"https:\/\/blog.verde.ag\/pt\/culturas\/cana\/qual-a-importancia-do-manganes-na-cultura-da-cana\/","title":{"rendered":"Qual a import\u00e2ncia do mangan\u00eas na cultura da cana?"},"content":{"rendered":"<p>No ano de 1975, a cria\u00e7\u00e3o do Programa Nacional do \u00c1lcool ou Pro\u00e1lcool incentivou o desenvolvimento de diversas pesquisas com micronutrientes na cultura da cana-de-a\u00e7\u00facar,\u00a0incluindo\u00a0o mangan\u00eas.\u00a0Mas,\u00a0quais os resultados que esse nutriente vem proporcionando para a cana? Descubra quais s\u00e3o eles\u00a0e porque \u00e9 importante\u00a0fazer a inclus\u00e3o da aduba\u00e7\u00e3o com mangan\u00eas na cultura da cana!<\/p>\n<h2>Qual a fun\u00e7\u00e3o do mangan\u00eas na cultura da cana?<\/h2>\n<p>Entre os micronutrientes, o <a href=\"https:\/\/blog.verde.ag\/pt\/nutricao-de-plantas\/manganes-na-agricultura-qual-a-importancia-desse-micronutriente\/\">mangan\u00eas (Mn)<\/a> \u00e9 o segundo mais extra\u00eddo pela cana-de-a\u00e7\u00facar, uma cultura que j\u00e1 \u00e9 conhecida por extrair e acumular grandes quantidades de nutrientes dos solos.<\/p>\n<p>Entretanto, alguns os fatores fizeram com que a nutri\u00e7\u00e3o dos canaviais com micronutrientes, a exemplo do mangan\u00eas, se tornasse um desafio para muitos agricultores, como:<\/p>\n<ul>\n<li>A expans\u00e3o das \u00e1reas de cultivo para solos naturalmente deficientes em micronutrientes, como aqueles da regi\u00e3o dos cerrados;<\/li>\n<li>O desenvolvimento de cultivares altamente produtivas;<\/li>\n<li>A intensifica\u00e7\u00e3o das pr\u00e1ticas de manejo agr\u00edcola.<\/li>\n<\/ul>\n<p>Segundo os pesquisadores Est\u00eav\u00e3o V. Mellis e Jos\u00e9 A. Quaggio, a cana-de-a\u00e7\u00facar apresenta frequentemente o fen\u00f4meno da \u201cfome oculta\u201d em rela\u00e7\u00e3o aos micronutrientes. Quando isso acontece, as plantas t\u00eam a sua produtividade limitada mesmo sem sintomas aparentes de defici\u00eancia.<\/p>\n<p>\u00c9 o que eles ressaltam no estudo <em>Micronutrientes em cana-de-a\u00e7\u00facar:\u00a0 a fome oculta dos canaviais.<\/em><\/p>\n<p>Essa perda de produtividade est\u00e1 associada \u00e0s diversas fun\u00e7\u00f5es essenciais que o mangan\u00eas desempenha nas plantas, contribuindo para:<\/p>\n<ul>\n<li>S\u00edntese de prote\u00ednas, carboidratos e lip\u00eddeos;<\/li>\n<li>Funcionamento dos cloroplastos;<\/li>\n<li>Divis\u00e3o e extens\u00e3o celular;<\/li>\n<li>Processo de fotoss\u00edntese;<\/li>\n<li>Processo de respira\u00e7\u00e3o;<\/li>\n<li>Ativa\u00e7\u00e3o enzim\u00e1tica.<\/li>\n<\/ul>\n<p>No <a href=\"https:\/\/blog.verde.ag\/pt\/nutricao-de-plantas\/qual-e-a-importancia-do-manganes-na-fotossintese\/\">processo de fotoss\u00edntese<\/a>, por exemplo, o mangan\u00eas atua como um componente estrutural de um complexo respons\u00e1vel por realizar a fot\u00f3lise da \u00e1gua que forma o oxig\u00eanio molecular que ser\u00e1 liberado pelas plantas.<\/p>\n<p>Al\u00e9m disso, o mangan\u00eas tamb\u00e9m \u00e9 um micronutriente respons\u00e1vel pela ativa\u00e7\u00e3o e modula\u00e7\u00e3o da atividade de mais de 35 enzimas envolvidas com os mais diversos processos metab\u00f3licos vegetais.<\/p>\n<p>Mas, na pr\u00e1tica, o que essas diferentes fun\u00e7\u00f5es t\u00eam promovido de benef\u00edcios para a cultura da cana?<\/p>\n<div class=\"verde-content_3\" id=\"verde-1885679271\"><a class=\"text-color-btn\" href=\"https:\/\/wa.me\/5531999206297?text=Ol%C3%A1%2C%20vi%20o%20artigo%20no%20blog%20e%20gostaria%20de%20saber%20mais%20sobre%20os%20fertilizantes%20da%20Verde%20Agritech\" target=\"_blank\" rel=\"noopener noreferrer\">\r\n    <button class=\"btn-form-blog\">Quero revolucionar a produ\u00e7\u00e3o da minha lavoura<\/button>\r\n<\/a>\r\n\r\n<style>\r\n    .text-color-btn {\r\n        background-color: #38a38c;\r\n        color: #fff;\r\n        border: none;\r\n        border-radius: 20px;\r\n        cursor: pointer;\r\n        text-decoration: none; \/* Adicionado para evitar sublinhado no link *\/\r\n        display: inline-block;\r\n    }\r\n\r\n    .btn-form-blog {\r\n        padding: 14px;\r\n        background-color: #38a38c;\r\n        color: #fff;\r\n        border: none;\r\n        border-radius: 20px;\r\n        cursor: pointer;\r\n    }\r\n\r\n    .text-color-btn:hover {\r\n        background-color: #333;\r\n        transition: 0.4s;\r\n    }\r\n\r\n    .btn-form-blog:hover {\r\n        background-color: #333;\r\n        transition: 0.4s;\r\n    }\r\n\r\n    @media only screen and (max-width: 600px) {\r\n        .text-color-btn {\r\n            background-color: #38a38c;\r\n            color: #fff;\r\n        }\r\n        .btn-form-blog {\r\n            padding: 14px;\r\n            background-color: #38a38c;\r\n            color: #fff;\r\n        }\r\n    }\r\n<\/style><\/div><h2>A aduba\u00e7\u00e3o com mangan\u00eas na cultura da cana<\/h2>\n<p>Foi na d\u00e9cada de 60 que o Instituto Agron\u00f4mico de Campinas (IAC) impulsionou as primeiras pesquisas com micronutrientes em cana-de-a\u00e7\u00facar no Brasil.<\/p>\n<p>Uma das constata\u00e7\u00f5es da institui\u00e7\u00e3o foi de que os teores de micronutrientes dos <a href=\"https:\/\/blog.verde.ag\/pt\/nutricao-de-plantas\/composicao-do-solo-por-que-e-importante-conhecer-seu-solo\/\">solos<\/a> de diversas regi\u00f5es tradicionais de produ\u00e7\u00e3o de cana estavam extremamente baixos na maioria das \u00e1reas de produ\u00e7\u00e3o.<\/p>\n<p>Mesmo que micronutrientes como o mangan\u00eas sejam exigidos em pequenas quantidades, a aus\u00eancia de teores adequados pode limitar a produtividade das plantas.<\/p>\n<p>Isso porque, segundo a <a href=\"https:\/\/blog.verde.ag\/pt\/encontro-com-gigantes\/como-melhorar-a-fertilidade-do-solo-e-aumentar-a-produtividade-agricola\/\">Lei de Liebig<\/a>, ou Lei dos M\u00ednimos, a produtividade de uma lavoura \u00e9 limitada pela aus\u00eancia de qualquer um dos nutrientes essenciais para as plantas, mesmo que todos os outros estejam dispon\u00edveis em quantidades adequadas.<\/p>\n<div class=\"epyt-video-wrapper\"><iframe  id=\"_ytid_24559\"  width=\"1170\" height=\"658\"  data-origwidth=\"1170\" data-origheight=\"658\"  data-relstop=\"1\" src=\"https:\/\/www.youtube.com\/embed\/2IQDrnRX9g4?enablejsapi=1&#038;autoplay=0&#038;cc_load_policy=0&#038;cc_lang_pref=&#038;iv_load_policy=1&#038;loop=0&#038;modestbranding=1&#038;rel=0&#038;fs=1&#038;playsinline=0&#038;autohide=2&#038;theme=dark&#038;color=red&#038;controls=1&#038;\" class=\"__youtube_prefs__  epyt-is-override  no-lazyload\" title=\"YouTube player\"  allow=\"fullscreen; accelerometer; autoplay; clipboard-write; encrypted-media; gyroscope; picture-in-picture\" allowfullscreen data-no-lazy=\"1\" data-skipgform_ajax_framebjll=\"\"><\/iframe><\/div>\n<div style=\"display: inline-block; width: 100%; margin-top: -10px; text-align: center;\"><em style=\"font-size: 12px;\">Cada micronutriente \u00e9 muito importante para planta, contribuindo com diferentes fun\u00e7\u00f5es no metabolismo vegetal.<\/em><\/div>\n<p>Assim, diversas pesquisas come\u00e7aram a ser desenvolvidas pelo Brasil a fim compreender quais resultados a aduba\u00e7\u00e3o com mangan\u00eas poderia trazer para a cultura da cana.<\/p>\n<p>No estudo <em>Micronutrientes em cana-de-a\u00e7\u00facar:\u00a0 a fome oculta dos canaviais, <\/em>os pesquisadores Est\u00eav\u00e3o V. Mellis e Jos\u00e9 A. Quaggio observaram que a cana-planta apresentou ganhos expressivos de <a href=\"https:\/\/blog.verde.ag\/pt\/nutricao-de-plantas\/como-a-adubacao-potassica-pode-influenciar-a-produtividade-da-cana\/\">produtividade<\/a> com a aplica\u00e7\u00e3o de micronutrientes, independentemente do tipo de solo e da variedade empregada.<\/p>\n<p>Nesse contexto, a aduba\u00e7\u00e3o com mangan\u00eas proporcionou ganhos m\u00e9dios de produtividade de mais de 10%.<\/p>\n<p><img decoding=\"async\" class=\"alignnone size-full wp-image-7618 aligncenter\" src=\"https:\/\/blog.verde.ag\/pt\/wp-content\/uploads\/2022\/07\/Efeito-da-aplicacao-de-micronutrientes-em-cana-de-acucar..jpg\" alt=\"Efeito da aplica\u00e7\u00e3o de micronutrientes em cana-de-a\u00e7\u00facar.\" width=\"575\" height=\"430\" srcset=\"https:\/\/blog.verde.ag\/pt\/wp-content\/uploads\/2022\/07\/Efeito-da-aplicacao-de-micronutrientes-em-cana-de-acucar..jpg 575w, https:\/\/blog.verde.ag\/pt\/wp-content\/uploads\/2022\/07\/Efeito-da-aplicacao-de-micronutrientes-em-cana-de-acucar.-300x224.jpg 300w, https:\/\/blog.verde.ag\/pt\/wp-content\/uploads\/2022\/07\/Efeito-da-aplicacao-de-micronutrientes-em-cana-de-acucar.-150x112.jpg 150w\" sizes=\"(max-width: 575px) 100vw, 575px\" title=\"\"><\/p>\n<p style=\"text-align: center;\"><em style=\"font-size: 12px;\">Efeito da aplica\u00e7\u00e3o de micronutrientes em cana-de-a\u00e7\u00facar. (Fonte: MELLIS &amp; QUAGGIO, 2009)<\/em><\/p>\n<p>Tamb\u00e9m tem sido observado que a aduba\u00e7\u00e3o com mangan\u00eas pode influenciar positivamente diversos par\u00e2metros agron\u00f4micos desejados na cultura da cana-de-a\u00e7\u00facar, aumentando:<\/p>\n<ul>\n<li>O n\u00famero de intern\u00f3dios;<\/li>\n<li>O di\u00e2metro m\u00e9dio de colmos;<\/li>\n<li>O a\u00e7\u00facar total recuper\u00e1vel e tonelada de <em>pol;<\/em><\/li>\n<li>Os teores foliares de macro e micronutrientes;<\/li>\n<li>O ac\u00famulo de nutrientes nos colmos e na palhada;<\/li>\n<\/ul>\n<p>\u00c9 o que explicou o Engenheiro Agr\u00f4nomo Cleiton Gredson Sabin Benett, em seu estudo <em>Doses e fontes de mangan\u00eas na cultura da cana-de-a\u00e7\u00facar.<\/em><\/p>\n<p>Nesse sentido, para alguns desses par\u00e2metros, podem existir varia\u00e7\u00f5es dependendo da fase de corte da cana-de-a\u00e7\u00facar. Esse \u00e9 o caso, por exemplo, do ac\u00famulo de nutrientes na <a href=\"https:\/\/blog.verde.ag\/pt\/encontro-com-gigantes\/impactos-da-remocao-da-palha-em-lavouras-de-cana-para-producao-de-bioetanol\/\">palhada<\/a>, que pode ser diferente para cana planta e cana soca.<\/p>\n<p>No artigo <em>Fontes e doses de mangan\u00eas no ac\u00famulo de nutrientes na palhada em cana-de-a\u00e7\u00facar, <\/em>Cleiton Gredson Sabin Benett e outros pesquisadores observaram que na palhada da cana planta a aduba\u00e7\u00e3o com mangan\u00eas proporcionou maiores ac\u00famulos de <a href=\"https:\/\/blog.verde.ag\/pt\/nutricao-de-plantas\/qual-a-importancia-da-relacao-calcio-e-magnesio-no-solo\/\">c\u00e1lcio<\/a>, <a href=\"https:\/\/blog.verde.ag\/pt\/nutricao-de-plantas\/qual-e-a-funcao-do-magnesio-nas-plantas\/\">magn\u00e9sio<\/a>, <a href=\"https:\/\/blog.verde.ag\/pt\/nutricao-de-plantas\/enxofre-para-plantas-adubacao-e-sintomas-de-deficiencia\/\">enxofre<\/a> e mangan\u00eas, enquanto para cana soca foram acumulados maiores teores de c\u00e1lcio, ferro e mangan\u00eas.<\/p>\n<ul>\n<li>O n\u00famero de intern\u00f3dios;<\/li>\n<li>O di\u00e2metro m\u00e9dio de colmos;<\/li>\n<li>O a\u00e7\u00facar total recuper\u00e1vel e tonelada de pol;<\/li>\n<li>Os teores foliares de macro e micronutrientes;<\/li>\n<li>O ac\u00famulo de nutrientes nos colmos e na palhada;<\/li>\n<\/ul>\n<p>Tendo em mente esses cuidados e os diferentes resultados promissores da nutri\u00e7\u00e3o com mangan\u00eas, podemos perceber que a sua inclus\u00e3o no manejo pode proporcionar resultados muito positivos para a cultura da cana e o seu manejo adequado deve sempre ser priorizado nos programas de aduba\u00e7\u00e3o!<\/p>\n<h2>O bom manejo do mangan\u00eas \u00e9 muito importante para a cultura da cana<\/h2>\n<p>Em resumo, podemos perceber que o mangan\u00eas \u00e9 um nutriente muito importante para a cana-de-a\u00e7\u00facar, contribuindo com diversas fun\u00e7\u00f5es essenciais que podem impactar diretamente na produtividade e qualidade da cultura.<\/p>\n<p>Assim, a ado\u00e7\u00e3o de diferentes boas pr\u00e1ticas de manejo, associadas ao uso de <a href=\"https:\/\/blog.verde.ag\/pt\/produtos-da-verde\/entenda-o-que-e-o-baks-e-as-suas-vantagens-para-uma-nova-agricultura\/\">fontes de mangan\u00eas adequadas<\/a> no canavial, ir\u00e1 proporcionar o melhor aproveitamento dos diferentes benef\u00edcios que esse nutriente pode proporcionar para a cultura da cana!<\/p>\n<div class=\"shortcode_mobile\"><!--mobile-->\r\n<p><a href=\"https:\/\/conteudo.verde.ag\/baks-fertilizante\/?utm_source=blog&amp;utm_campaign=Blog||Artigo&amp;utm_adset_name=BAKS-BANNER-MOBILE\" target=\"_blank\" rel=\"noopener\"><img class=\"alignnone size-full wp-image-10080\" src=\"https:\/\/blog.verde.ag\/pt\/wp-content\/uploads\/2024\/04\/BAKS_Banner_Mobile.jpg\" alt=\"-\" width=\"800\" height=\"400\" title=\"\"><\/a><\/p>\r\n<\/div>\r\n<div class=\"shortcode_desktop\"><!--desktop-->\r\n<p><a href=\"https:\/\/conteudo.verde.ag\/baks-fertilizante\/?utm_source=blog&amp;utm_campaign=Blog||Artigo&amp;utm_adset_name=BAKS-BANNER-DESKTOP\" target=\"_blank\" rel=\"noopener\"><img class=\"alignnone size-full wp-image-10080\" src=\"https:\/\/blog.verde.ag\/pt\/wp-content\/uploads\/2024\/04\/BAKS_Banner_Desktop.jpg\" alt=\"-\" width=\"800\" height=\"200\" title=\"\"><\/a><\/p>\r\n<\/div>\r\n\n","protected":false},"excerpt":{"rendered":"<p>A aduba\u00e7\u00e3o com mangan\u00eas na cultura da cana-de-a\u00e7\u00facar pode ter influ\u00eancia positiva sobre par\u00e2metros importantes. Descubra a import\u00e2ncia do mangan\u00eas na cana!<\/p>\n","protected":false},"author":7,"featured_media":3800,"comment_status":"open","ping_status":"open","sticky":false,"template":"","format":"standard","meta":[],"categories":[17,197],"tags":[731,399,885,724],"_links":{"self":[{"href":"https:\/\/blog.verde.ag\/pt\/wp-json\/wp\/v2\/posts\/7617"}],"collection":[{"href":"https:\/\/blog.verde.ag\/pt\/wp-json\/wp\/v2\/posts"}],"about":[{"href":"https:\/\/blog.verde.ag\/pt\/wp-json\/wp\/v2\/types\/post"}],"author":[{"embeddable":true,"href":"https:\/\/blog.verde.ag\/pt\/wp-json\/wp\/v2\/users\/7"}],"replies":[{"embeddable":true,"href":"https:\/\/blog.verde.ag\/pt\/wp-json\/wp\/v2\/comments?post=7617"}],"version-history":[{"count":0,"href":"https:\/\/blog.verde.ag\/pt\/wp-json\/wp\/v2\/posts\/7617\/revisions"}],"wp:featuredmedia":[{"embeddable":true,"href":"https:\/\/blog.verde.ag\/pt\/wp-json\/wp\/v2\/media\/3800"}],"wp:attachment":[{"href":"https:\/\/blog.verde.ag\/pt\/wp-json\/wp\/v2\/media?parent=7617"}],"wp:term":[{"taxonomy":"category","embeddable":true,"href":"https:\/\/blog.verde.ag\/pt\/wp-json\/wp\/v2\/categories?post=7617"},{"taxonomy":"post_tag","embeddable":true,"href":"https:\/\/blog.verde.ag\/pt\/wp-json\/wp\/v2\/tags?post=7617"}],"curies":[{"name":"wp","href":"https:\/\/api.w.org\/{rel}","templated":true}]}}