{"id":5328,"date":"2021-12-16T21:16:44","date_gmt":"2021-12-17T00:16:44","guid":{"rendered":"https:\/\/blog.verde.ag\/pt\/?p=5328"},"modified":"2024-04-19T15:16:59","modified_gmt":"2024-04-19T18:16:59","slug":"agricultor-de-indianopolis-mg-fala-sobre-os-beneficios-do-k-forte-para-a-lavoura","status":"publish","type":"post","link":"https:\/\/blog.verde.ag\/pt\/resultados-de-produtos\/agricultor-de-indianopolis-mg-fala-sobre-os-beneficios-do-k-forte-para-a-lavoura\/","title":{"rendered":"Agricultor de Indian\u00f3polis \u2013 MG fala sobre os benef\u00edcios do K Forte\u00ae para a lavoura"},"content":{"rendered":"<p>Lucio Ant\u00f4nio Pereira de Rezende \u00e9 agricultor no munic\u00edpio de Indian\u00f3polis, Minas Gerais. Em sua propriedade, ele cultiva banana, braqui\u00e1ria e seringueira. Depois de conhecer o K Forte<sup>\u00ae<\/sup>, ele resolveu experimentar o fertilizante multinutriente da Verde no manejo nutricional das suas lavouras. Descubra os benef\u00edcios que o K Forte<sup>\u00ae<\/sup> trouxe para as lavouras de Lucio Ant\u00f4nio!<\/p>\n<h2><strong>Conhecendo uma nova fonte de pot\u00e1ssio<\/strong><\/h2>\n<p>Lucio Ant\u00f4nio Pereira de Rezende \u00e9 filho de fazendeiros, tendo sido criado no meio rural. Hoje, ele realiza o cultivo de banana, braqui\u00e1ria e seringueira em sua propriedade no munic\u00edpio de Indian\u00f3polis, Minas Gerais.<\/p>\n<p>Durante um dia de campo realizado no munic\u00edpio de Delfin\u00f3polis, ele foi apresentado ao <a href=\"https:\/\/blog.verde.ag\/pt\/produtos-da-verde\/entenda-o-que-e-o-k-forte-e-quais-beneficios-o-fertilizante-proporciona-para-a-agricultura\/\">K Forte<sup>\u00ae<\/sup><\/a>.<\/p>\n<div class=\"shortcode_mobile\"><!--mobile-->\r\n<p><a href=\"https:\/\/conteudo.verde.ag\/kforte-fertilizante\/?utm_source=blog&amp;utm_campaign=Blog||Artigo&amp;utm_adset_name=banner&amp;utm_content=KFORTE-BANNER-MOBILE\" target=\"_blank\" rel=\"noopener\"><img class=\"alignnone size-full wp-image-10080\" src=\"https:\/\/blog.verde.ag\/pt\/wp-content\/uploads\/2024\/04\/KForte_Banner_Mobile.jpg\" alt=\"-\" width=\"800\" height=\"400\" title=\"\"><\/a><\/p>\r\n<\/div>\r\n<div class=\"shortcode_desktop\"><!--desktop-->\r\n<p><a href=\"https:\/\/conteudo.verde.ag\/kforte-fertilizante\/?utm_source=blog&amp;utm_campaign=Blog||Artigo&amp;utm_adset_name=banner&amp;utm_content=KFORTE-BANNER-DESKTOP\" target=\"_blank\" rel=\"noopener\"><img class=\"alignnone size-full wp-image-10080\" src=\"https:\/\/blog.verde.ag\/pt\/wp-content\/uploads\/2024\/04\/KForte_Banner_Desktop1.jpg\" alt=\"-\" width=\"800\" height=\"200\" title=\"\"><\/a><\/p>\r\n<\/div>\n<p>Lucio Ant\u00f4nio conta que o fertilizante multinutriente da Verde chamou a sua aten\u00e7\u00e3o e ele decidiu inclu\u00ed-lo no manejo nutricional da sua lavoura:<\/p>\n<p>\u201cEu pensei: esse produto vai dar certo para a banana, porque <a href=\"https:\/\/blog.verde.ag\/pt\/nutricao-de-plantas\/conheca-os-principais-os-sintomas-da-deficiencia-de-potassio-na-banana\/\">a banana exige muito pot\u00e1ssio<\/a>. E n\u00f3s jogamos, e realmente as plantas agradeceram. A planta fica mais bonita, mais formosa, um verde mais alegre, mais saud\u00e1vel.&#8221;<\/p>\n<p>Mas, al\u00e9m da melhoria na apar\u00eancia, quais foram os benef\u00edcios que o K Forte<sup>\u00ae<\/sup> trouxe para a lavoura de Lucio Ant\u00f4nio?<\/p>\n<div class=\"verde-content_3\" id=\"verde-3625637304\"><a class=\"text-color-btn\" href=\"https:\/\/wa.me\/5531999206297?text=Ol%C3%A1%2C%20vi%20o%20artigo%20no%20blog%20e%20gostaria%20de%20saber%20mais%20sobre%20os%20fertilizantes%20da%20Verde%20Agritech\" target=\"_blank\" rel=\"noopener noreferrer\">\r\n    <button class=\"btn-form-blog\">Quero revolucionar a produ\u00e7\u00e3o da minha lavoura<\/button>\r\n<\/a>\r\n\r\n<style>\r\n    .text-color-btn {\r\n        background-color: #38a38c;\r\n        color: #fff;\r\n        border: none;\r\n        border-radius: 20px;\r\n        cursor: pointer;\r\n        text-decoration: none; \/* Adicionado para evitar sublinhado no link *\/\r\n        display: inline-block;\r\n    }\r\n\r\n    .btn-form-blog {\r\n        padding: 14px;\r\n        background-color: #38a38c;\r\n        color: #fff;\r\n        border: none;\r\n        border-radius: 20px;\r\n        cursor: pointer;\r\n    }\r\n\r\n    .text-color-btn:hover {\r\n        background-color: #333;\r\n        transition: 0.4s;\r\n    }\r\n\r\n    .btn-form-blog:hover {\r\n        background-color: #333;\r\n        transition: 0.4s;\r\n    }\r\n\r\n    @media only screen and (max-width: 600px) {\r\n        .text-color-btn {\r\n            background-color: #38a38c;\r\n            color: #fff;\r\n        }\r\n        .btn-form-blog {\r\n            padding: 14px;\r\n            background-color: #38a38c;\r\n            color: #fff;\r\n        }\r\n    }\r\n<\/style><\/div><h2><strong>O K Forte<sup>\u00ae <\/sup>favoreceu a produtividade da lavoura<\/strong><\/h2>\n<p>Lucio Ant\u00f4nio Rezende relata que, com o uso do K Forte<sup>\u00ae<\/sup>, a produtividade da sua propriedade aumentou em pelo menos 10%. Ele ainda destacou as qualidades do fertilizante multinutriente da Verde:<\/p>\n<p>&#8220;\u00c9 um pot\u00e1ssio sem cloro, isso que \u00e9 uma riqueza do produto. Al\u00e9m de ser rico em sil\u00edcio, magn\u00e9sio&#8230; Ent\u00e3o isso \u00e9 bom!&#8221;<\/p>\n<p>De fato, gra\u00e7as \u00e0 sua mat\u00e9ria-prima, o K Forte<sup>\u00ae<\/sup> consegue nutrir a lavoura com pot\u00e1ssio, sil\u00edcio, magn\u00e9sio e mangan\u00eas. O pot\u00e1ssio \u00e9 um macronutriente prim\u00e1rio, ou seja, requerido em grandes quantidades pelas culturas.<\/p>\n<p>Na banana, o pot\u00e1ssio muito importante para a produ\u00e7\u00e3o e para a qualidade de frutos, contribuindo para matura\u00e7\u00e3o uniforme, melhoria do sabor e na longevidade <a href=\"https:\/\/blog.verde.ag\/pt\/consultores-do-agro\/impactos-da-adubacao-potassica-e-da-conservacao-pos-colheita-na-produtividade-da-banana\/\">p\u00f3s-colheita<\/a> dos frutos. Toda essa import\u00e2ncia faz com que ele seja o nutriente mais requerido pela cultura.<\/p>\n<blockquote class=\"instagram-media\" style=\"background: #FFF; border: 0; border-radius: 3px; box-shadow: 0 0 1px 0 rgba(0,0,0,0.5),0 1px 10px 0 rgba(0,0,0,0.15); margin: 1px; max-width: 540px; min-width: 326px; padding: 0; width: calc(100% - 2px);\" data-instgrm-permalink=\"https:\/\/www.instagram.com\/p\/CUSfxAHsyEW\/?utm_source=ig_embed&amp;utm_campaign=loading\" data-instgrm-version=\"14\">\n<div style=\"padding: 16px;\">\n<p>&nbsp;<\/p>\n<div style=\"display: flex; flex-direction: row; align-items: center;\">\n<div style=\"background-color: #f4f4f4; border-radius: 50%; flex-grow: 0; height: 40px; margin-right: 14px; width: 40px;\"><\/div>\n<div style=\"display: flex; flex-direction: column; flex-grow: 1; justify-content: center;\">\n<div style=\"background-color: #f4f4f4; border-radius: 4px; flex-grow: 0; height: 14px; margin-bottom: 6px; width: 100px;\"><\/div>\n<div style=\"background-color: #f4f4f4; border-radius: 4px; flex-grow: 0; height: 14px; width: 60px;\"><\/div>\n<\/div>\n<\/div>\n<div style=\"padding: 19% 0;\"><\/div>\n<div style=\"display: block; height: 50px; margin: 0 auto 12px; width: 50px;\"><\/div>\n<div style=\"padding-top: 8px;\">\n<div style=\"color: #3897f0; font-family: Arial,sans-serif; font-size: 14px; font-style: normal; font-weight: 550; line-height: 18px;\">Ver esta publica\u00e7\u00e3o no Instagram<\/div>\n<\/div>\n<div style=\"padding: 12.5% 0;\"><\/div>\n<div style=\"display: flex; flex-direction: row; margin-bottom: 14px; align-items: center;\">\n<div>\n<div style=\"background-color: #f4f4f4; border-radius: 50%; height: 12.5px; width: 12.5px; transform: translateX(0px) translateY(7px);\"><\/div>\n<div style=\"background-color: #f4f4f4; height: 12.5px; transform: rotate(-45deg) translateX(3px) translateY(1px); width: 12.5px; flex-grow: 0; margin-right: 14px; margin-left: 2px;\"><\/div>\n<div style=\"background-color: #f4f4f4; border-radius: 50%; height: 12.5px; width: 12.5px; transform: translateX(9px) translateY(-18px);\"><\/div>\n<\/div>\n<div style=\"margin-left: 8px;\">\n<div style=\"background-color: #f4f4f4; border-radius: 50%; flex-grow: 0; height: 20px; width: 20px;\"><\/div>\n<div style=\"width: 0; height: 0; border-top: 2px solid transparent; border-left: 6px solid #f4f4f4; border-bottom: 2px solid transparent; transform: translateX(16px) translateY(-4px) rotate(30deg);\"><\/div>\n<\/div>\n<div style=\"margin-left: auto;\">\n<div style=\"width: 0px; border-top: 8px solid #F4F4F4; border-right: 8px solid transparent; transform: translateY(16px);\"><\/div>\n<div style=\"background-color: #f4f4f4; flex-grow: 0; height: 12px; width: 16px; transform: translateY(-4px);\"><\/div>\n<div style=\"width: 0; height: 0; border-top: 8px solid #F4F4F4; border-left: 8px solid transparent; transform: translateY(-4px) translateX(8px);\"><\/div>\n<\/div>\n<\/div>\n<div style=\"display: flex; flex-direction: column; flex-grow: 1; justify-content: center; margin-bottom: 24px;\">\n<div style=\"background-color: #f4f4f4; border-radius: 4px; flex-grow: 0; height: 14px; margin-bottom: 6px; width: 224px;\"><\/div>\n<div style=\"background-color: #f4f4f4; border-radius: 4px; flex-grow: 0; height: 14px; width: 144px;\"><\/div>\n<\/div>\n<p>&nbsp;<\/p>\n<p style=\"color: #c9c8cd; font-family: Arial,sans-serif; font-size: 14px; line-height: 17px; margin-bottom: 0; margin-top: 8px; overflow: hidden; padding: 8px 0 7px; text-align: center; text-overflow: ellipsis; white-space: nowrap;\"><a style=\"color: #c9c8cd; font-family: Arial,sans-serif; font-size: 14px; font-style: normal; font-weight: normal; line-height: 17px; text-decoration: none;\" href=\"https:\/\/www.instagram.com\/p\/CUSfxAHsyEW\/?utm_source=ig_embed&amp;utm_campaign=loading\" target=\"_blank\" rel=\"noopener nofollow\">Uma publica\u00e7\u00e3o partilhada por Verde AgriTech (@verdeagritech)<\/a><\/p>\n<\/div>\n<\/blockquote>\n<p><script async src=\"\/\/www.instagram.com\/embed.js\"><\/script><\/p>\n<p style=\"text-align: left;\"><em style=\"font-size: 12px;\">O pot\u00e1ssio e o nitrog\u00eanio s\u00e3o os nutrientes mais exigidos pela bananeira.<\/em><\/p>\n<p>J\u00e1 o <a href=\"https:\/\/blog.verde.ag\/pt\/nutricao-de-plantas\/conheca-cinco-beneficios-do-uso-do-silicio-como-fertilizante\/\">sil\u00edcio<\/a> \u00e9 um elemento que \u00e9 considerado como ben\u00e9fico para as plantas. Isso significa que, embora ele n\u00e3o seja essencial, o seu acr\u00e9scimo nos programas de aduba\u00e7\u00e3o pode trazer benef\u00edcios para as lavouras.<\/p>\n<p>Um desses benef\u00edcios do sil\u00edcio \u00e9 a melhoria da resist\u00eancia contra pragas e doen\u00e7as. Lucio Ant\u00f4nio relata que, ap\u00f3s incluir o K Forte<sup>\u00ae<\/sup> no manejo nutricional, devido aos benef\u00edcios proporcionados pelo sil\u00edcio, ele conseguiu manejar melhor as pragas e doen\u00e7as da lavoura:<\/p>\n<p>\u201cEla fica mais resistente a doen\u00e7as e ficou mais bonita de folha. Eu diminu\u00ed a pulveriza\u00e7\u00e3o e esse ano passou tranquilo. N\u00f3s tivemos problemas s\u00f3 com mosca de renda, mas n\u00e3o teve que aplicar fungicida nem nada.\u201d<\/p>\n<p>O <a href=\"https:\/\/blog.verde.ag\/pt\/encontro-com-gigantes\/beneficios-do-silicio-para-plantas\/\">Prof. Fabr\u00edcio de \u00c1vila Rodrigues<\/a>, uma das maiores autoridades mundiais na pesquisa em sil\u00edcio na agricultura, e outros pesquisadores, explicam como o sil\u00edcio melhora a resist\u00eancia contra pragas e doen\u00e7as, no artigo <em>Sil\u00edcio: um elemento ben\u00e9fico e importante para as plantas<\/em>:<\/p>\n<p>\u201cO \u00e1cido monossil\u00edcico, depois de absorvido pelas plantas, \u00e9 depositado principalmente nas paredes das c\u00e9lulas da epiderme, contribuindo substancialmente para fortalecer a estrutura das plantas e aumentar a resist\u00eancia ao acamamento e ao ataque de pragas e doen\u00e7as, al\u00e9m de diminuir a transpira\u00e7\u00e3o.\u201d<\/p>\n<p>Somado ao magn\u00e9sio, que \u00e9 um macronutriente secund\u00e1rio, e o mangan\u00eas, que \u00e9 um micronutriente, o manejo nutricional com o K Forte<sup>\u00ae<\/sup> \u00e9 mais completo e otimizado.<\/p>\n<p>E qual a vantagem do K Forte<sup>\u00ae<\/sup> ser um fertilizante livre de cloro?<\/p>\n<h2><strong>As vantagens dos fertilizantes que n\u00e3o t\u00eam excesso de cloro<\/strong><\/h2>\n<p>O cloro \u00e9 um micronutriente, ou seja, ele \u00e9 essencial para que as plantas se desenvolvam adequadamente. Todavia, ele \u00e9 necess\u00e1rio em quantidades muito pequenas, que normalmente o pr\u00f3prio solo j\u00e1 fornece para elas.<\/p>\n<p>Assim, o excesso de cloro presente em alguns fertilizantes, como o <a href=\"https:\/\/blog.verde.ag\/pt\/nutricao-de-plantas\/cinco-pontos-para-entender-para-que-serve-o-cloreto-de-potassio-e-suas-limitacoes-na-agricultura\/\">Cloreto de Pot\u00e1ssio (KCl)<\/a>, que \u00e9 composto por cerca de 47% de cloro, pode fazer com que haja problemas para as plantas e para o solo.<\/p>\n<p>Nas plantas, o excesso de cloro traz sintomas de toxidez, como a clorose, ou o amarelamento das folhas. J\u00e1 no solo, observa-se problemas como o aumento da salinidade e da compacta\u00e7\u00e3o, o que prejudica o desenvolvimento do sistema radicular e, em consequ\u00eancia, das plantas.<\/p>\n<p>Outro efeito do excesso de cloro \u00e9 o preju\u00edzo da sa\u00fade biol\u00f3gica do solo. Os microrganismos s\u00e3o, em sua maioria, ben\u00e9ficos e desempenham diversas fun\u00e7\u00f5es importantes no agroecossistema, como a <a href=\"https:\/\/blog.verde.ag\/pt\/nutricao-de-plantas\/bacillus-aryabhattai-conheca-este-microrganismo-e-seus-beneficios-para-a-agricultura\/\">disponibiliza\u00e7\u00e3o de nutrientes<\/a> e a <a href=\"https:\/\/blog.verde.ag\/pt\/tecnicas-agricolas\/saiba-como-a-tecnica-da-biorremediacao-do-solo-torna-a-agricultura-mais-sustentavel\/\">biorremedia\u00e7\u00e3o do solo<\/a>.<\/p>\n<p>O avan\u00e7o das pesquisas tem permitido que se descubram cada vez mais vantagens de se manter a sa\u00fade biol\u00f3gica do solo, j\u00e1 que as plantas e os microrganismos muitas vezes formam rela\u00e7\u00f5es de simbiose, permitindo, por exemplo, que haja melhoria na resist\u00eancia aos estresses h\u00eddricos.<\/p>\n<p>Assim, o uso de fertilizantes que n\u00e3o adicionem altas doses de cloro no solo, favorece o agroecosssistema, melhorando a sa\u00fade do solo, a produtividade e a rentabilidade da lavoura.<\/p>\n<p>Lucio Ant\u00f4nio conta que al\u00e9m de aplicar o K Forte<sup>\u00ae<\/sup>, que \u00e9 livre de cloro, na banana, tamb\u00e9m experimentou o fertilizante multinutriente da Verde nas outras culturas da sua propriedade, como a braqui\u00e1ria e tem aprovado os resultados. Segundo ele, os resultados s\u00e3o vis\u00edveis:<\/p>\n<p>\u201cO K Forte<sup>\u00ae<\/sup> \u00e9 um excelente produto! Quem usa v\u00ea o resultado a olho, n\u00e9? A gente v\u00ea o resultado e a gente fica feliz. V\u00ea as plantas felizes a gente fica feliz. Pode usar tranquilo: quem usa, recomenda!\u201d<\/p>\n<p>Veja o depoimento completo de Lucio Ant\u00f4nio Pereira de Rezende:<\/p>\n<div class=\"epyt-video-wrapper\"><iframe  id=\"_ytid_93841\"  width=\"1170\" height=\"658\"  data-origwidth=\"1170\" data-origheight=\"658\"  data-relstop=\"1\" src=\"https:\/\/www.youtube.com\/embed\/kqCjgIuYf8Q?enablejsapi=1&#038;autoplay=0&#038;cc_load_policy=0&#038;cc_lang_pref=&#038;iv_load_policy=1&#038;loop=0&#038;modestbranding=1&#038;rel=0&#038;fs=1&#038;playsinline=0&#038;autohide=2&#038;theme=dark&#038;color=red&#038;controls=1&#038;\" class=\"__youtube_prefs__  epyt-is-override  no-lazyload\" title=\"YouTube player\"  allow=\"fullscreen; accelerometer; autoplay; clipboard-write; encrypted-media; gyroscope; picture-in-picture\" allowfullscreen data-no-lazy=\"1\" data-skipgform_ajax_framebjll=\"\"><\/iframe><\/div>\n<p>&nbsp;<\/p>\n<h2><strong>K Forte<sup>\u00ae<\/sup>: fonte de pot\u00e1ssio eficiente e com nutrientes que otimizam o manejo<\/strong><\/h2>\n<p>A experi\u00eancia de Lucio Ant\u00f4nio mostra que o K Forte<sup>\u00ae <\/sup>\u00e9 uma fonte de pot\u00e1ssio eficiente, tendo impactos positivos na cultura da banana.<\/p>\n<p>Outra vantagem do fertilizante multinutriente da Verde \u00e9 que ele \u00e9 fonte de sil\u00edcio. Esse elemento \u00e9 ben\u00e9fico para as plantas, ajudando a melhorar, por exemplo, a resist\u00eancia aos <a href=\"https:\/\/blog.verde.ag\/pt\/manejo-de-pragas-e-doencas\/como-o-silicio-atua-na-defesa-das-plantas-contra-pragas-doencas-e-outros-estresses\/\">estresses bi\u00f3ticos<\/a>.<\/p>\n<p>Al\u00e9m disso K Forte<sup>\u00ae<\/sup> fornece magn\u00e9sio e mangan\u00eas, tornando o manejo nutricional mais completo. E, por ser livre de cloro, a sa\u00fade da microbiota do solo \u00e9 favorecida, potencializando <a href=\"https:\/\/blog.verde.ag\/pt\/nutricao-de-plantas\/por-que-os-microrganismos-sao-a-chave-para-a-nova-revolucao-verde\/\">os benef\u00edcios que os microrganismos trazem<\/a> para o solo e para as plantas!<\/p>\n","protected":false},"excerpt":{"rendered":"<p>Saiba como Lucio Ant\u00f4nio Pereira de Rezende, agricultor no munic\u00edpio de Indian\u00f3polis &#8211; MG, melhorou o manejo nutricional de suas lavouras como o K Forte\u00ae!<\/p>\n","protected":false},"author":7,"featured_media":5341,"comment_status":"open","ping_status":"open","sticky":false,"template":"","format":"standard","meta":[],"categories":[195,727],"tags":[887,72,405,264],"_links":{"self":[{"href":"https:\/\/blog.verde.ag\/pt\/wp-json\/wp\/v2\/posts\/5328"}],"collection":[{"href":"https:\/\/blog.verde.ag\/pt\/wp-json\/wp\/v2\/posts"}],"about":[{"href":"https:\/\/blog.verde.ag\/pt\/wp-json\/wp\/v2\/types\/post"}],"author":[{"embeddable":true,"href":"https:\/\/blog.verde.ag\/pt\/wp-json\/wp\/v2\/users\/7"}],"replies":[{"embeddable":true,"href":"https:\/\/blog.verde.ag\/pt\/wp-json\/wp\/v2\/comments?post=5328"}],"version-history":[{"count":0,"href":"https:\/\/blog.verde.ag\/pt\/wp-json\/wp\/v2\/posts\/5328\/revisions"}],"wp:featuredmedia":[{"embeddable":true,"href":"https:\/\/blog.verde.ag\/pt\/wp-json\/wp\/v2\/media\/5341"}],"wp:attachment":[{"href":"https:\/\/blog.verde.ag\/pt\/wp-json\/wp\/v2\/media?parent=5328"}],"wp:term":[{"taxonomy":"category","embeddable":true,"href":"https:\/\/blog.verde.ag\/pt\/wp-json\/wp\/v2\/categories?post=5328"},{"taxonomy":"post_tag","embeddable":true,"href":"https:\/\/blog.verde.ag\/pt\/wp-json\/wp\/v2\/tags?post=5328"}],"curies":[{"name":"wp","href":"https:\/\/api.w.org\/{rel}","templated":true}]}}