{"id":4082,"date":"2021-08-17T21:54:26","date_gmt":"2021-08-18T00:54:26","guid":{"rendered":"https:\/\/blog.verde.ag\/pt\/?p=4082"},"modified":"2024-03-15T10:44:25","modified_gmt":"2024-03-15T13:44:25","slug":"conheca-cinco-beneficios-do-uso-do-silicio-como-fertilizante","status":"publish","type":"post","link":"https:\/\/blog.verde.ag\/pt\/nutricao-de-plantas\/conheca-cinco-beneficios-do-uso-do-silicio-como-fertilizante\/","title":{"rendered":"Conhe\u00e7a cinco benef\u00edcios do uso do sil\u00edcio como fertilizante"},"content":{"rendered":"<p>O sil\u00edcio \u00e9 um elemento ben\u00e9fico com amplo potencial na agricultura, sendo absorvido pelas plantas na forma de \u00e1cido monossil\u00edcico (H<sub>4<\/sub>SiO<sub>4<\/sub>). Mas como ele ajuda a melhorar a lavoura? Conhe\u00e7a os cinco principais benef\u00edcios que uso do sil\u00edcio como fertilizante pode proporcionar para diferentes culturas.<\/p>\n<h2><strong>Os benef\u00edcios do uso de fertilizantes com sil\u00edcio<\/strong><\/h2>\n<p>O sil\u00edcio (Si) \u00e9 reconhecido como um elemento ben\u00e9fico pela comunidade cient\u00edfica desde 2015. De acordo com o <em>Jornal Informa\u00e7\u00f5es Agron\u00f4micas 134,<\/em> do <em>International Plant Nutrition Institute (IPNI)<\/em>, ele oferece diversos benef\u00edcios para crescimento, prote\u00e7\u00e3o e metabolismo das plantas. Mas, quais s\u00e3o esses benef\u00edcios?<\/p>\n<h3><strong>1. Reduz os efeitos dos estresses abi\u00f3ticos<\/strong><\/h3>\n<p>Os estresses abi\u00f3ticos s\u00e3o um grande desafio que os agricultores enfrentam no campo. Eles s\u00e3o causados por condi\u00e7\u00f5es ambientais adversas, como a <a href=\"https:\/\/blog.verde.ag\/pt\/nutricao-de-plantas\/como-proteger-o-cafeeiro-na-seca\/\">seca<\/a>. De acordo com o boletim <em>Monitoramento de secas e impactos no Brasil, <\/em>n\u00ba 37, em junho de 2021, esse fen\u00f4meno j\u00e1 afetava quase 200 milh\u00f5es de hectares no Brasil.<\/p>\n<p>Na pesquisa<em> Efeito da acumula\u00e7\u00e3o de sil\u00edcio e a toler\u00e2ncia das plantas de arroz de sequeiro ao d\u00e9ficit h\u00eddrico do solo, <\/em>R. Faria observou que quanto maior a condi\u00e7\u00e3o de <a href=\"https:\/\/blog.verde.ag\/pt\/nutricao-de-plantas\/entenda-como-o-silicio-reduz-os-danos-causados-pelo-estresse-hidrico\/\">estresse h\u00eddrico<\/a>, maior foi a resposta (produ\u00e7\u00e3o de gr\u00e3os) das plantas ao sil\u00edcio.<\/p>\n<p>Uma das possibilidades para explicar a a\u00e7\u00e3o do sil\u00edcio na redu\u00e7\u00e3o dos danos causados pelo estresse h\u00eddrico \u00e9 o fortalecimento dos tecidos vegetais, que evita a perda excessiva de \u00e1gua pela planta pelo processo de transpira\u00e7\u00e3o.<\/p>\n<p>Al\u00e9m disso, tamb\u00e9m vem sendo observado o potencial do Si para promover a resist\u00eancia das plantas a condi\u00e7\u00f5es de estresse salino. O excesso de sais presentes no solo pode afetar diretamente a produtividade das culturas por interferir\u00a0 no processo de absor\u00e7\u00e3o de \u00e1gua pelas plantas.<\/p>\n<blockquote class=\"instagram-media\" style=\"background: #FFF; border: 0; border-radius: 3px; box-shadow: 0 0 1px 0 rgba(0,0,0,0.5),0 1px 10px 0 rgba(0,0,0,0.15); margin: 1px; max-width: 540px; min-width: 326px; padding: 0; width: calc(100% - 2px);\" data-instgrm-permalink=\"https:\/\/www.instagram.com\/p\/CR9XaOIHGD6\/?utm_source=ig_embed&amp;utm_campaign=loading\" data-instgrm-version=\"13\">\n<div style=\"padding: 16px;\">\n<p>&nbsp;<\/p>\n<div style=\"display: flex; flex-direction: row; align-items: center;\">\n<div style=\"background-color: #f4f4f4; border-radius: 50%; flex-grow: 0; height: 40px; margin-right: 14px; width: 40px;\"><\/div>\n<div style=\"display: flex; flex-direction: column; flex-grow: 1; justify-content: center;\">\n<div style=\"background-color: #f4f4f4; border-radius: 4px; flex-grow: 0; height: 14px; margin-bottom: 6px; width: 100px;\"><\/div>\n<div style=\"background-color: #f4f4f4; border-radius: 4px; flex-grow: 0; height: 14px; width: 60px;\"><\/div>\n<\/div>\n<\/div>\n<div style=\"padding: 19% 0;\"><\/div>\n<div style=\"display: block; height: 50px; margin: 0 auto 12px; width: 50px;\"><\/div>\n<div style=\"padding-top: 8px;\">\n<div style=\"color: #3897f0; font-family: Arial,sans-serif; font-size: 14px; font-style: normal; font-weight: 550; line-height: 18px;\">Ver essa foto no Instagram<\/div>\n<\/div>\n<div style=\"padding: 12.5% 0;\"><\/div>\n<div style=\"display: flex; flex-direction: row; margin-bottom: 14px; align-items: center;\">\n<div>\n<div style=\"background-color: #f4f4f4; border-radius: 50%; height: 12.5px; width: 12.5px; transform: translateX(0px) translateY(7px);\"><\/div>\n<div style=\"background-color: #f4f4f4; height: 12.5px; transform: rotate(-45deg) translateX(3px) translateY(1px); width: 12.5px; flex-grow: 0; margin-right: 14px; margin-left: 2px;\"><\/div>\n<div style=\"background-color: #f4f4f4; border-radius: 50%; height: 12.5px; width: 12.5px; transform: translateX(9px) translateY(-18px);\"><\/div>\n<\/div>\n<div style=\"margin-left: 8px;\">\n<div style=\"background-color: #f4f4f4; border-radius: 50%; flex-grow: 0; height: 20px; width: 20px;\"><\/div>\n<div style=\"width: 0; height: 0; border-top: 2px solid transparent; border-left: 6px solid #f4f4f4; border-bottom: 2px solid transparent; transform: translateX(16px) translateY(-4px) rotate(30deg);\"><\/div>\n<\/div>\n<div style=\"margin-left: auto;\">\n<div style=\"width: 0px; border-top: 8px solid #F4F4F4; border-right: 8px solid transparent; transform: translateY(16px);\"><\/div>\n<div style=\"background-color: #f4f4f4; flex-grow: 0; height: 12px; width: 16px; transform: translateY(-4px);\"><\/div>\n<div style=\"width: 0; height: 0; border-top: 8px solid #F4F4F4; border-left: 8px solid transparent; transform: translateY(-4px) translateX(8px);\"><\/div>\n<\/div>\n<\/div>\n<div style=\"display: flex; flex-direction: column; flex-grow: 1; justify-content: center; margin-bottom: 24px;\">\n<div style=\"background-color: #f4f4f4; border-radius: 4px; flex-grow: 0; height: 14px; margin-bottom: 6px; width: 224px;\"><\/div>\n<div style=\"background-color: #f4f4f4; border-radius: 4px; flex-grow: 0; height: 14px; width: 144px;\"><\/div>\n<\/div>\n<p>&nbsp;<\/p>\n<p style=\"color: #c9c8cd; font-family: Arial,sans-serif; font-size: 14px; line-height: 17px; margin-bottom: 0; margin-top: 8px; overflow: hidden; padding: 8px 0 7px; text-align: center; text-overflow: ellipsis; white-space: nowrap;\"><a style=\"color: #c9c8cd; font-family: Arial,sans-serif; font-size: 14px; font-style: normal; font-weight: normal; line-height: 17px; text-decoration: none;\" href=\"https:\/\/www.instagram.com\/p\/CR9XaOIHGD6\/?utm_source=ig_embed&amp;utm_campaign=loading\" target=\"_blank\" rel=\"noopener nofollow\">Uma publica\u00e7\u00e3o compartilhada por Verde AgriTech (@verdeagritech)<\/a><\/p>\n<\/div>\n<\/blockquote>\n<p><script async src=\"\/\/www.instagram.com\/embed.js\"><\/script><\/p>\n<div>\n<p style=\"text-align: left;\"><em style=\"font-size: 12px;\">Como funciona o processo de absor\u00e7\u00e3o da \u00e1gua pelas plantas.<\/em><\/p>\n<\/div>\n<p>Alguns pesquisadores sugerem que o sil\u00edcio \u00e9 capaz de promover esse benef\u00edcio ao estimular o sistema antioxidante da planta, o que ajuda a garantir a integridade e a estabilidade das membranas celulares em condi\u00e7\u00f5es de <a href=\"https:\/\/blog.verde.ag\/pt\/encontro-com-gigantes\/como-o-estresse-salino-afeta-as-plantas\/\">estresse salino<\/a>.<\/p>\n<p>A integridade e estabilidade das membranas celulares tamb\u00e9m s\u00e3o favorecidos pela deposi\u00e7\u00e3o de s\u00edlica, principalmente nas paredes das c\u00e9lulas da epiderme.<\/p>\n<p>Esse fortalecimento da estrutura das plantas \u00e9 vantajoso para mitigar os efeitos do estresse t\u00e9rmico, como as <a href=\"https:\/\/blog.verde.ag\/pt\/nutricao-de-plantas\/como-o-agricultor-pode-se-prevenir-dos-danos-das-geadas-as-lavouras\/\">geadas,<\/a> que podem levar ao comprometimento da produtividade de algumas culturas.<\/p>\n<p>Antes das geadas de julho de 2021, por exemplo, a Conab tinha expectativa que a safra de <a href=\"https:\/\/blog.verde.ag\/pt\/tecnicas-agricolas\/como-o-cafeicultor-pode-lidar-com-a-geada\/\">caf\u00e9<\/a> de 2022 fosse 10% superior \u00e0 de 2020. Contudo, foram estimadas quedas de produ\u00e7\u00e3o de at\u00e9 30% nos principais estados atingidos pelas geadas.<\/p>\n<p>Segundo o artigo <em>Sil\u00edcio na agricultura<\/em>, da revista <em>Pesquisa FAPESP (Funda\u00e7\u00e3o de Amparo \u00e0 Pesquisa do Estado de S\u00e3o Paulo)<\/em>, nos Estados Unidos o uso do sil\u00edcio se mostrou eficiente para reduzir os efeitos negativos das geadas nas planta\u00e7\u00f5es de <a href=\"https:\/\/blog.verde.ag\/pt\/nutricao-de-plantas\/conheca-os-principais-beneficios-do-silicio-para-cana-de-acucar\/\">cana-de-a\u00e7\u00facar<\/a> do estado da Fl\u00f3rida.<\/p>\n<h3><strong>2. Melhora a produtividade das culturas<\/strong><\/h3>\n<p>Ao ser incorporado pela planta, o sil\u00edcio \u00e9 capaz de provocar mudan\u00e7as na anatomia vegetal, principalmente pela deposi\u00e7\u00e3o de uma dupla camada de s\u00edlica abaixo da cut\u00edcula dos tecidos vegetais.<\/p>\n<p>A deposi\u00e7\u00e3o de s\u00edlica permite que as plantas consigam manter as suas folhas mais eretas, proporcionando, assim, um melhor aproveitamento da radia\u00e7\u00e3o solar.\u00a0 Essa maior efici\u00eancia \u00e9 reflexo direto da redu\u00e7\u00e3o do auto sombreamento, acamamento e transpira\u00e7\u00e3o de algumas culturas, como a cana-de a\u00e7\u00facar.<\/p>\n<p>O melhor aproveitamento da radia\u00e7\u00e3o solar permite uma maior convers\u00e3o de fotoassimilados &#8211; uma das principais fontes de energia da planta &#8211; atrav\u00e9s do <a href=\"https:\/\/blog.verde.ag\/pt\/nutricao-de-plantas\/como-o-silicio-aumenta-a-taxa-fotossintetica-das-plantas\/\">processo da fotoss\u00edntese.<\/a><\/p>\n<p>Al\u00e9m disso, o sil\u00edcio favorece alguns dos componentes essenciais desse processo, protegendo os pigmentos fotossint\u00e9ticos e as estruturas dos cloroplastos. Tudo isso se reflete diretamente na produtividade das culturas.<\/p>\n<div style=\"text-align: center;\"><img decoding=\"async\" class=\"aligncenter wp-image-4083 size-full\" src=\"https:\/\/blog.verde.ag\/pt\/wp-content\/uploads\/2021\/08\/Producao-de-colmos-cana-planta-cana-soco-em-funcao-da-aplicacao-de-silicato-de-calcio-e-calcario..png\" alt=\"Produ\u00e7\u00e3o de colmos (cana-planta + cana soco) em fun\u00e7\u00e3o da aplica\u00e7\u00e3o de silicato de c\u00e1lcio e calc\u00e1rio. \" width=\"378\" height=\"259\" srcset=\"https:\/\/blog.verde.ag\/pt\/wp-content\/uploads\/2021\/08\/Producao-de-colmos-cana-planta-cana-soco-em-funcao-da-aplicacao-de-silicato-de-calcio-e-calcario..png 378w, https:\/\/blog.verde.ag\/pt\/wp-content\/uploads\/2021\/08\/Producao-de-colmos-cana-planta-cana-soco-em-funcao-da-aplicacao-de-silicato-de-calcio-e-calcario.-300x206.png 300w\" sizes=\"(max-width: 378px) 100vw, 378px\" title=\"\"><\/div>\n<p style=\"text-align: center;\"><em style=\"font-size: 12px;\">Produ\u00e7\u00e3o de colmos (cana-planta + cana soco) em fun\u00e7\u00e3o da aplica\u00e7\u00e3o de silicato de c\u00e1lcio e <a href=\"https:\/\/blog.verde.ag\/pt\/solo\/aplicacao-de-calcario-conheca-as-vantagens-e-os-riscos-desta-tecnica-agricola\/\">calc\u00e1rio<\/a>. (Fonte: RODRIGO F. A., et al., 2011)<\/em><\/p>\n<h3><strong>3. Aumenta a resist\u00eancia das plantas aos metais t\u00f3xicos <\/strong><\/h3>\n<p>Em condi\u00e7\u00f5es de acidez, os metais t\u00f3xicos, como o <a href=\"https:\/\/blog.verde.ag\/pt\/solo\/aplicacao-de-calcario-conheca-as-vantagens-e-os-riscos-desta-tecnica-agricola\/\">alum\u00ednio<\/a> e o c\u00e1dmio, s\u00e3o capazes de inibir o desenvolvimento do sistema radicular e reduzir o crescimento das plantas, respectivamente.<\/p>\n<p>Algumas pesquisas t\u00eam demonstrado que o sil\u00edcio \u00e9 capaz de minimizar os efeitos da toxicidade desses dois metais, como os artigos:<\/p>\n<ul>\n<li><em>Effect of Si on the distribution of Cd in rice seedlings, <\/em>publicado no <em>Journal<\/em> <em>Plant and Soil;<\/em><\/li>\n<li><em>Aluminium\/silicon interactions in conifers, <\/em>publicado no <em>Journal of Inorganic Biochemistry.<\/em><\/li>\n<\/ul>\n<p>No primeiro artigo, Xinhui Shi e outros pesquisadores demonstraram que as concentra\u00e7\u00f5es de c\u00e1dmio (Cd) na parte a\u00e9rea e nas ra\u00edzes do arroz diminu\u00edram na presen\u00e7a de Si, por esse elemento possuir uma extrema afinidade pelo Cd.<\/p>\n<p>J\u00e1 no segundo artigo, \u00a0Hodson e Sangster explicam que o alum\u00ednio e o sil\u00edcio podem formar hidroxialuminossilicatos (HAS), em condi\u00e7\u00f5es de pH pr\u00f3ximo da neutralidade. Isso leva a redu\u00e7\u00e3o dos sintomas de toxicidade e favorece o desenvolvimento da planta.<\/p>\n<div style=\"text-align: center;\"><img decoding=\"async\" class=\"aligncenter wp-image-4084 size-full\" src=\"https:\/\/blog.verde.ag\/pt\/wp-content\/uploads\/2021\/08\/Efeito-do-silicio-e-do-aluminio-no-comprimento-das-raizes-de-trigo-em-variedades-resistente-ao-aluminio-esquerda.png\" alt=\"Efeito do sil\u00edcio e do alum\u00ednio no comprimento das ra\u00edzes de trigo em variedades resistente ao alum\u00ednio (esquerda) e em variedade suscet\u00edvel (direita).\" width=\"443\" height=\"166\" srcset=\"https:\/\/blog.verde.ag\/pt\/wp-content\/uploads\/2021\/08\/Efeito-do-silicio-e-do-aluminio-no-comprimento-das-raizes-de-trigo-em-variedades-resistente-ao-aluminio-esquerda.png 443w, https:\/\/blog.verde.ag\/pt\/wp-content\/uploads\/2021\/08\/Efeito-do-silicio-e-do-aluminio-no-comprimento-das-raizes-de-trigo-em-variedades-resistente-ao-aluminio-esquerda-300x112.png 300w\" sizes=\"(max-width: 443px) 100vw, 443px\" title=\"\"><\/div>\n<p style=\"text-align: center;\"><em style=\"font-size: 12px;\">Efeito do sil\u00edcio e do alum\u00ednio no comprimento das ra\u00edzes de trigo em variedades resistente ao alum\u00ednio (esquerda) e em variedade suscet\u00edvel (direita). (Fonte: ZSOLDOS et al, 2003)<\/em><\/p>\n<h3><strong>4. Auxilia na defesa das plantas contra pragas<\/strong><\/h3>\n<p>O <a href=\"https:\/\/blog.verde.ag\/pt\/manejo-de-pragas-e-doencas\/como-o-silicio-ajuda-no-combate-a-pragas-e-doencas-das-plantas\/\">controle de pragas<\/a>, como insetos herb\u00edvoros e nematoides, tamb\u00e9m est\u00e1 entre os benef\u00edcios do sil\u00edcio, possuindo tanto uma a\u00e7\u00e3o direta, quanto indireta.<\/p>\n<p>Diretamente, a forma\u00e7\u00e3o da dupla camada de sil\u00edcio, somada ao aumento dos tricomas (pelos que ficam na superf\u00edcie da planta), torna a planta menos palat\u00e1vel e causa danos ao aparelho bucal das pragas.<\/p>\n<div style=\"text-align: center;\"><img decoding=\"async\" class=\"aligncenter wp-image-4085 size-full\" src=\"https:\/\/blog.verde.ag\/pt\/wp-content\/uploads\/2021\/08\/Mandibulas-de-lagartas-de-Eldana-saccharina-broca-da-cana-de-acucar-alimentadas-com-plantas-tratadas-direita-e-nao-tratadas-esquerda-com-silicio..png\" alt=\"Mand\u00edbulas de lagartas de Eldana saccharina (broca da cana-de-a\u00e7\u00facar) alimentadas com plantas tratadas (direita) e n\u00e3o tratadas (esquerda) com sil\u00edcio. \" width=\"866\" height=\"360\" srcset=\"https:\/\/blog.verde.ag\/pt\/wp-content\/uploads\/2021\/08\/Mandibulas-de-lagartas-de-Eldana-saccharina-broca-da-cana-de-acucar-alimentadas-com-plantas-tratadas-direita-e-nao-tratadas-esquerda-com-silicio..png 866w, https:\/\/blog.verde.ag\/pt\/wp-content\/uploads\/2021\/08\/Mandibulas-de-lagartas-de-Eldana-saccharina-broca-da-cana-de-acucar-alimentadas-com-plantas-tratadas-direita-e-nao-tratadas-esquerda-com-silicio.-300x125.png 300w, https:\/\/blog.verde.ag\/pt\/wp-content\/uploads\/2021\/08\/Mandibulas-de-lagartas-de-Eldana-saccharina-broca-da-cana-de-acucar-alimentadas-com-plantas-tratadas-direita-e-nao-tratadas-esquerda-com-silicio.-768x319.png 768w, https:\/\/blog.verde.ag\/pt\/wp-content\/uploads\/2021\/08\/Mandibulas-de-lagartas-de-Eldana-saccharina-broca-da-cana-de-acucar-alimentadas-com-plantas-tratadas-direita-e-nao-tratadas-esquerda-com-silicio.-770x320.png 770w\" sizes=\"(max-width: 866px) 100vw, 866px\" title=\"\"><\/div>\n<p style=\"text-align: center;\"><em style=\"font-size: 12px;\">Mand\u00edbulas de lagartas de Eldana saccharina (broca da cana-de-a\u00e7\u00facar) alimentadas com plantas tratadas (direita) e n\u00e3o tratadas (esquerda) com sil\u00edcio. (Fonte: KEVDARAS, O., 2011)<\/em><\/p>\n<p>Indiretamente, o sil\u00edcio pode melhorar a defesa da planta intensificando a atra\u00e7\u00e3o de inimigos naturais.<\/p>\n<p>No artigo <em>Silicon-augmented resistance of plants to herbivorous insects: a review,<\/em> Olivia Reynolds e seus colegas pesquisadores destacaram que o sil\u00edcio pode induzir a resist\u00eancia da planta, provavelmente, por meio de diferentes vol\u00e1teis e\/ou pela quantidade de vol\u00e1teis produzidos pela planta atacada.<\/p>\n<p>Na cultura do caf\u00e9, o sil\u00edcio demonstrou resultados no <a href=\"https:\/\/blog.verde.ag\/pt\/manejo-de-pragas-e-doencas\/silicio-controla-nematoides-no-cafe\/\">controle de nematoides<\/a>. No artigo <em>Biochemical responses of coffee resistance against Meloidogyne exigua mediated by silicon<\/em>, o Dr. Fabr\u00edcio e seus colegas inocularam ovos do parasita em dois diferentes cultivares de caf\u00e9 <em>Coffea arabica<\/em> e avaliaram o potencial da nutri\u00e7\u00e3o com sil\u00edcio no manejo integrado para o controle de nematoides de galha.<\/p>\n<p>Ap\u00f3s 120 dias, os pesquisadores avaliaram par\u00e2metros como a quantidade de ovos presentes nas ra\u00edzes do caf\u00e9, bem como a penetra\u00e7\u00e3o dos nematoides no sistema radicular e conclu\u00edram que os p\u00e9s de caf\u00e9 que receberam o tratamento com sil\u00edcio tiveram uma resposta bioqu\u00edmica mais eficiente contra a infec\u00e7\u00e3o.<\/p>\n<h3><strong>5. Reduz a intensidade de doen\u00e7as<\/strong><\/h3>\n<p>Independentemente da forma de aplica\u00e7\u00e3o, o sil\u00edcio tem contribu\u00eddo de forma significativa na redu\u00e7\u00e3o da intensidade de v\u00e1rias <a href=\"https:\/\/blog.verde.ag\/pt\/nutricao-de-plantas\/o-papel-do-silicio-no-combate-de-pragas-e-doencas-agricolas\/\">doen\u00e7as<\/a> de import\u00e2ncia econ\u00f4mica em diferentes culturas, como:<\/p>\n<ul>\n<li>Caf\u00e9: ferrugem e cercosporiose;<\/li>\n<li>Arroz: <a href=\"https:\/\/blog.verde.ag\/pt\/consultores-do-agro\/entenda-como-a-brusone-afeta-a-producao-de-arroz-e-a-seguranca-alimentar\/\">brusone<\/a> e mancha parda;<\/li>\n<li>Cana-de-a\u00e7\u00facar: ferrugem e mancha anelar;<\/li>\n<li>Soja: <a href=\"https:\/\/blog.verde.ag\/pt\/consultores-do-agro\/como-controlar-a-ferrugem-asiatica-da-soja-atraves-dos-fungicidas-e-do-silicio\/\">ferrugem<\/a>, cercosporiose e cancro da haste;<\/li>\n<li>Milho: podrid\u00e3o de pl\u00e2ntulas;<\/li>\n<li>Trigo: o\u00eddio.<\/li>\n<\/ul>\n<p>Nas plantas acumuladoras de sil\u00edcio, como o arroz, grande parte do efeito do sil\u00edcio no combate de doen\u00e7as \u00e9 atribu\u00eddo a deposi\u00e7\u00e3o e polimeriza\u00e7\u00e3o do \u00e1cido monossil\u00edcico abaixo da cut\u00edcula do vegetal.<img decoding=\"async\" class=\"aligncenter wp-image-4086 size-full\" src=\"https:\/\/blog.verde.ag\/pt\/wp-content\/uploads\/2021\/08\/Representacao-da-formacao-da-dupla-camada-cuticula-silica..png\" alt=\"Representa\u00e7\u00e3o da forma\u00e7\u00e3o da dupla camada cut\u00edcula-s\u00edlica.\" width=\"378\" height=\"207\" srcset=\"https:\/\/blog.verde.ag\/pt\/wp-content\/uploads\/2021\/08\/Representacao-da-formacao-da-dupla-camada-cuticula-silica..png 378w, https:\/\/blog.verde.ag\/pt\/wp-content\/uploads\/2021\/08\/Representacao-da-formacao-da-dupla-camada-cuticula-silica.-300x164.png 300w\" sizes=\"(max-width: 378px) 100vw, 378px\" title=\"\"><\/p>\n<p style=\"text-align: center;\"><em style=\"font-size: 12px;\">Representa\u00e7\u00e3o da forma\u00e7\u00e3o da dupla camada cut\u00edcula-s\u00edlica. (Fonte: YOSHIDA, 1965)<\/em><\/p>\n<p>Para outras plantas denominadas intermedi\u00e1rias e n\u00e3o acumuladoras, como a <a href=\"https:\/\/blog.verde.ag\/pt\/resultados-de-produtos\/produtor-de-soja-e-milho-de-ubirata-pr-conta-como-melhorou-a-microbiota-do-solo-e-o-manejo-integrado-de-pragas-com-o-k-forte\/\">soja<\/a>, acredita-se que a dupla camada de Si n\u00e3o tem tanta import\u00e2ncia na defesa da planta contra agentes de infec\u00e7\u00e3o. Nesse caso, a atua\u00e7\u00e3o do sil\u00edcio est\u00e1 mais relacionada \u00e0 ativa\u00e7\u00e3o de genes.<\/p>\n<p>No livro <em>Silicon in Agriculture<\/em>, \u00a0Anne Fawea e outros pesquisadores explicam que o sil\u00edcio pode agir como ativador de genes de sinaliza\u00e7\u00e3o na bioss\u00edntese de compostos de defesa, como fitoalexinas, fen\u00f3is e fenilpropan\u00f3ides.<\/p>\n<p>Esse efeito \u00e9 demonstrado no artigo <em>Efficiency of calcium silicate and carbonate in soybean disease control. <\/em><\/p>\n<p>Nesse estudo, os pesquisadores Antonio Nolla, Gaspar H. Korndorfer e L\u00edsias Coelho observaram que, nas condi\u00e7\u00f5es do experimento, a fonte de sil\u00edcio utilizada na cultura da soja foi capaz de reduzir a incid\u00eancia de <em>Cercospora sojina <\/em>(mancha \u201colho-de-r\u00e3\u201d) <em>e Peronospora manshurica <\/em>(m\u00edldio).<\/p>\n<div class=\"verde-content_3\" id=\"verde-2203123631\"><a class=\"text-color-btn\" href=\"https:\/\/wa.me\/5531999206297?text=Ol%C3%A1%2C%20vi%20o%20artigo%20no%20blog%20e%20gostaria%20de%20saber%20mais%20sobre%20os%20fertilizantes%20da%20Verde%20Agritech\" target=\"_blank\" rel=\"noopener noreferrer\">\r\n    <button class=\"btn-form-blog\">Quero revolucionar a produ\u00e7\u00e3o da minha lavoura<\/button>\r\n<\/a>\r\n\r\n<style>\r\n    .text-color-btn {\r\n        background-color: #38a38c;\r\n        color: #fff;\r\n        border: none;\r\n        border-radius: 20px;\r\n        cursor: pointer;\r\n        text-decoration: none; \/* Adicionado para evitar sublinhado no link *\/\r\n        display: inline-block;\r\n    }\r\n\r\n    .btn-form-blog {\r\n        padding: 14px;\r\n        background-color: #38a38c;\r\n        color: #fff;\r\n        border: none;\r\n        border-radius: 20px;\r\n        cursor: pointer;\r\n    }\r\n\r\n    .text-color-btn:hover {\r\n        background-color: #333;\r\n        transition: 0.4s;\r\n    }\r\n\r\n    .btn-form-blog:hover {\r\n        background-color: #333;\r\n        transition: 0.4s;\r\n    }\r\n\r\n    @media only screen and (max-width: 600px) {\r\n        .text-color-btn {\r\n            background-color: #38a38c;\r\n            color: #fff;\r\n        }\r\n        .btn-form-blog {\r\n            padding: 14px;\r\n            background-color: #38a38c;\r\n            color: #fff;\r\n        }\r\n    }\r\n<\/style><\/div><h2><strong>A frequ\u00eancia de aplica\u00e7\u00e3o e a dosagem do sil\u00edcio s\u00e3o a chave para garantir todos os benef\u00edcios do sil\u00edcio<\/strong><\/h2>\n<p>Para alcan\u00e7ar todos os benef\u00edcios do sil\u00edcio apresentados, \u00e9 preciso estar atento \u00e0 frequ\u00eancia de aplica\u00e7\u00e3o do fertilizante, como aponta a doutora em Entomologia Agr\u00edcola pela Escola Superior de Agricultura Luiz de Queiroz (ESALQ\/USP) e Professora do Curso de Agronomia da Faculdade Anhanguera, Dra. Ana Clara Ribeiro de Paiva:<\/p>\n<p>\u201cQuando falamos em resist\u00eancia em plantas atrav\u00e9s da aplica\u00e7\u00e3o de sil\u00edcio, estamos falando de uma resist\u00eancia induzida, ou seja, a manifesta\u00e7\u00e3o dessa resist\u00eancia \u00e9 tempor\u00e1ria\u201d.<\/p>\n<p>Isso faz com que esse efeito n\u00e3o seja herdado geneticamente e sejam necess\u00e1rias reaplica\u00e7\u00f5es do nutriente para manter o efeito, evitando as condi\u00e7\u00f5es de superdosagem.<\/p>\n<p>Dessa forma, ao aplicar uma <a href=\"https:\/\/blog.verde.ag\/pt\/produtos-da-verde\/conheca-o-silicio-forte-e-a-importancia-do-silicio-na-agricultura\/\">fonte adequada de sil\u00edcio<\/a> na dosagem e frequ\u00eancias certas, o agricultor \u00e9 capaz de mitigar os efeitos dos estresses bi\u00f3ticos e abi\u00f3ticos, minimizar os efeitos da toxicidade dos metais e favorecer a produtividade da sua lavoura.<\/p>\n<div class=\"shortcode_mobile\"><!--mobile-->\r\n<p><a href=\"https:\/\/conteudo.verde.ag\/produza\/?utm_source=blog&amp;utm_campaign=Blog||Artigo&amp;utm_adset_name=MOND\u00c9-BANNER-MOBILE\" target=\"_blank\" rel=\"noopener\"><img class=\"alignnone size-full wp-image-10080\" src=\"https:\/\/blog.verde.ag\/pt\/wp-content\/uploads\/2024\/04\/MONDE_Banner_Mobile.jpg\" alt=\"-\" width=\"800\" height=\"400\" title=\"\"><\/a><\/p>\r\n<\/div>\r\n<div class=\"shortcode_desktop\"><!--desktop-->\r\n<p><a href=\"https:\/\/conteudo.verde.ag\/produza\/?utm_source=blog&amp;utm_campaign=Blog||Artigo&amp;utm_adset_name=MOND\u00c9-BANNER-DESKTOP\" target=\"_blank\" rel=\"noopener\"><img class=\"alignnone size-full wp-image-10080\" src=\"https:\/\/blog.verde.ag\/pt\/wp-content\/uploads\/2024\/04\/MONDE_Banner_Desktop.jpg\" alt=\"-\" width=\"800\" height=\"200\" title=\"\"><\/a><\/p>\r\n<\/div>\n","protected":false},"excerpt":{"rendered":"<p>Saiba quais s\u00e3o os cinco principais benef\u00edcios que o sil\u00edcio, elemento com amplo potencial na agricultura, proporciona \u00e0s mais diversas culturas.<\/p>\n","protected":false},"author":7,"featured_media":4087,"comment_status":"open","ping_status":"open","sticky":false,"template":"","format":"standard","meta":[],"categories":[197],"tags":[251,327,885,228],"_links":{"self":[{"href":"https:\/\/blog.verde.ag\/pt\/wp-json\/wp\/v2\/posts\/4082"}],"collection":[{"href":"https:\/\/blog.verde.ag\/pt\/wp-json\/wp\/v2\/posts"}],"about":[{"href":"https:\/\/blog.verde.ag\/pt\/wp-json\/wp\/v2\/types\/post"}],"author":[{"embeddable":true,"href":"https:\/\/blog.verde.ag\/pt\/wp-json\/wp\/v2\/users\/7"}],"replies":[{"embeddable":true,"href":"https:\/\/blog.verde.ag\/pt\/wp-json\/wp\/v2\/comments?post=4082"}],"version-history":[{"count":0,"href":"https:\/\/blog.verde.ag\/pt\/wp-json\/wp\/v2\/posts\/4082\/revisions"}],"wp:featuredmedia":[{"embeddable":true,"href":"https:\/\/blog.verde.ag\/pt\/wp-json\/wp\/v2\/media\/4087"}],"wp:attachment":[{"href":"https:\/\/blog.verde.ag\/pt\/wp-json\/wp\/v2\/media?parent=4082"}],"wp:term":[{"taxonomy":"category","embeddable":true,"href":"https:\/\/blog.verde.ag\/pt\/wp-json\/wp\/v2\/categories?post=4082"},{"taxonomy":"post_tag","embeddable":true,"href":"https:\/\/blog.verde.ag\/pt\/wp-json\/wp\/v2\/tags?post=4082"}],"curies":[{"name":"wp","href":"https:\/\/api.w.org\/{rel}","templated":true}]}}