{"id":3465,"date":"2021-06-24T20:23:25","date_gmt":"2021-06-24T23:23:25","guid":{"rendered":"https:\/\/blog.verde.ag\/pt\/?p=3465"},"modified":"2024-03-14T11:59:39","modified_gmt":"2024-03-14T14:59:39","slug":"a-agricultura-organica-continua-em-alta-no-mercado","status":"publish","type":"post","link":"https:\/\/blog.verde.ag\/pt\/tecnicas-agricolas\/a-agricultura-organica-continua-em-alta-no-mercado\/","title":{"rendered":"A agricultura org\u00e2nica continua em alta no mercado"},"content":{"rendered":"<p>Movimentando mais de R$5 bilh\u00f5es de reais somente em 2020, a agricultura org\u00e2nica tem se mostrado um setor muito promissor no agroneg\u00f3cio. Ela \u00e9 compreendida como uma s\u00e9rie de pr\u00e1ticas de produ\u00e7\u00e3o agr\u00edcola que, em linhas gerais, \u00a0tem por objetivo reduzir os impactos ambientais e garantir que os alimentos produzidos sejam mais saud\u00e1veis. Entenda mais sobre esse sistema de produ\u00e7\u00e3o de grande potencial no agroneg\u00f3cio brasileiro.<\/p>\n<h2>A origem da agricultura org\u00e2nica<\/h2>\n<p>A agricultura org\u00e2nica, tamb\u00e9m conhecida como agricultura biol\u00f3gica ou ainda agricultura alternativa, \u00e9 um sistema de produ\u00e7\u00e3o agropecu\u00e1ria que visa a produ\u00e7\u00e3o de <a href=\"https:\/\/blog.verde.ag\/pt\/nutricao-de-plantas\/alimentos-organicos-apresentam-maior-valor-nutritivo\/\">alimentos mais saud\u00e1veis<\/a> atrav\u00e9s de pr\u00e1ticas e tecnologias comprometidas com a sanidade, qualidade e organicidade do sistema produtivo. O Art. 1o, da Lei 10.831\/03, a define como:<\/p>\n<p>\u201cConsidera-se sistema org\u00e2nico de produ\u00e7\u00e3o agropecu\u00e1ria todo aquele em que se adotam t\u00e9cnicas espec\u00edficas, mediante a <strong>otimiza\u00e7\u00e3o do uso dos recursos naturais e socioecon\u00f4micos<\/strong> dispon\u00edveis e o respeito \u00e0 integridade cultural das comunidades rurais, tendo por objetivo a<strong> sustentabilidade econ\u00f4mica e ecol\u00f3gica<\/strong>, <strong>a maximiza\u00e7\u00e3o dos benef\u00edcios sociais, a minimiza\u00e7\u00e3o da depend\u00eancia de energia n\u00e3o-renov\u00e1vel,<\/strong> <strong>empregando, sempre que poss\u00edvel, m\u00e9todos culturais, biol\u00f3gicos e mec\u00e2nicos<\/strong>, em contraposi\u00e7\u00e3o ao uso de materiais sint\u00e9ticos, a elimina\u00e7\u00e3o do uso de organismos geneticamente modificados e radia\u00e7\u00f5es ionizantes, em qualquer fase do processo de produ\u00e7\u00e3o, processamento, armazenamento, distribui\u00e7\u00e3o e comercializa\u00e7\u00e3o, e a prote\u00e7\u00e3o do meio ambiente\u201d.<\/p>\n<p>Segundo a Funda\u00e7\u00e3o Internacional dos Movimentos de Agricultura Org\u00e2nica (IFOAM), a agricultura org\u00e2nica est\u00e1 baseada em 4 pilares:<\/p>\n<ol>\n<li>Sa\u00fade;<\/li>\n<li>Ecologia;<\/li>\n<li>Justi\u00e7a;<\/li>\n<li>Precau\u00e7\u00e3o.<\/li>\n<\/ol>\n<p>O termo foi introduzido na agricultura no s\u00e9culo XX, pelo bot\u00e2nico Sir Albert Howard. Foi na \u00cdndia que ele desenvolveu suas principais pesquisas, estudando a fundo a cultura agr\u00edcola dos camponeses e desenvolvendo o processo Indore, que no Brasil ficou conhecido pelo nome de <a href=\"https:\/\/blog.verde.ag\/pt\/tecnicas-agricolas\/beneficios-da-compostagem-para-a-producao-agricola\/\">compostagem<\/a>.<\/p>\n<p>Um dos seus maiores legados foi a sua obra \u201cUm testamento agr\u00edcola\u201d publicada em 1943,que trouxe uma abordagem sustent\u00e1vel do manejo do solo. Por\u00e9m, foi somente a partir de 1960 que a pr\u00e1tica da agricultura org\u00e2nica ganhou for\u00e7a no campo.<\/p>\n<p>Em 2015, agricultura org\u00e2nica j\u00e1 era praticada em mais de 50 milh\u00f5es de hectares e 170 pa\u00edses do mundo todo, segundo dados da IFOAM, Instituto de pesquisas de Agricultura Org\u00e2nica (FiBL) e a Empresa de Assist\u00eancia T\u00e9cnica e Extens\u00e3o Rural do Estado Minas Gerais (EMATER-MG).<\/p>\n<div class=\"verde-content_3\" id=\"verde-3313660206\"><a class=\"text-color-btn\" href=\"https:\/\/wa.me\/5531999206297?text=Ol%C3%A1%2C%20vi%20o%20artigo%20no%20blog%20e%20gostaria%20de%20saber%20mais%20sobre%20os%20fertilizantes%20da%20Verde%20Agritech\" target=\"_blank\" rel=\"noopener noreferrer\">\r\n    <button class=\"btn-form-blog\">Quero revolucionar a produ\u00e7\u00e3o da minha lavoura<\/button>\r\n<\/a>\r\n\r\n<style>\r\n    .text-color-btn {\r\n        background-color: #38a38c;\r\n        color: #fff;\r\n        border: none;\r\n        border-radius: 20px;\r\n        cursor: pointer;\r\n        text-decoration: none; \/* Adicionado para evitar sublinhado no link *\/\r\n        display: inline-block;\r\n    }\r\n\r\n    .btn-form-blog {\r\n        padding: 14px;\r\n        background-color: #38a38c;\r\n        color: #fff;\r\n        border: none;\r\n        border-radius: 20px;\r\n        cursor: pointer;\r\n    }\r\n\r\n    .text-color-btn:hover {\r\n        background-color: #333;\r\n        transition: 0.4s;\r\n    }\r\n\r\n    .btn-form-blog:hover {\r\n        background-color: #333;\r\n        transition: 0.4s;\r\n    }\r\n\r\n    @media only screen and (max-width: 600px) {\r\n        .text-color-btn {\r\n            background-color: #38a38c;\r\n            color: #fff;\r\n        }\r\n        .btn-form-blog {\r\n            padding: 14px;\r\n            background-color: #38a38c;\r\n            color: #fff;\r\n        }\r\n    }\r\n<\/style><\/div><h2>A agricultura org\u00e2nica no Brasil<\/h2>\n<p>No Brasil, existem aproximadamente 22 mil unidades de produ\u00e7\u00e3o de org\u00e2nicos cadastradas no Minist\u00e9rio da Agricultura e estima-se que mais da metade delas perten\u00e7am a <a href=\"https:\/\/blog.verde.ag\/pt\/noticias\/sucessao-e-governanca-familiar-do-agronegocio\/\">agricultores familiares<\/a>. As regi\u00f5es Sul, Sudeste e Nordeste s\u00e3o as que mais se destacam em n\u00famero de produtores do Brasil.<\/p>\n<div style=\"text-align: center;\"><img decoding=\"async\" class=\"aligncenter size-full wp-image-3466\" src=\"https:\/\/blog.verde.ag\/pt\/wp-content\/uploads\/2021\/06\/Dentre-os-principais-produtos-organicos-brasileiros-estao-as-frutas.png\" alt=\"Dentre os principais produtos org\u00e2nicos brasileiros est\u00e3o as frutas, hortali\u00e7as, tub\u00e9rculos, produtos agroindustrializados e gr\u00e3os.(Fonte: LEAL, K. P. - Embrapa)\" width=\"567\" height=\"413\" srcset=\"https:\/\/blog.verde.ag\/pt\/wp-content\/uploads\/2021\/06\/Dentre-os-principais-produtos-organicos-brasileiros-estao-as-frutas.png 567w, https:\/\/blog.verde.ag\/pt\/wp-content\/uploads\/2021\/06\/Dentre-os-principais-produtos-organicos-brasileiros-estao-as-frutas-300x219.png 300w, https:\/\/blog.verde.ag\/pt\/wp-content\/uploads\/2021\/06\/Dentre-os-principais-produtos-organicos-brasileiros-estao-as-frutas-251x183.png 251w\" sizes=\"(max-width: 567px) 100vw, 567px\" title=\"\"><\/div>\n<p style=\"text-align: center;\"><em style=\"font-size: 12px;\">Dentre os principais produtos org\u00e2nicos brasileiros est\u00e3o as frutas, hortali\u00e7as, tub\u00e9rculos, produtos agroindustrializados e gr\u00e3os.(Fonte: LEAL, K. P. &#8211; Embrapa)<\/em><\/p>\n<p>O fortalecimento da agricultura org\u00e2nica no Brasil surgiu com a regulariza\u00e7\u00e3o da cadeia produtiva a partir de 1999, com a cria\u00e7\u00e3o da Instru\u00e7\u00e3o Normativa 07, pelo Minist\u00e9rio da Agricultura, Pecu\u00e1ria e Abastecimento (MAPA).\u00a0 Com o desenvolvimento e expans\u00e3o da atividade, foram sendo desenvolvidas novas normativas, decretos e leis com destaque para:<\/p>\n<ul>\n<li>Lei N\u00ba 10.831\/03;<\/li>\n<li>Decreto N\u00ba 6.323\/07;<\/li>\n<li>Instru\u00e7\u00f5es Normativas (MAPA).<\/li>\n<\/ul>\n<p>Em 2020, o segmento de org\u00e2nicos chegou a movimentar R$5.8 bilh\u00f5es de reais, segundo o Diretor da Associa\u00e7\u00e3o de Promo\u00e7\u00e3o dos Org\u00e2nicos (Organis). Ele ainda destacou que esse aumento era esperado, j\u00e1 que as vendas dos org\u00e2nicos quadruplicaram entre os anos de 2003 e 2017 e cresceu em 15% em 2019.<\/p>\n<p>Para que um agricultor comercialize seus produtos no Brasil como \u201corg\u00e2nico\u201d, a produ\u00e7\u00e3o deve ser regularizada obtendo-se uma certifica\u00e7\u00e3o por um Organismo da Avalia\u00e7\u00e3o da Conformidade Org\u00e2nica (OAC) credenciado no MAPA ou ainda realizar a venda indireta sem certifica\u00e7\u00e3o cadastrando-se junto ao MAPA.<\/p>\n<p>Uma das primeiras certificadoras a obter credenciamento junto ao MAPA em 2011, \u00e9 a Ecocert. Fundada na Fran\u00e7a em 1991, ela est\u00e1 credenciada como certificadora de produtos org\u00e2nicos de acordo com a Norma Brasileira de Org\u00e2nicos (Lei 10831\/03) e j\u00e1 certifica mais de 100 empreendimentos somente no Brasil.<\/p>\n<p>Mas, \u00e9 vantajoso implementar um sistema de produ\u00e7\u00e3o org\u00e2nico na propriedade?<\/p>\n<h2>A viabilidade da implementa\u00e7\u00e3o de um sistema de produ\u00e7\u00e3o org\u00e2nico<\/h2>\n<p>A agricultura org\u00e2nica, al\u00e9m de continuar em alta no mercado nos \u00faltimos anos, possui como um dos principais atrativos a maior agrega\u00e7\u00e3o de valor nos produtos.<\/p>\n<div>\n<p>No caso, por exemplo, da cultura do caf\u00e9 a pesquisa &#8221; No caso, por exemplo, da cultura do caf\u00e9, o estudo <em>Planejamento da convers\u00e3o do caf\u00e9 convencional para o org\u00e2nico: um estudo de caso <\/em>demonstrou resultados com um incremento de 30% sobre o pre\u00e7o da saca do caf\u00e9 de um talh\u00e3o que passou pela transi\u00e7\u00e3o do cultivo convencional para org\u00e2nico em 24 meses.<\/p>\n<div>\n<div>A pesquisa foi conduzida pelo Doutor em Economia Aplicada Renato Alves de Oliveira na Escola Superior de Agricultura \u201cLuiz de Queiroz\u201d (ESALQ\/USP).<\/div>\n<\/div>\n<\/div>\n<div style=\"text-align: center;\"><img decoding=\"async\" class=\"aligncenter size-full wp-image-3467\" src=\"https:\/\/blog.verde.ag\/pt\/wp-content\/uploads\/2021\/06\/Em-sistemas-de-producao-que-passaram-por-uma-transicao-completa-de-3-anos.png\" alt=\"Em sistemas de produ\u00e7\u00e3o que passaram por uma transi\u00e7\u00e3o completa de 3 anos, o pre\u00e7o do caf\u00e9 org\u00e2nico destinado para exporta\u00e7\u00e3o chegou a R$1320,00 no levantamento realizado pela Cooperativa dos Costas. (Fonte: LANZETTA, P. - Embrapa Clima Temperado)\" width=\"567\" height=\"378\" srcset=\"https:\/\/blog.verde.ag\/pt\/wp-content\/uploads\/2021\/06\/Em-sistemas-de-producao-que-passaram-por-uma-transicao-completa-de-3-anos.png 567w, https:\/\/blog.verde.ag\/pt\/wp-content\/uploads\/2021\/06\/Em-sistemas-de-producao-que-passaram-por-uma-transicao-completa-de-3-anos-300x200.png 300w, https:\/\/blog.verde.ag\/pt\/wp-content\/uploads\/2021\/06\/Em-sistemas-de-producao-que-passaram-por-uma-transicao-completa-de-3-anos-360x240.png 360w, https:\/\/blog.verde.ag\/pt\/wp-content\/uploads\/2021\/06\/Em-sistemas-de-producao-que-passaram-por-uma-transicao-completa-de-3-anos-251x167.png 251w\" sizes=\"(max-width: 567px) 100vw, 567px\" title=\"\"><\/div>\n<p style=\"text-align: center;\"><em style=\"font-size: 12px;\">Em sistemas de produ\u00e7\u00e3o que passaram por uma transi\u00e7\u00e3o completa de 3 anos, o pre\u00e7o do caf\u00e9 org\u00e2nico destinado para exporta\u00e7\u00e3o chegou a R$1320,00 no levantamento realizado pela Cooperativa dos Costas. (Fonte: LANZETTA, P. &#8211; Embrapa Clima Temperado)<\/em><\/p>\n<p>Por\u00e9m, tamb\u00e9m foram verificados cen\u00e1rios em que o agricultor comercializou a saca de caf\u00e9 org\u00e2nico ao pre\u00e7o do convencional ou com preju\u00edzos. Esses fatos ressaltam alguns aspectos intr\u00ednsecos ao sistema produtivo org\u00e2nico, como:<\/p>\n<ul>\n<li>O maior custo de produ\u00e7\u00e3o com o uso mais intensivo de m\u00e3o-de-obra e insumos mais caros;<\/li>\n<li>Tempo necess\u00e1rio para realizar a transi\u00e7\u00e3o do sistema produtivo e obten\u00e7\u00e3o das certifica\u00e7\u00f5es e pr\u00eamios;<\/li>\n<li>Queda de produtividade.<\/li>\n<\/ul>\n<p>O Dr. Renato Alves ressalta que a queda de produtividade em sistemas de produ\u00e7\u00e3o org\u00e2nico n\u00e3o \u00e9 progressiva no longo prazo e afirma que:<\/p>\n<p>\u201cEm diversos estudos sobre Agricultura Org\u00e2nica, na maioria dos experimentos, os resultados mostraram aumento da produtividade ap\u00f3s o per\u00edodo de convers\u00e3o, a qual chega a atingir n\u00edveis iguais aos do sistema n\u00e3o org\u00e2nico.\u201d<\/p>\n<p>Os benef\u00edcios n\u00e3o ficam restritos ao maior valor agregado do produto final, mas como tamb\u00e9m para todos os elementos que comp\u00f5e o agroecossistema, uma vez que a agricultura org\u00e2nica proporciona:<\/p>\n<ul>\n<li>Baixo impacto ambiental, favorecendo a sustentabilidade;<\/li>\n<li>Promo\u00e7\u00e3o da biodiversidade dos <a href=\"https:\/\/blog.verde.ag\/pt\/nutricao-de-plantas\/os-microrganismos-do-solo-sao-viloes-ou-aliados-do-agricultor\/\">microrganismos do solo<\/a>;<\/li>\n<li>Manuten\u00e7\u00e3o da <a href=\"https:\/\/blog.verde.ag\/pt\/consultores-do-agro\/como-entender-sobre-a-fertilidade-do-solo-ajuda-na-escolha-dos-fertilizantes\/\">fertilidade do solo<\/a>;<\/li>\n<li>Uso de energias renov\u00e1veis;<\/li>\n<li><a href=\"https:\/\/blog.verde.ag\/pt\/encontro-com-gigantes\/como-produzir-superalimentos-biofortificacao-e-agricultura-funcional-sao-discutidas-por-autoridades-em-debate-online\/\">Biofortifica\u00e7\u00e3o de alimentos<\/a>, que os torna mais nutritivos e saud\u00e1veis.<\/li>\n<\/ul>\n<p>E \u00e9 importante destacar que a agricultura org\u00e2nica n\u00e3o deve ser associada a sistemas produtivos de baixa tecnologia. Para que haja a substitui\u00e7\u00e3o de manejos e insumos convencionais, s\u00e3o criados diversos \u00f3rg\u00e3os e realizadas extensas pesquisas para o desenvolvimento de novos m\u00e9todos e produtos que atendam \u00e0s necessidades dos agricultores.<\/p>\n<h2>A import\u00e2ncia dos \u00f3rg\u00e3os certificadores na agricultura org\u00e2nica<\/h2>\n<p>Para garantir que um produto \u00e9 adequado para ser usado no cultivo org\u00e2nico, por exemplo, existem certificados emitidos por diversos \u00f3rg\u00e3os. Uma delas \u00e9 o Organic Materials Review Institute (OMRI), fundado em 1997 nos Estados Unidos.<\/p>\n<p>Geralmente, insumos agr\u00edcolas que possuem mat\u00e9ria-prima <em>in natura<\/em> e que passam pelo beneficiamento e refinamento sem tratamentos qu\u00edmicos, como o <a href=\"https:\/\/blog.verde.ag\/pt\/potassio\/o-que-e-o-siltito-glauconitico-e-como-ele-pode-ser-utilizado-como-fertilizante-agricola\/\">Siltito Glaucon\u00edtico<\/a>, s\u00e3o fortes candidatos a serem aprovados por institui\u00e7\u00e3o, como a OMRI.<\/p>\n<p>O OMRI \u00e9 uma institui\u00e7\u00e3o n\u00e3o-governamental que avalia e <a href=\"https:\/\/blog.verde.ag\/pt\/produtos-da-verde\/k-forte-unico-fertilizante-brasileiro-aprovado-para-agricultura-organica-tanto-no-brasil-como-no-exterior\/\">certifica produtos tanto para a agricultura org\u00e2nica<\/a> (fertilizantes e pesticidas), como tamb\u00e9m para a pecu\u00e1ria org\u00e2nica, como alimentos para os rebanhos.<\/p>\n<p>Mas tamb\u00e9m existem certifica\u00e7\u00f5es emitidas por \u00f3rg\u00e3os governamentais, como o <em>California Department of Food and Agriculture<\/em> (CDFA), que, entre outras coisas, regula esses produtos no estado da Calif\u00f3rnia (EUA).<\/p>\n<blockquote class=\"instagram-media\" style=\"background: #FFF; border: 0; border-radius: 3px; box-shadow: 0 0 1px 0 rgba(0,0,0,0.5),0 1px 10px 0 rgba(0,0,0,0.15); margin: 1px; max-width: 540px; min-width: 326px; padding: 0; width: calc(100% - 2px);\" data-instgrm-permalink=\"https:\/\/www.instagram.com\/p\/CPBvs4bIlWU\/?utm_source=ig_embed&amp;utm_campaign=loading\" data-instgrm-version=\"13\">\n<div style=\"padding: 16px;\">\n<p>&nbsp;<\/p>\n<div style=\"display: flex; flex-direction: row; align-items: center;\">\n<div style=\"background-color: #f4f4f4; border-radius: 50%; flex-grow: 0; height: 40px; margin-right: 14px; width: 40px;\"><\/div>\n<div style=\"display: flex; flex-direction: column; flex-grow: 1; justify-content: center;\">\n<div style=\"background-color: #f4f4f4; border-radius: 4px; flex-grow: 0; height: 14px; margin-bottom: 6px; width: 100px;\"><\/div>\n<div style=\"background-color: #f4f4f4; border-radius: 4px; flex-grow: 0; height: 14px; width: 60px;\"><\/div>\n<\/div>\n<\/div>\n<div style=\"padding: 19% 0;\"><\/div>\n<div style=\"display: block; height: 50px; margin: 0 auto 12px; width: 50px;\"><\/div>\n<div style=\"padding-top: 8px;\">\n<div style=\"color: #3897f0; font-family: Arial,sans-serif; font-size: 14px; font-style: normal; font-weight: 550; line-height: 18px;\">Ver essa foto no Instagram<\/div>\n<\/div>\n<div style=\"padding: 12.5% 0;\"><\/div>\n<div style=\"display: flex; flex-direction: row; margin-bottom: 14px; align-items: center;\">\n<div>\n<div style=\"background-color: #f4f4f4; border-radius: 50%; height: 12.5px; width: 12.5px; transform: translateX(0px) translateY(7px);\"><\/div>\n<div style=\"background-color: #f4f4f4; height: 12.5px; transform: rotate(-45deg) translateX(3px) translateY(1px); width: 12.5px; flex-grow: 0; margin-right: 14px; margin-left: 2px;\"><\/div>\n<div style=\"background-color: #f4f4f4; border-radius: 50%; height: 12.5px; width: 12.5px; transform: translateX(9px) translateY(-18px);\"><\/div>\n<\/div>\n<div style=\"margin-left: 8px;\">\n<div style=\"background-color: #f4f4f4; border-radius: 50%; flex-grow: 0; height: 20px; width: 20px;\"><\/div>\n<div style=\"width: 0; height: 0; border-top: 2px solid transparent; border-left: 6px solid #f4f4f4; border-bottom: 2px solid transparent; transform: translateX(16px) translateY(-4px) rotate(30deg);\"><\/div>\n<\/div>\n<div style=\"margin-left: auto;\">\n<div style=\"width: 0px; border-top: 8px solid #F4F4F4; border-right: 8px solid transparent; transform: translateY(16px);\"><\/div>\n<div style=\"background-color: #f4f4f4; flex-grow: 0; height: 12px; width: 16px; transform: translateY(-4px);\"><\/div>\n<div style=\"width: 0; height: 0; border-top: 8px solid #F4F4F4; border-left: 8px solid transparent; transform: translateY(-4px) translateX(8px);\"><\/div>\n<\/div>\n<\/div>\n<div style=\"display: flex; flex-direction: column; flex-grow: 1; justify-content: center; margin-bottom: 24px;\">\n<div style=\"background-color: #f4f4f4; border-radius: 4px; flex-grow: 0; height: 14px; margin-bottom: 6px; width: 224px;\"><\/div>\n<div style=\"background-color: #f4f4f4; border-radius: 4px; flex-grow: 0; height: 14px; width: 144px;\"><\/div>\n<\/div>\n<p>&nbsp;<\/p>\n<p style=\"color: #c9c8cd; font-family: Arial,sans-serif; font-size: 14px; line-height: 17px; margin-bottom: 0; margin-top: 8px; overflow: hidden; padding: 8px 0 7px; text-align: center; text-overflow: ellipsis; white-space: nowrap;\"><a style=\"color: #c9c8cd; font-family: Arial,sans-serif; font-size: 14px; font-style: normal; font-weight: normal; line-height: 17px; text-decoration: none;\" href=\"https:\/\/www.instagram.com\/p\/CPBvs4bIlWU\/?utm_source=ig_embed&amp;utm_campaign=loading\" target=\"_blank\" rel=\"noopener nofollow\">Uma publica\u00e7\u00e3o compartilhada por Verde AgriTech (@verdeagritech)<\/a><\/p>\n<\/div>\n<\/blockquote>\n<p><script async src=\"\/\/www.instagram.com\/embed.js\"><\/script><\/p>\n<p><em style=\"font-size: 12px;\">Os fertilizantes da Verde s\u00e3o uma das op\u00e7\u00f5es dispon\u00edveis no mercado que s\u00e3o aprovados para a agricultura org\u00e2nica tanto pelo OMRI quando pelo CDFA.<\/em><\/p>\n<p>Com o trabalho desenvolvido pelos \u00f3rg\u00e3os certificadores, o agricultor pode contar com a seguran\u00e7a de utilizar produtos aprovados para agricultura org\u00e2nica e proporcionar o uso mais sustent\u00e1vel do solo e a produ\u00e7\u00e3o de alimentos mais saud\u00e1veis.<\/p>\n<div class=\"shortcode_mobile\"><!--mobile-->\r\n<p><a href=\"https:\/\/conteudo.verde.ag\/kforte-fertilizante\/?utm_source=blog&amp;utm_campaign=Blog||Artigo&amp;utm_adset_name=banner&amp;utm_content=KFORTE-BANNER-MOBILE\" target=\"_blank\" rel=\"noopener\"><img class=\"alignnone size-full wp-image-10080\" src=\"https:\/\/blog.verde.ag\/pt\/wp-content\/uploads\/2024\/04\/KForte_Banner_Mobile.jpg\" alt=\"-\" width=\"800\" height=\"400\" title=\"\"><\/a><\/p>\r\n<\/div>\r\n<div class=\"shortcode_desktop\"><!--desktop-->\r\n<p><a href=\"https:\/\/conteudo.verde.ag\/kforte-fertilizante\/?utm_source=blog&amp;utm_campaign=Blog||Artigo&amp;utm_adset_name=banner&amp;utm_content=KFORTE-BANNER-DESKTOP\" target=\"_blank\" rel=\"noopener\"><img class=\"alignnone size-full wp-image-10080\" src=\"https:\/\/blog.verde.ag\/pt\/wp-content\/uploads\/2024\/04\/KForte_Banner_Desktop1.jpg\" alt=\"-\" width=\"800\" height=\"200\" title=\"\"><\/a><\/p>\r\n<\/div>\n","protected":false},"excerpt":{"rendered":"<p>Saiba mais sobre a agricultura org\u00e2nica, que tem se mostrado um setor muito promissor no agroneg\u00f3cio, movimentando mais de R$5 bilh\u00f5es por ano.<\/p>\n","protected":false},"author":7,"featured_media":3468,"comment_status":"open","ping_status":"open","sticky":false,"template":"","format":"standard","meta":[],"categories":[190],"tags":[36,885,227,219],"_links":{"self":[{"href":"https:\/\/blog.verde.ag\/pt\/wp-json\/wp\/v2\/posts\/3465"}],"collection":[{"href":"https:\/\/blog.verde.ag\/pt\/wp-json\/wp\/v2\/posts"}],"about":[{"href":"https:\/\/blog.verde.ag\/pt\/wp-json\/wp\/v2\/types\/post"}],"author":[{"embeddable":true,"href":"https:\/\/blog.verde.ag\/pt\/wp-json\/wp\/v2\/users\/7"}],"replies":[{"embeddable":true,"href":"https:\/\/blog.verde.ag\/pt\/wp-json\/wp\/v2\/comments?post=3465"}],"version-history":[{"count":0,"href":"https:\/\/blog.verde.ag\/pt\/wp-json\/wp\/v2\/posts\/3465\/revisions"}],"wp:featuredmedia":[{"embeddable":true,"href":"https:\/\/blog.verde.ag\/pt\/wp-json\/wp\/v2\/media\/3468"}],"wp:attachment":[{"href":"https:\/\/blog.verde.ag\/pt\/wp-json\/wp\/v2\/media?parent=3465"}],"wp:term":[{"taxonomy":"category","embeddable":true,"href":"https:\/\/blog.verde.ag\/pt\/wp-json\/wp\/v2\/categories?post=3465"},{"taxonomy":"post_tag","embeddable":true,"href":"https:\/\/blog.verde.ag\/pt\/wp-json\/wp\/v2\/tags?post=3465"}],"curies":[{"name":"wp","href":"https:\/\/api.w.org\/{rel}","templated":true}]}}