{"id":19430,"date":"2024-07-15T12:07:59","date_gmt":"2024-07-15T15:07:59","guid":{"rendered":"https:\/\/blog.verde.ag\/pt\/?p=19430"},"modified":"2024-07-29T12:41:04","modified_gmt":"2024-07-29T15:41:04","slug":"verde-agritech-08-07-a-12-07","status":"publish","type":"post","link":"https:\/\/blog.verde.ag\/pt\/publicados-na-semana\/verde-agritech-08-07-a-12-07\/","title":{"rendered":"Veja os textos publicados no Blog da Verde Agritech na semana do dia 08\/07 a 12\/07!"},"content":{"rendered":"<p>Todas as semanas, o Blog da Verde Agritech traz v\u00e1rios textos para o agricultor brasileiro. S\u00e3o textos que abrangem diversos aspectos como o mercado agr\u00edcola, a nutri\u00e7\u00e3o de plantas, pre\u00e7os de fertilizantes, entre outros. Veja o que foi publicado entre os dias 08 e 12 de julho de 2024!<\/p>\n<h2>08 de julho (segunda-feira)<\/h2>\n<p>&#8211; Atualiza\u00e7\u00f5es dos textos de pre\u00e7os dos principais fertilizantes do mercado agr\u00edcola:<\/p>\n<p><img decoding=\"async\" class=\"aligncenter size-full wp-image-10374\" src=\"https:\/\/blog.verde.ag\/pt\/wp-content\/uploads\/2023\/01\/Saiba-qual-e-o-preco-do-cloreto-de-potassio.jpg\" alt=\"Saiba qual \u00e9 o pre\u00e7o do cloreto de pot\u00e1ssio\" width=\"1024\" height=\"536\" srcset=\"https:\/\/blog.verde.ag\/pt\/wp-content\/uploads\/2023\/01\/Saiba-qual-e-o-preco-do-cloreto-de-potassio.jpg 1024w, https:\/\/blog.verde.ag\/pt\/wp-content\/uploads\/2023\/01\/Saiba-qual-e-o-preco-do-cloreto-de-potassio-300x157.jpg 300w, https:\/\/blog.verde.ag\/pt\/wp-content\/uploads\/2023\/01\/Saiba-qual-e-o-preco-do-cloreto-de-potassio-768x402.jpg 768w, https:\/\/blog.verde.ag\/pt\/wp-content\/uploads\/2023\/01\/Saiba-qual-e-o-preco-do-cloreto-de-potassio-770x403.jpg 770w, https:\/\/blog.verde.ag\/pt\/wp-content\/uploads\/2023\/01\/Saiba-qual-e-o-preco-do-cloreto-de-potassio-150x79.jpg 150w\" sizes=\"(max-width: 1024px) 100vw, 1024px\" title=\"\"><\/p>\n<p>&#8211; <a href=\"https:\/\/blog.verde.ag\/pt\/mercado-agricola\/veja-os-precos-do-cloreto-de-potassio-e-outros-fertilizantes-usados-na-agricultura-brasileira\/\">Veja os pre\u00e7os do Cloreto de Pot\u00e1ssio e outros fertilizantes usados na agricultura brasileira<\/a><\/p>\n<p class=\"entry-title title flipboard-title\">&#8211; <a href=\"https:\/\/blog.verde.ag\/pt\/mercado-agricola\/preco-do-cloreto-de-potassio\/\">Saiba qual \u00e9 o pre\u00e7o do cloreto de pot\u00e1ssio<\/a><\/p>\n<p class=\"entry-title title flipboard-title\">&#8211; <a href=\"https:\/\/blog.verde.ag\/pt\/mercado-agricola\/preco-da-ureia-nesta-semana\/\">Veja o pre\u00e7o da ureia nesta semana<\/a><\/p>\n<p class=\"entry-title title flipboard-title\">&#8211; <a href=\"https:\/\/blog.verde.ag\/pt\/mercado-agricola\/preco-do-sulfato-de-amonio\/\">Descubra qual \u00e9 o pre\u00e7o do sulfato de am\u00f4nio no Brasil<\/a><\/p>\n<p class=\"entry-title title flipboard-title\">&#8211; <a href=\"https:\/\/blog.verde.ag\/pt\/mercado-agricola\/preco-do-map-no-brasil\/\">Saiba o pre\u00e7o do MAP no Brasil<\/a><\/p>\n<p class=\"entry-title title flipboard-title\">&#8211; <a href=\"https:\/\/blog.verde.ag\/pt\/mercado-agricola\/preco-do-super-simples-ssp\/\">Qual o pre\u00e7o do super simples (SSP) no Brasil?<\/a><\/p>\n<p class=\"entry-title title flipboard-title\">&#8211; <a href=\"https:\/\/blog.verde.ag\/pt\/potassio\/preco-do-potassio-recorde-historico\/\">Pre\u00e7o do pot\u00e1ssio pode bater o recorde hist\u00f3rico de 2008? O que o agricultor pode fazer para se proteger?<\/a><\/p>\n<p class=\"entry-title title flipboard-title\">&#8211; <a href=\"https:\/\/blog.verde.ag\/pt\/mercado-agricola\/a-alta-dos-precos-dos-fertilizantes-pode-estar-reduzindo-seus-lucros\/\">A alta dos pre\u00e7os dos fertilizantes pode estar reduzindo seus lucros<\/a><\/p>\n<p>&nbsp;<\/p>\n<div class=\"verde-content_3\" id=\"verde-2968455119\"><a class=\"text-color-btn\" href=\"https:\/\/wa.me\/5531999206297?text=Ol%C3%A1%2C%20vi%20o%20artigo%20no%20blog%20e%20gostaria%20de%20saber%20mais%20sobre%20os%20fertilizantes%20da%20Verde%20Agritech\" target=\"_blank\" rel=\"noopener noreferrer\">\r\n    <button class=\"btn-form-blog\">Quero revolucionar a produ\u00e7\u00e3o da minha lavoura<\/button>\r\n<\/a>\r\n\r\n<style>\r\n    .text-color-btn {\r\n        background-color: #38a38c;\r\n        color: #fff;\r\n        border: none;\r\n        border-radius: 20px;\r\n        cursor: pointer;\r\n        text-decoration: none; \/* Adicionado para evitar sublinhado no link *\/\r\n        display: inline-block;\r\n    }\r\n\r\n    .btn-form-blog {\r\n        padding: 14px;\r\n        background-color: #38a38c;\r\n        color: #fff;\r\n        border: none;\r\n        border-radius: 20px;\r\n        cursor: pointer;\r\n    }\r\n\r\n    .text-color-btn:hover {\r\n        background-color: #333;\r\n        transition: 0.4s;\r\n    }\r\n\r\n    .btn-form-blog:hover {\r\n        background-color: #333;\r\n        transition: 0.4s;\r\n    }\r\n\r\n    @media only screen and (max-width: 600px) {\r\n        .text-color-btn {\r\n            background-color: #38a38c;\r\n            color: #fff;\r\n        }\r\n        .btn-form-blog {\r\n            padding: 14px;\r\n            background-color: #38a38c;\r\n            color: #fff;\r\n        }\r\n    }\r\n<\/style><\/div><h2>09 de julho (ter\u00e7a-feira)<\/h2>\n<p><img decoding=\"async\" class=\"aligncenter size-full wp-image-19396\" src=\"https:\/\/blog.verde.ag\/pt\/wp-content\/uploads\/2024\/07\/Precos-do-cafe-valorizados-mas-clima-gera-preocupacao.-como-a-boa-adubacao-ajuda-a-evitar-riscos.jpg\" alt=\"Pre\u00e7os do caf\u00e9 valorizados, mas clima gera preocupa\u00e7\u00e3o: como a boa aduba\u00e7\u00e3o ajuda a evitar riscos?\" width=\"1200\" height=\"628\" srcset=\"https:\/\/blog.verde.ag\/pt\/wp-content\/uploads\/2024\/07\/Precos-do-cafe-valorizados-mas-clima-gera-preocupacao.-como-a-boa-adubacao-ajuda-a-evitar-riscos.jpg 1200w, https:\/\/blog.verde.ag\/pt\/wp-content\/uploads\/2024\/07\/Precos-do-cafe-valorizados-mas-clima-gera-preocupacao.-como-a-boa-adubacao-ajuda-a-evitar-riscos-300x157.jpg 300w, https:\/\/blog.verde.ag\/pt\/wp-content\/uploads\/2024\/07\/Precos-do-cafe-valorizados-mas-clima-gera-preocupacao.-como-a-boa-adubacao-ajuda-a-evitar-riscos-1024x536.jpg 1024w, https:\/\/blog.verde.ag\/pt\/wp-content\/uploads\/2024\/07\/Precos-do-cafe-valorizados-mas-clima-gera-preocupacao.-como-a-boa-adubacao-ajuda-a-evitar-riscos-768x402.jpg 768w, https:\/\/blog.verde.ag\/pt\/wp-content\/uploads\/2024\/07\/Precos-do-cafe-valorizados-mas-clima-gera-preocupacao.-como-a-boa-adubacao-ajuda-a-evitar-riscos-770x403.jpg 770w, https:\/\/blog.verde.ag\/pt\/wp-content\/uploads\/2024\/07\/Precos-do-cafe-valorizados-mas-clima-gera-preocupacao.-como-a-boa-adubacao-ajuda-a-evitar-riscos-150x79.jpg 150w\" sizes=\"(max-width: 1200px) 100vw, 1200px\" title=\"\"><\/p>\n<p style=\"text-align: center;\"><a href=\"https:\/\/blog.verde.ag\/pt\/mercado-agricola\/precos-do-cafe-riscos\/\">Pre\u00e7os do caf\u00e9 valorizados, mas clima gera preocupa\u00e7\u00e3o: como a boa aduba\u00e7\u00e3o ajuda a evitar riscos?<\/a><\/p>\n<div class=\"excerpt body-color\">Os pre\u00e7os do caf\u00e9 continuam em alta, mas clima seco traz preocupa\u00e7\u00e3o. Entenda como a boa aduba\u00e7\u00e3o ajuda a evitar esse risco e traz benef\u00edcios para a lavoura!<\/div>\n<p>&nbsp;<\/p>\n<h2>10 de julho (quarta-feira)<\/h2>\n<p><img decoding=\"async\" class=\"aligncenter size-full wp-image-19400\" src=\"https:\/\/blog.verde.ag\/pt\/wp-content\/uploads\/2024\/07\/Consultor-de-sucesso-de-Minas-Gerais-conta-como-o-KFORTE\u00ae-trouxe-ganhos-em-qualidade-e-produtividade-do-cafe.jpg\" alt=\"Consultor de sucesso de Minas Gerais conta como o KFORTE\u00ae trouxe ganhos em qualidade e produtividade do caf\u00e9\" width=\"1024\" height=\"536\" srcset=\"https:\/\/blog.verde.ag\/pt\/wp-content\/uploads\/2024\/07\/Consultor-de-sucesso-de-Minas-Gerais-conta-como-o-KFORTE\u00ae-trouxe-ganhos-em-qualidade-e-produtividade-do-cafe.jpg 1024w, https:\/\/blog.verde.ag\/pt\/wp-content\/uploads\/2024\/07\/Consultor-de-sucesso-de-Minas-Gerais-conta-como-o-KFORTE\u00ae-trouxe-ganhos-em-qualidade-e-produtividade-do-cafe-300x157.jpg 300w, https:\/\/blog.verde.ag\/pt\/wp-content\/uploads\/2024\/07\/Consultor-de-sucesso-de-Minas-Gerais-conta-como-o-KFORTE\u00ae-trouxe-ganhos-em-qualidade-e-produtividade-do-cafe-768x402.jpg 768w, https:\/\/blog.verde.ag\/pt\/wp-content\/uploads\/2024\/07\/Consultor-de-sucesso-de-Minas-Gerais-conta-como-o-KFORTE\u00ae-trouxe-ganhos-em-qualidade-e-produtividade-do-cafe-770x403.jpg 770w, https:\/\/blog.verde.ag\/pt\/wp-content\/uploads\/2024\/07\/Consultor-de-sucesso-de-Minas-Gerais-conta-como-o-KFORTE\u00ae-trouxe-ganhos-em-qualidade-e-produtividade-do-cafe-150x79.jpg 150w\" sizes=\"(max-width: 1024px) 100vw, 1024px\" title=\"\"><\/p>\n<p style=\"text-align: center;\"><a href=\"https:\/\/blog.verde.ag\/pt\/resultados-de-produtos\/kforte-qualidade-do-cafe\/\">Consultor de sucesso de Minas Gerais conta como o KFORTE<sup>\u00ae<\/sup> trouxe ganhos em qualidade e produtividade do caf\u00e9<\/a><\/p>\n<p>A produtividade e a qualidade s\u00e3o muito relevantes para a cultura do caf\u00e9. O consultor Felipe Lemos conta como o KFORTE<sup>\u00ae<\/sup> melhorou esses e outros par\u00e2metros!<\/p>\n<p>&nbsp;<\/p>\n<h2>11 de julho (quinta-feira)<\/h2>\n<p><img decoding=\"async\" class=\"aligncenter size-full wp-image-19405\" src=\"https:\/\/blog.verde.ag\/pt\/wp-content\/uploads\/2024\/07\/Riscos-do-clima-na-agricultura.-com-previsao-de-poucas-chuvas-e-calor-boa-adubacao-e-importante-para-evitar-impactos.jpg\" alt=\"Riscos do clima na agricultura: com previs\u00e3o de poucas chuvas e calor, boa aduba\u00e7\u00e3o \u00e9 importante para evitar impactos\" width=\"1200\" height=\"628\" srcset=\"https:\/\/blog.verde.ag\/pt\/wp-content\/uploads\/2024\/07\/Riscos-do-clima-na-agricultura.-com-previsao-de-poucas-chuvas-e-calor-boa-adubacao-e-importante-para-evitar-impactos.jpg 1200w, https:\/\/blog.verde.ag\/pt\/wp-content\/uploads\/2024\/07\/Riscos-do-clima-na-agricultura.-com-previsao-de-poucas-chuvas-e-calor-boa-adubacao-e-importante-para-evitar-impactos-300x157.jpg 300w, https:\/\/blog.verde.ag\/pt\/wp-content\/uploads\/2024\/07\/Riscos-do-clima-na-agricultura.-com-previsao-de-poucas-chuvas-e-calor-boa-adubacao-e-importante-para-evitar-impactos-1024x536.jpg 1024w, https:\/\/blog.verde.ag\/pt\/wp-content\/uploads\/2024\/07\/Riscos-do-clima-na-agricultura.-com-previsao-de-poucas-chuvas-e-calor-boa-adubacao-e-importante-para-evitar-impactos-768x402.jpg 768w, https:\/\/blog.verde.ag\/pt\/wp-content\/uploads\/2024\/07\/Riscos-do-clima-na-agricultura.-com-previsao-de-poucas-chuvas-e-calor-boa-adubacao-e-importante-para-evitar-impactos-770x403.jpg 770w, https:\/\/blog.verde.ag\/pt\/wp-content\/uploads\/2024\/07\/Riscos-do-clima-na-agricultura.-com-previsao-de-poucas-chuvas-e-calor-boa-adubacao-e-importante-para-evitar-impactos-150x79.jpg 150w\" sizes=\"(max-width: 1200px) 100vw, 1200px\" title=\"\"><\/p>\n<p style=\"text-align: center;\"><a href=\"https:\/\/blog.verde.ag\/pt\/nutricao-de-plantas\/riscos-do-clima-na-agricultura\/\">Riscos do clima na agricultura: com previs\u00e3o de poucas chuvas e calor, boa aduba\u00e7\u00e3o \u00e9 importante para evitar impactos<\/a><\/p>\n<p>Inmet traz previs\u00e3o de altas temperaturas e poucas chuvas para nos pr\u00f3ximos meses. Entenda como a aduba\u00e7\u00e3o ajuda a evitar riscos do clima na agricultura!<\/p>\n<p>&nbsp;<\/p>\n<p>Acompanhe os textos di\u00e1rios do blog da Verde Agritech e tenha o melhor conte\u00fado sobre o agro ao seu alcance!<\/p>\n","protected":false},"excerpt":{"rendered":"<p>Semanalmente, o blog da Verde Agritech traz os melhores textos sobre o agroneg\u00f3cio para o agricultor. Veja o que foi publicado de 08 a 12 de julho de 2024!<\/p>\n","protected":false},"author":10,"featured_media":19431,"comment_status":"open","ping_status":"open","sticky":false,"template":"","format":"standard","meta":[],"categories":[1199],"tags":[1475,1476,885,1213],"_links":{"self":[{"href":"https:\/\/blog.verde.ag\/pt\/wp-json\/wp\/v2\/posts\/19430"}],"collection":[{"href":"https:\/\/blog.verde.ag\/pt\/wp-json\/wp\/v2\/posts"}],"about":[{"href":"https:\/\/blog.verde.ag\/pt\/wp-json\/wp\/v2\/types\/post"}],"author":[{"embeddable":true,"href":"https:\/\/blog.verde.ag\/pt\/wp-json\/wp\/v2\/users\/10"}],"replies":[{"embeddable":true,"href":"https:\/\/blog.verde.ag\/pt\/wp-json\/wp\/v2\/comments?post=19430"}],"version-history":[{"count":0,"href":"https:\/\/blog.verde.ag\/pt\/wp-json\/wp\/v2\/posts\/19430\/revisions"}],"wp:featuredmedia":[{"embeddable":true,"href":"https:\/\/blog.verde.ag\/pt\/wp-json\/wp\/v2\/media\/19431"}],"wp:attachment":[{"href":"https:\/\/blog.verde.ag\/pt\/wp-json\/wp\/v2\/media?parent=19430"}],"wp:term":[{"taxonomy":"category","embeddable":true,"href":"https:\/\/blog.verde.ag\/pt\/wp-json\/wp\/v2\/categories?post=19430"},{"taxonomy":"post_tag","embeddable":true,"href":"https:\/\/blog.verde.ag\/pt\/wp-json\/wp\/v2\/tags?post=19430"}],"curies":[{"name":"wp","href":"https:\/\/api.w.org\/{rel}","templated":true}]}}