{"id":178,"date":"2020-08-17T21:19:41","date_gmt":"2020-08-18T00:19:41","guid":{"rendered":"http:\/\/navy-brainy-crate.blogs.rockstage.io\/?p=178"},"modified":"2024-05-03T11:18:08","modified_gmt":"2024-05-03T14:18:08","slug":"especialistas-do-cafe-falam-sobre-produtividade-na-crise","status":"publish","type":"post","link":"https:\/\/blog.verde.ag\/pt\/encontro-com-gigantes\/especialistas-do-cafe-falam-sobre-produtividade-na-crise\/","title":{"rendered":"Especialistas do mercado de caf\u00e9 falam sobre como aumentar a rentabilidade da lavoura em tempos de crise"},"content":{"rendered":"<p>Como manter a lavoura rent\u00e1vel em tempos turbulentos e incertos? Como fazer com que o cafeeiro continue produzindo em quantidade e qualidade?<\/p>\n<p>Essas s\u00e3o quest\u00f5es que certamente est\u00e3o na mente dos produtores de caf\u00e9 brasileiros atualmente.<\/p>\n<p>Para discutir sobre esses questionamentos, Armando Mattiello, Fred Elias e Felipe Lemos, especialistas do mercado cafeicultor, se reuniram em um evento online gratuito.<\/p>\n<p>A conversa ocorreu durante o evento <strong>\u201cEncontro com Gigantes \u2013 Caf\u00e9: \u00c9 poss\u00edvel aumentar produtividade e ainda reduzir custos?\u201d<\/strong>.<\/p>\n<p>O debate foi promovido pela Verde Agritech, empresa que produz o fertilizante <a href=\"https:\/\/blog.verde.ag\/pt\/produtos-da-verde\/entenda-o-que-e-o-k-forte-e-quais-beneficios-o-fertilizante-proporciona-para-a-agricultura\/\">K Forte<sup>\u00ae<\/sup><\/a>\u00a0, no dia 28 de abril de 2020.<\/p>\n<p>Sob a media\u00e7\u00e3o do fundador e CEO da Verde Agritech, Cristiano Veloso, os palestrantes conversaram sobre como o consumo de caf\u00e9 deve se manter mesmo em meio \u00e0 crise atual e como os produtores precisam se adaptar para conseguir continuar produzindo e tendo rentabilidade.<\/p>\n<p>Armando Mattiello, presidente da Associa\u00e7\u00e3o dos Cafeicultores do Brasil (SINCAL), avaliou que o consumo do caf\u00e9 deve se manter est\u00e1vel mesmo em meio \u00e0 atual situa\u00e7\u00e3o social e econ\u00f4mica, j\u00e1 que mesmo com a diminui\u00e7\u00e3o do consumo em cafeterias e outros locais, as pessoas ainda bebem caf\u00e9 em casa.<\/p>\n<p>Ele tamb\u00e9m falou sobre como os produtores devem ter o foco na rentabilidade da lavoura e \u00e9 preciso que se tenha uma mudan\u00e7a de vis\u00e3o do mercado:<\/p>\n<p>&#8220;Caf\u00e9 n\u00e3o \u00e9 <em>commodity<\/em>. Cada regi\u00e3o tem um caf\u00e9 com suas propriedades \u00fanicas, suas qualidades e caracter\u00edsticas. N\u00f3s temos que fazer essa diferencia\u00e7\u00e3o de caf\u00e9 pelas regi\u00f5es e agregar valor. O Brasil produz n\u00e3o s\u00f3 um caf\u00e9, mas muitos caf\u00e9s e \u00e9 preciso investir nisso de um ponto de vista do marketing&#8221;.<\/p>\n<p>Fred Elias, atual presidente da Associa\u00e7\u00e3o dos Cafeicultores da Regi\u00e3o de Patroc\u00ednio-MG (ACARPA), tamb\u00e9m falou sobre a import\u00e2ncia de ter o foco na rentabilidade da lavoura.<\/p>\n<p>Para ele, \u00e9 preciso ter um olhar atento ao que traz impactos sobre esse par\u00e2metro e modificar o que for preciso, criando uma nova cultura:<\/p>\n<p>&#8220;Criar uma cultura de sempre ser melhor, fazer as coisas melhores, ser mais motivado. O que \u00e9 ser melhor? Gerar o melhor lucro poss\u00edvel. O lucro mede a satisfa\u00e7\u00e3o dos seus clientes e beneficia todo mundo: clientes, funcion\u00e1rios, fornecedores e o pr\u00f3prio produtor&#8221;.<\/p>\n<p>Entre as maneiras de se melhorar a rentabilidade, <a href=\"https:\/\/youtu.be\/tcwCjQUAXsA?si=BWd4WccTJzw7XMxE\" rel=\"nofollow noopener\" target=\"_blank\">reduzindo os custos<\/a> e aumentando os lucros, os especialistas destacam que \u00e9 preciso estar disposto a utilizar medidas para que a lavoura seja mais eficiente, como podas, manejos de solo diferentes e novas tecnologias.<\/p>\n<p>Outro ponto importante citado pelos especialistas \u00e9 a valoriza\u00e7\u00e3o da produ\u00e7\u00e3o nacional de caf\u00e9 e dos insumos agr\u00edcolas nacionais, principalmente em tempos de varia\u00e7\u00f5es cambiais constantes:<\/p>\n<p>\u201cQuem t\u00e1 por dentro do mercado sabe a dificuldade que \u00e9 trazer uma tonelada de adubo de fora\u201d, diz <a href=\"https:\/\/blog.verde.ag\/pt\/resultados-de-produtos\/resultados-k-forte-cafe\/\">Felipe Lemos<\/a>, s\u00f3cio propriet\u00e1rio da Cafex Consultoria Agron\u00f4mica.<\/p>\n<p>Felipe Lemos tamb\u00e9m falou sobre como os produtores devem se preparar para enfrentar as dificuldades trazidas pela crise: \u201cFa\u00e7a a sua lavoura produtiva, cuide bem do seu neg\u00f3cio, n\u00e3o se contente com o convencional, tenha pessoas boas ao seu lado\u201d.<\/p>\n<p><strong>Armando Mattiello<\/strong>, al\u00e9m de presidente da SINCAL, \u00e9 produtor de caf\u00e9 em Guap\u00e9, munic\u00edpio de Minas Gerais.<\/p>\n<p>Formado em Engenharia Agron\u00f4mica e com M.B.A. pela Funda\u00e7\u00e3o Get\u00falio Vargas, Armando tem mais de 40 anos de experi\u00eancia na cafeicultura, sendo um nome de destaque entre os produtores de caf\u00e9 do sul de Minas Gerais.<\/p>\n<p><strong>Fred Elias<\/strong>, que est\u00e1 como presidente da ACARPA, \u00e9 empres\u00e1rio e produtor rural, Frederico \u00e9 formado em Administra\u00e7\u00e3o de Empresas pela Faculdade COC de Ribeir\u00e3o Preto.<\/p>\n<p>Al\u00e9m da experi\u00eancia na agricultura, Frederico tem experi\u00eancia na pecu\u00e1ria leiteira, na gera\u00e7\u00e3o e comercializa\u00e7\u00e3o de energia el\u00e9trica e na incorpora\u00e7\u00e3o imobili\u00e1ria.<\/p>\n<p>J\u00e1 <strong>Felipe Lemos<\/strong>, al\u00e9m de atuar na Cafex Consultoria Agron\u00f4mica, tem forma\u00e7\u00e3o em Ci\u00eancias Agr\u00e1rias pela Universidade Federal de Lavras e em Engenharia Agron\u00f4mica e Manejo do Solo pela Escola Superior de Agricultura Luiz de Queiroz (ESALQ).<\/p>\n<p>Especialista em cafeicultura, Felipe Lemos possui experi\u00eancia em consultoria e gest\u00e3o tecnol\u00f3gica de culturas de caf\u00e9.<\/p>\n<h2 class=\"ql-align-center\">A conversa com Armando Mattiello, Fred Elias e Felipe Lemos pode ser vista na \u00edntegra a seguir:<\/h2>\n<p><iframe class=\"ql-video\" src=\"https:\/\/www.youtube.com\/embed\/IS7MDUsDd0w?showinfo=0\" width=\"628\" height=\"354\" frameborder=\"0\" allowfullscreen=\"allowfullscreen\" data-mce-fragment=\"1\"><\/iframe><\/p>\n<p>Confira a programa\u00e7\u00e3o dos pr\u00f3ximos webinars em: <a href=\"https:\/\/www.kforte.com.br\/encontrocomgigantes\/\" target=\"_blank\" rel=\"noopener noreferrer nofollow\">https:\/\/www.kforte.com.br\/encontrocomgigantes\/<\/a>.<\/p>\n<p>Se preferir, voc\u00ea poder\u00e1 participar pelo telefone. As informa\u00e7\u00f5es detalhadas ser\u00e3o enviadas ap\u00f3s a inscri\u00e7\u00e3o.<\/p>\n","protected":false},"excerpt":{"rendered":"<p>Como manter a lavoura rent\u00e1vel em tempos turbulentos e incertos? Como fazer com que o cafeeiro continue produzindo em quantidade e qualidade? Essas s\u00e3o quest\u00f5es que certamente est\u00e3o na mente dos produtores de caf\u00e9 brasileiros atualmente.  <\/p>\n","protected":false},"author":7,"featured_media":2487,"comment_status":"open","ping_status":"open","sticky":false,"template":"","format":"standard","meta":[],"categories":[8,22],"tags":[27,891,885,227],"_links":{"self":[{"href":"https:\/\/blog.verde.ag\/pt\/wp-json\/wp\/v2\/posts\/178"}],"collection":[{"href":"https:\/\/blog.verde.ag\/pt\/wp-json\/wp\/v2\/posts"}],"about":[{"href":"https:\/\/blog.verde.ag\/pt\/wp-json\/wp\/v2\/types\/post"}],"author":[{"embeddable":true,"href":"https:\/\/blog.verde.ag\/pt\/wp-json\/wp\/v2\/users\/7"}],"replies":[{"embeddable":true,"href":"https:\/\/blog.verde.ag\/pt\/wp-json\/wp\/v2\/comments?post=178"}],"version-history":[{"count":0,"href":"https:\/\/blog.verde.ag\/pt\/wp-json\/wp\/v2\/posts\/178\/revisions"}],"wp:featuredmedia":[{"embeddable":true,"href":"https:\/\/blog.verde.ag\/pt\/wp-json\/wp\/v2\/media\/2487"}],"wp:attachment":[{"href":"https:\/\/blog.verde.ag\/pt\/wp-json\/wp\/v2\/media?parent=178"}],"wp:term":[{"taxonomy":"category","embeddable":true,"href":"https:\/\/blog.verde.ag\/pt\/wp-json\/wp\/v2\/categories?post=178"},{"taxonomy":"post_tag","embeddable":true,"href":"https:\/\/blog.verde.ag\/pt\/wp-json\/wp\/v2\/tags?post=178"}],"curies":[{"name":"wp","href":"https:\/\/api.w.org\/{rel}","templated":true}]}}