{"id":17021,"date":"2024-02-27T19:07:11","date_gmt":"2024-02-27T22:07:11","guid":{"rendered":"https:\/\/blog.verde.ag\/pt\/?p=17021"},"modified":"2024-05-21T09:49:49","modified_gmt":"2024-05-21T12:49:49","slug":"clima-na-safrinha-milho","status":"publish","type":"post","link":"https:\/\/blog.verde.ag\/pt\/nutricao-de-plantas\/clima-na-safrinha-milho\/","title":{"rendered":"Ciclo da soja e clima na safrinha do milho: saiba repercuss\u00f5es no cultivo e veja a import\u00e2ncia da aduba\u00e7\u00e3o"},"content":{"rendered":"<p>O cultivo da safrinha \u00e9 muito importante para a agricultura brasileira. No entanto, como a segunda safra depende do bom funcionamento do ciclo da primeira safra, o atraso no ciclo de culturas como a soja trouxe preocupa\u00e7\u00f5es. Estat\u00edsticas da Conab apontam, no entanto, que o ciclo da soja mais curto pode ter sido ben\u00e9fico para o cultivo do milho. No entanto, ainda restam preocupa\u00e7\u00f5es com impactos do clima na safrinha. Saiba mais sobre isso e descubra como a aduba\u00e7\u00e3o pode ser uma ferramenta importante para lidar com isso!<strong>\u00a0<\/strong><\/p>\n<h2>O atraso no ciclo da soja pode ter sido ben\u00e9fico para o milho safrinha<\/h2>\n<p>Os atrasos no plantio da safra de soja 2023\/24, ocasionados pela escassez de chuvas, levantaram questionamentos sobre o in\u00edcio do plantio do milho safrinha na janela ideal.<\/p>\n<p>Vale lembrar que o <a href=\"https:\/\/blog.verde.ag\/pt\/nutricao-de-plantas\/milho-safrinha\/\">cultivo do milho safrinha<\/a>, ou o milho de segunda safra, se mostrou altamente importante para que a produtividade dessa <em>commodity <\/em>agr\u00edcola crescesse no Brasil e o pa\u00eds alcan\u00e7asse posi\u00e7\u00f5es de destaque no cen\u00e1rio da produ\u00e7\u00e3o mundial de milho.<\/p>\n<p>\u00c9 aponta a Empresa Brasileira de Pesquisa Agropecu\u00e1ria (Embrapa).\u00a0 Ainda segundo a institui\u00e7\u00e3o, <a href=\"https:\/\/blog.verde.ag\/pt\/nutricao-de-plantas\/sistema-soja-milho-potassio\/\">a associa\u00e7\u00e3o do milho safrinha com a soja em sistemas de rota\u00e7\u00e3o de culturas<\/a> \u00e9 um dos fatores que tem beneficiado esse cultivo.<\/p>\n<p>Todavia, em muitas regi\u00f5es, o ciclo de desenvolvimento mais curto da soja acabou beneficiando o <a href=\"https:\/\/blog.verde.ag\/pt\/nutricao-de-plantas\/plantio-de-milho\/\">plantio inicial da safrinha<\/a>, que est\u00e1 adiantado at\u00e9 o momento.<\/p>\n<p>Segundo levantamento da Companhia Nacional de Abastecimento (Conab) at\u00e9 meados de fevereiros de 2024, o plantio da segunda safra de milho no Brasil atingiu 59% da estimativa total.<\/p>\n<p>Esse n\u00famero supera os 48,7% registrados no mesmo per\u00edodo do ano anterior. Entre os mais avan\u00e7ados na semeadura, e que correspondem a 91% do total estimado, de acordo com a Conab, est\u00e3o:<\/p>\n<ul>\n<li>Mato Grosso, com 77,4% do total j\u00e1 plantado;<\/li>\n<li>Paran\u00e1, com 55%;<\/li>\n<li>Goi\u00e1s, com 49%);<\/li>\n<li>Tocantins, com 45%;<\/li>\n<li>Mato Grosso do Sul, com 40%;<\/li>\n<li>Minas Gerais 26,3%;<\/li>\n<li>Maranh\u00e3o, com 25%;<\/li>\n<li>S\u00e3o Paulo, com 10%;<\/li>\n<li>E Piau\u00ed, ainda com 2%.<\/li>\n<\/ul>\n<p>Em entrevista ao portal <a href=\"https:\/\/www.noticiasagricolas.com.br\/noticias\/milho\/371004-encurtamento-do-ciclo-da-soja-ajudou-avanco-do-plantio-do-milho-em-muitas-regioes-mas-clima-a-frente-preocupa.html\" rel=\"nofollow noopener\" target=\"_blank\">Not\u00edcias Agr\u00edcolas<\/a>, Ruan Sene, Analista de Mercado da Gr\u00e3o Direto, observa que o que foi um problema para a soja se mostrou ben\u00e9fico para o milho.<\/p>\n<p>Segundo ele, a raz\u00e3o para isso \u00e9 que o encurtamento do <a href=\"https:\/\/blog.verde.ag\/pt\/nutricao-de-plantas\/ciclo-da-soja\/\">ciclo da soja<\/a> e o in\u00edcio antecipado do plantio da safrinha, acabou trazendo uma redu\u00e7\u00e3o no per\u00edodo de risco clim\u00e1tico.<\/p>\n<p>No entanto, ele ressalta a import\u00e2ncia de condi\u00e7\u00f5es clim\u00e1ticas favor\u00e1veis nos pr\u00f3ximos meses para garantir o desenvolvimento satisfat\u00f3rio da safra. Mas, como dever\u00e1 estar o clima nos pr\u00f3ximos meses?<\/p>\n<div class=\"verde-content_3\" id=\"verde-1171467248\"><a class=\"text-color-btn\" href=\"https:\/\/wa.me\/5531999206297?text=Ol%C3%A1%2C%20vi%20o%20artigo%20no%20blog%20e%20gostaria%20de%20saber%20mais%20sobre%20os%20fertilizantes%20da%20Verde%20Agritech\" target=\"_blank\" rel=\"noopener noreferrer\">\r\n    <button class=\"btn-form-blog\">Quero revolucionar a produ\u00e7\u00e3o da minha lavoura<\/button>\r\n<\/a>\r\n\r\n<style>\r\n    .text-color-btn {\r\n        background-color: #38a38c;\r\n        color: #fff;\r\n        border: none;\r\n        border-radius: 20px;\r\n        cursor: pointer;\r\n        text-decoration: none; \/* Adicionado para evitar sublinhado no link *\/\r\n        display: inline-block;\r\n    }\r\n\r\n    .btn-form-blog {\r\n        padding: 14px;\r\n        background-color: #38a38c;\r\n        color: #fff;\r\n        border: none;\r\n        border-radius: 20px;\r\n        cursor: pointer;\r\n    }\r\n\r\n    .text-color-btn:hover {\r\n        background-color: #333;\r\n        transition: 0.4s;\r\n    }\r\n\r\n    .btn-form-blog:hover {\r\n        background-color: #333;\r\n        transition: 0.4s;\r\n    }\r\n\r\n    @media only screen and (max-width: 600px) {\r\n        .text-color-btn {\r\n            background-color: #38a38c;\r\n            color: #fff;\r\n        }\r\n        .btn-form-blog {\r\n            padding: 14px;\r\n            background-color: #38a38c;\r\n            color: #fff;\r\n        }\r\n    }\r\n<\/style><\/div><h2>Impactos do clima na safrinha trazem incertezas para os cultivos<\/h2>\n<p>O clima \u00e9 uma vari\u00e1vel muito importante para a agricultura, j\u00e1 que as plantas precisam de condi\u00e7\u00f5es ideais de temperatura e de chuvas para se desenvolverem e produzirem de forma adequada.<\/p>\n<p>No entanto, essa \u00e9 uma das vari\u00e1veis agr\u00edcolas que mais est\u00e3o fora do controle do agricultor. Recentemente, a atividade agr\u00edcola tem sofrido impactos das mudan\u00e7as clim\u00e1ticas, com a intensifica\u00e7\u00e3o de <a href=\"https:\/\/blog.verde.ag\/pt\/nutricao-de-plantas\/el-nino-safrinha\/\">fen\u00f4menos como o El Ni\u00f1o<\/a>, por exemplo. E, nesse sentido, as previs\u00f5es clim\u00e1ticas trazem incertezas para as lavouras de segunda safra.<\/p>\n<p>De acordo com an\u00e1lises da Nottus Meteorologia, h\u00e1 indicativos de chuvas abaixo da m\u00e9dia para abril, o que pode impactar diretamente o desenvolvimento das lavouras de segunda safra.<\/p>\n<p>Aqui, a possibilidade de uma diminui\u00e7\u00e3o precoce das chuvas, associada ao <a href=\"https:\/\/blog.verde.ag\/pt\/nutricao-de-plantas\/el-nino-plantio\/\">hist\u00f3rico do El Ni\u00f1o<\/a>, aumenta os desafios para os agricultores, tornando essencial o monitoramento constante das condi\u00e7\u00f5es clim\u00e1ticas para tomada de decis\u00f5es precisas.<\/p>\n<p>\u00c9 o que aponta Desir\u00e9e Brandt, Meteorologista e S\u00f3cia-Executiva da Nottus, segundo reporta o portal Not\u00edcias Agr\u00edcolas.<\/p>\n<p>Brandt alerta que, com a chegada precoce do per\u00edodo seco neste ano, os agricultores que dependem tradicionalmente das chuvas at\u00e9 maio enfrentar\u00e3o dificuldades devido \u00e0 incerteza da precipita\u00e7\u00e3o.<\/p>\n<p>Mas, como os agricultores podem lidar com isso? Primeiramente, \u00e9 importante estar sempre atento ao monitoramento das condi\u00e7\u00f5es clim\u00e1ticas, j\u00e1 que isso permite que sejam tomadas medidas para prevenir impactos com mais anteced\u00eancia.<\/p>\n<p>Entre essas medidas, por exemplo, est\u00e3o a <a href=\"https:\/\/blog.verde.ag\/pt\/tecnicas-agricolas\/como-melhorar-a-irrigacao\/\">implementa\u00e7\u00e3o de sistemas de irriga\u00e7\u00e3o mais eficientes<\/a>, que ajudem o milho safrinha a resistir \u00e0s condi\u00e7\u00f5es de falta de chuva, que acabam gerando um estresse h\u00eddrico nas plantas.<\/p>\n<p>Outra medida \u00e9 utilizar variedades que sejam mais resistentes a essas condi\u00e7\u00f5es de estresse h\u00eddrico. Assim, o agricultor consegue se valer de caracter\u00edsticas naturais das plantas para mitigar os efeitos do clima na safrinha.<\/p>\n<p>Al\u00e9m disso, a aduba\u00e7\u00e3o adequada pode ser uma ferramenta chave para prevenir e mitigar os efeitos clim\u00e1ticos no plantio do milho safrinha.<strong>\u00a0<\/strong><\/p>\n<h2>Como a aduba\u00e7\u00e3o pode mitigar os impactos do clima na safrinha?<\/h2>\n<p>A aduba\u00e7\u00e3o \u00e9 uma etapa crucial do manejo agr\u00edcola, j\u00e1 que \u00e9 principalmente atrav\u00e9s dela que os nutrientes que as plantas precisam para crescer e produzir de forma adequada e com qualidade s\u00e3o fornecidos para o solo.<\/p>\n<p>No entanto, muitos desses nutrientes tamb\u00e9m exercem fun\u00e7\u00f5es na fisiologia e no metabolismo vegetal que ajudam na forma como elas lidam com impactos do clima.<\/p>\n<p>O <a href=\"https:\/\/blog.verde.ag\/pt\/nutricao-de-plantas\/por-que-as-plantas-precisam-de-potassio-na-agricultura\/\">pot\u00e1ssio<\/a>, por exemplo \u00e9 um nutriente que normalmente \u00e9 o segundo mais requerido pelas plantas e que tem entre as suas fun\u00e7\u00f5es a <a href=\"https:\/\/blog.verde.ag\/pt\/nutricao-de-plantas\/potassio-controle-osmotico\/\">regula\u00e7\u00e3o de processos osm\u00f3ticos<\/a> que influenciam a abertura e o fechamento dos est\u00f4matos.<\/p>\n<p>Essas estruturas s\u00e3o fundamentais para a evapotranspira\u00e7\u00e3o das plantas, o que faz com que elas lidem de uma maneira mais eficiente com situa\u00e7\u00f5es de estresse h\u00eddrico que podem ser causadas por falta de chuvas.<\/p>\n<p>Al\u00e9m disso, essa a\u00e7\u00e3o do pot\u00e1ssio tamb\u00e9m favorece o processo de fotoss\u00edntese. E vale mencionar tamb\u00e9m estudos indicam que esse nutriente ajuda inclusive a <a href=\"https:\/\/blog.verde.ag\/pt\/nutricao-de-plantas\/potassio-auxililio-contra-danos-da-geada-no-cafe\/\">reduzir impactos do espectro oposto da temperatura, minimizando efeitos da gead<\/a>a, por exemplo.<\/p>\n<p>Outros nutrientes ainda s\u00e3o fundamentais para a forma\u00e7\u00e3o do <a href=\"https:\/\/blog.verde.ag\/pt\/nutricao-de-plantas\/como-as-raizes-ajudam-a-tornar-o-uso-do-solo-mais-sustentavel\/\">sistema radicular das plantas<\/a>, melhorando o aproveitamento de \u00e1gua. E cabe mencionar tamb\u00e9m o <a href=\"https:\/\/blog.verde.ag\/pt\/nutricao-de-plantas\/quais-sao-os-beneficios-do-uso-do-silicio-nas-plantas\/\">sil\u00edcio<\/a>, que ainda que n\u00e3o seja amplamente visto como nutriente essencial, \u00e9 tido como um elemento ben\u00e9fico.<\/p>\n<p>Isso porque a sua inclus\u00e3o na aduba\u00e7\u00e3o traz vantagens para as plantas que contribuem para reduzir os impactos do clima nas plantas, incluindo culturas de safrinha como o milho. De acordo com estudos cient\u00edficos, existem duas formas principais atrav\u00e9s das quais ele faz isso.<\/p>\n<p>Uma \u00e9 atrav\u00e9s do fortalecimento dos tecidos vegetais, o que contribui para que os processos de evapotranspira\u00e7\u00e3o sejam mais eficientes nas plantas.<\/p>\n<p>Al\u00e9m disso, o sil\u00edcio tem a\u00e7\u00f5es fisiol\u00f3gicas nas plantas, ajudando na promo\u00e7\u00e3o da <a href=\"https:\/\/blog.verde.ag\/pt\/nutricao-de-plantas\/qual-a-importancia-do-silicio-na-minimizacao-do-estresse-hidrico-em-plantas\/\">indu\u00e7\u00e3o da resist\u00eancia aos estresses abi\u00f3ticos, como as secas<\/a>, entre outros benef\u00edcios.<\/p>\n<p>E, dentro da aduba\u00e7\u00e3o, os fertilizantes s\u00e3o ferramentas fundamentais, j\u00e1 que eles s\u00e3o os principais respons\u00e1veis por trazer os nutrientes para o agroecossistema. Assim, \u00e9 importante utilizar fertilizantes mais completos e eficazes.<\/p>\n<p>\u00c9 o caso do <a href=\"https:\/\/blog.verde.ag\/pt\/produtos-da-verde\/entenda-o-que-e-o-k-forte-e-quais-beneficios-o-fertilizante-proporciona-para-a-agricultura\/\">KFORTE<sup> \u00ae<\/sup><\/a> e dos outros fertilizantes que Verde Agritech, empresa de tecnologia agr\u00edcola, produz.<\/p>\n<div class=\"shortcode_mobile\"><!--mobile-->\r\n<p><a href=\"https:\/\/conteudo.verde.ag\/kforte-fertilizante\/?utm_source=blog&amp;utm_campaign=Blog||Artigo&amp;utm_adset_name=banner&amp;utm_content=KFORTE-BANNER-MOBILE\" target=\"_blank\" rel=\"noopener\"><img class=\"alignnone size-full wp-image-10080\" src=\"https:\/\/blog.verde.ag\/pt\/wp-content\/uploads\/2024\/04\/KForte_Banner_Mobile.jpg\" alt=\"-\" width=\"800\" height=\"400\" title=\"\"><\/a><\/p>\r\n<\/div>\r\n<div class=\"shortcode_desktop\"><!--desktop-->\r\n<p><a href=\"https:\/\/conteudo.verde.ag\/kforte-fertilizante\/?utm_source=blog&amp;utm_campaign=Blog||Artigo&amp;utm_adset_name=banner&amp;utm_content=KFORTE-BANNER-DESKTOP\" target=\"_blank\" rel=\"noopener\"><img class=\"alignnone size-full wp-image-10080\" src=\"https:\/\/blog.verde.ag\/pt\/wp-content\/uploads\/2024\/04\/KForte_Banner_Desktop1.jpg\" alt=\"-\" width=\"800\" height=\"200\" title=\"\"><\/a><\/p>\r\n<\/div>\n<p>Entre as caracter\u00edsticas mais vantajosas dos fertilizantes da Verde Agritech \u00e9 que eles s\u00e3o multinutrientes, sendo fonte de pot\u00e1ssio e outros nutrientes importantes para as plantas.<\/p>\n<p>Al\u00e9m disso, eles tamb\u00e9m fornecem para as plantas o sil\u00edcio, o que ajuda o agricultor a realizar um manejo que \u00e9 mais completo e com um \u00fanico fertilizante.<\/p>\n<p>A Verde Agritech desenvolveu ainda tecnologias exclusivas e inovadoras com as quais os fertilizantes que ela produz contam. Gra\u00e7as a elas, essas ferramentas de nutri\u00e7\u00e3o agr\u00edcola podem trazer mais vantagens para o manejo.<\/p>\n<p>As tecnologias exclusivas e inovadoras da Verde Agritech trazem caracter\u00edsticas vantajosas para os fertilizantes que ela produz. Por exemplo, elas permitem que eles <a href=\"https:\/\/blog.verde.ag\/pt\/nutricao-de-plantas\/quais-sao-as-diferencas-entre-fertilizante-de-liberacao-gradual-e-imediata\/\">disponibilizem os nutrientes de maneira gradual<\/a>.<\/p>\n<div class=\"epyt-video-wrapper\"><iframe  id=\"_ytid_50465\"  width=\"1170\" height=\"658\"  data-origwidth=\"1170\" data-origheight=\"658\"  data-relstop=\"1\" src=\"https:\/\/www.youtube.com\/embed\/bp2KXWxXtU4?enablejsapi=1&#038;autoplay=0&#038;cc_load_policy=0&#038;cc_lang_pref=&#038;iv_load_policy=1&#038;loop=0&#038;modestbranding=1&#038;rel=0&#038;fs=1&#038;playsinline=0&#038;autohide=2&#038;theme=dark&#038;color=red&#038;controls=1&#038;\" class=\"__youtube_prefs__  epyt-is-override  no-lazyload\" title=\"YouTube player\"  allow=\"fullscreen; accelerometer; autoplay; clipboard-write; encrypted-media; gyroscope; picture-in-picture\" allowfullscreen data-no-lazy=\"1\" data-skipgform_ajax_framebjll=\"\"><\/iframe><\/div>\n<p style=\"text-align: center;\"><em style=\"font-size: 12px;\">Fertilizantes com disponibiliza\u00e7\u00e3o gradual trazem mais vantagens para o manejo<\/em><\/p>\n<p>Al\u00e9m de ajudar na constru\u00e7\u00e3o e manuten\u00e7\u00e3o da fertilidade do solo, <a href=\"https:\/\/youtu.be\/tcwCjQUAXsA?si=l0eLtvlFWadhDD6N\" rel=\"nofollow noopener\" target=\"_blank\">valorizando o investimento do agricultor<\/a>, isso torna os fertilizantes da Verde Agritech <a href=\"https:\/\/blog.verde.ag\/pt\/nutricao-de-plantas\/lixiviacao-de-nutrientes-por-que-o-potassio-possui-o-maior-risco-de-perdas\/\">menos suscet\u00edveis \u00e0 lixivia\u00e7\u00e3o<\/a>.<\/p>\n<p>Vale notar que esse fen\u00f4meno pode ser desencadeado por excessos de chuva que os eventos clim\u00e1ticos como o El Ni\u00f1o tamb\u00e9m podem trazer.<\/p>\n<p>Dessa maneira, al\u00e9m de uma aduba\u00e7\u00e3o eficiente e completa, o uso de fertilizantes como os da Verde Agritech podem contribuir para reduzir impactos do clima na safrinha, que podem afetar a produtividade de cultivos como o milho de segunda safra.<\/p>\n<h2>Monitoramento e implementa\u00e7\u00e3o de medidas de preven\u00e7\u00e3o, al\u00e9m de uma boa aduba\u00e7\u00e3o, podem reduzir econsequ\u00eancias do clima na safrinha<\/h2>\n<p>Em s\u00edntese, cultivos de segunda safra, como o milho, s\u00e3o altamente importantes para a agricultura brasileira. No entanto, eles podem ser afetados por problemas como atrasos no ciclo das culturas de primeira safra, como a soja.<\/p>\n<p>No caso do milho de segunda safra, previs\u00f5es indicam que o atraso no ciclo da soja trouxe certos benef\u00edcios para esse cultivo. Todavia, especialistas tamb\u00e9m apontam que pode haver problemas relacionados ao clima na safrinha.<\/p>\n<p>Assim, al\u00e9m de estar atento e implementar medidas de preven\u00e7\u00e3o, \u00e9 importante que o agricultor fa\u00e7a uma aduba\u00e7\u00e3o com fertilizantes eficazes e capazes de trazer um manejo mais completo, que ajude a lavoura a lidar com impactos do clima na safrinha.<\/p>\n","protected":false},"excerpt":{"rendered":"<p>Ciclo da soja e clima na safrinha: saiba como esses fatores podem impactar o cultivo do milho e descubra as vantagens de fazer uma boa aduba\u00e7\u00e3o!<\/p>\n","protected":false},"author":7,"featured_media":17023,"comment_status":"open","ping_status":"open","sticky":false,"template":"","format":"standard","meta":[],"categories":[197],"tags":[1025,886,72,31,1211,30],"_links":{"self":[{"href":"https:\/\/blog.verde.ag\/pt\/wp-json\/wp\/v2\/posts\/17021"}],"collection":[{"href":"https:\/\/blog.verde.ag\/pt\/wp-json\/wp\/v2\/posts"}],"about":[{"href":"https:\/\/blog.verde.ag\/pt\/wp-json\/wp\/v2\/types\/post"}],"author":[{"embeddable":true,"href":"https:\/\/blog.verde.ag\/pt\/wp-json\/wp\/v2\/users\/7"}],"replies":[{"embeddable":true,"href":"https:\/\/blog.verde.ag\/pt\/wp-json\/wp\/v2\/comments?post=17021"}],"version-history":[{"count":0,"href":"https:\/\/blog.verde.ag\/pt\/wp-json\/wp\/v2\/posts\/17021\/revisions"}],"wp:featuredmedia":[{"embeddable":true,"href":"https:\/\/blog.verde.ag\/pt\/wp-json\/wp\/v2\/media\/17023"}],"wp:attachment":[{"href":"https:\/\/blog.verde.ag\/pt\/wp-json\/wp\/v2\/media?parent=17021"}],"wp:term":[{"taxonomy":"category","embeddable":true,"href":"https:\/\/blog.verde.ag\/pt\/wp-json\/wp\/v2\/categories?post=17021"},{"taxonomy":"post_tag","embeddable":true,"href":"https:\/\/blog.verde.ag\/pt\/wp-json\/wp\/v2\/tags?post=17021"}],"curies":[{"name":"wp","href":"https:\/\/api.w.org\/{rel}","templated":true}]}}