{"id":16344,"date":"2023-11-27T12:28:30","date_gmt":"2023-11-27T15:28:30","guid":{"rendered":"https:\/\/blog.verde.ag\/pt\/?p=16344"},"modified":"2023-12-04T00:10:33","modified_gmt":"2023-12-04T03:10:33","slug":"verde-agritech-20-11-a-24-11","status":"publish","type":"post","link":"https:\/\/blog.verde.ag\/pt\/publicados-na-semana\/verde-agritech-20-11-a-24-11\/","title":{"rendered":"Veja os textos publicados no Blog da Verde Agritech na semana do dia 20\/11 a 24\/11!"},"content":{"rendered":"<p>Todas as semanas, o Blog da Verde Agritech traz diversos textos, abrangendo diversos aspectos como o mercado agr\u00edcola, a nutri\u00e7\u00e3o de plantas, pre\u00e7os de fertilizantes, entre outros. Veja o que foi publicado na semana do dia 20 de novembro ao dia 24 de novembro de 2023!<\/p>\n<h2>20 de novembro (segunda-feira)<\/h2>\n<p>&#8211; Atualiza\u00e7\u00f5es dos textos de pre\u00e7os dos principais fertilizantes do mercado agr\u00edcola:<\/p>\n<p><img decoding=\"async\" class=\"aligncenter size-full wp-image-10383\" src=\"https:\/\/blog.verde.ag\/pt\/wp-content\/uploads\/2023\/01\/Veja-o-preco-da-ureia-nesta-semana.webp\" alt=\"Veja o pre\u00e7o da ureia nesta semana\" width=\"1024\" height=\"536\" srcset=\"https:\/\/blog.verde.ag\/pt\/wp-content\/uploads\/2023\/01\/Veja-o-preco-da-ureia-nesta-semana.webp 1024w, https:\/\/blog.verde.ag\/pt\/wp-content\/uploads\/2023\/01\/Veja-o-preco-da-ureia-nesta-semana-300x157.webp 300w, https:\/\/blog.verde.ag\/pt\/wp-content\/uploads\/2023\/01\/Veja-o-preco-da-ureia-nesta-semana-768x402.webp 768w, https:\/\/blog.verde.ag\/pt\/wp-content\/uploads\/2023\/01\/Veja-o-preco-da-ureia-nesta-semana-770x403.webp 770w, https:\/\/blog.verde.ag\/pt\/wp-content\/uploads\/2023\/01\/Veja-o-preco-da-ureia-nesta-semana-150x79.webp 150w\" sizes=\"(max-width: 1024px) 100vw, 1024px\" title=\"\"><\/p>\n<p>&#8211; <a href=\"https:\/\/blog.verde.ag\/pt\/mercado-agricola\/veja-os-precos-do-cloreto-de-potassio-e-outros-fertilizantes-usados-na-agricultura-brasileira\/\">Veja os pre\u00e7os do Cloreto de Pot\u00e1ssio e outros fertilizantes usados na agricultura brasileira<\/a><\/p>\n<p class=\"entry-title title flipboard-title\">&#8211; <a href=\"https:\/\/blog.verde.ag\/pt\/mercado-agricola\/preco-do-cloreto-de-potassio\/\">Saiba qual \u00e9 o pre\u00e7o do cloreto de pot\u00e1ssio<\/a><\/p>\n<p class=\"entry-title title flipboard-title\">&#8211; <a href=\"https:\/\/blog.verde.ag\/pt\/mercado-agricola\/preco-da-ureia-nesta-semana\/\">Veja o pre\u00e7o da ureia nesta semana<\/a><\/p>\n<p class=\"entry-title title flipboard-title\">&#8211; <a href=\"https:\/\/blog.verde.ag\/pt\/mercado-agricola\/preco-do-sulfato-de-amonio\/\">Descubra qual \u00e9 o pre\u00e7o do sulfato de am\u00f4nio no Brasil<\/a><\/p>\n<p class=\"entry-title title flipboard-title\">&#8211; <a href=\"https:\/\/blog.verde.ag\/pt\/mercado-agricola\/preco-do-map-no-brasil\/\">Saiba o pre\u00e7o do MAP no Brasil<\/a><\/p>\n<p class=\"entry-title title flipboard-title\">&#8211; <a href=\"https:\/\/blog.verde.ag\/pt\/mercado-agricola\/preco-do-super-simples-ssp\/\">Qual o pre\u00e7o do super simples (SSP) no Brasil?<\/a><\/p>\n<p class=\"entry-title title flipboard-title\">&#8211; <a href=\"https:\/\/blog.verde.ag\/pt\/potassio\/preco-do-potassio-recorde-historico\/\">Pre\u00e7o do pot\u00e1ssio pode bater o recorde hist\u00f3rico de 2008? O que o agricultor pode fazer para se proteger?<\/a><\/p>\n<p class=\"entry-title title flipboard-title\">&#8211; <a href=\"https:\/\/blog.verde.ag\/pt\/mercado-agricola\/a-alta-dos-precos-dos-fertilizantes-pode-estar-reduzindo-seus-lucros\/\">A alta dos pre\u00e7os dos fertilizantes pode estar reduzindo seus lucros<\/a><\/p>\n<p>&nbsp;<\/p>\n<div class=\"verde-content_3\" id=\"verde-1938153812\"><a class=\"text-color-btn\" href=\"https:\/\/wa.me\/5531999206297?text=Ol%C3%A1%2C%20vi%20o%20artigo%20no%20blog%20e%20gostaria%20de%20saber%20mais%20sobre%20os%20fertilizantes%20da%20Verde%20Agritech\" target=\"_blank\" rel=\"noopener noreferrer\">\r\n    <button class=\"btn-form-blog\">Quero revolucionar a produ\u00e7\u00e3o da minha lavoura<\/button>\r\n<\/a>\r\n\r\n<style>\r\n    .text-color-btn {\r\n        background-color: #38a38c;\r\n        color: #fff;\r\n        border: none;\r\n        border-radius: 20px;\r\n        cursor: pointer;\r\n        text-decoration: none; \/* Adicionado para evitar sublinhado no link *\/\r\n        display: inline-block;\r\n    }\r\n\r\n    .btn-form-blog {\r\n        padding: 14px;\r\n        background-color: #38a38c;\r\n        color: #fff;\r\n        border: none;\r\n        border-radius: 20px;\r\n        cursor: pointer;\r\n    }\r\n\r\n    .text-color-btn:hover {\r\n        background-color: #333;\r\n        transition: 0.4s;\r\n    }\r\n\r\n    .btn-form-blog:hover {\r\n        background-color: #333;\r\n        transition: 0.4s;\r\n    }\r\n\r\n    @media only screen and (max-width: 600px) {\r\n        .text-color-btn {\r\n            background-color: #38a38c;\r\n            color: #fff;\r\n        }\r\n        .btn-form-blog {\r\n            padding: 14px;\r\n            background-color: #38a38c;\r\n            color: #fff;\r\n        }\r\n    }\r\n<\/style><\/div><h2>21 de novembro (ter\u00e7a-feira)<\/h2>\n<p><img decoding=\"async\" class=\"aligncenter size-full wp-image-16305\" src=\"https:\/\/blog.verde.ag\/pt\/wp-content\/uploads\/2023\/11\/Onda-de-calor.-entenda-os-impactos-no-plantio-da-lavoura.jpg\" alt=\"Onda de calor: entenda os impactos no plantio da lavoura\" width=\"1200\" height=\"628\" srcset=\"https:\/\/blog.verde.ag\/pt\/wp-content\/uploads\/2023\/11\/Onda-de-calor.-entenda-os-impactos-no-plantio-da-lavoura.jpg 1200w, https:\/\/blog.verde.ag\/pt\/wp-content\/uploads\/2023\/11\/Onda-de-calor.-entenda-os-impactos-no-plantio-da-lavoura-300x157.jpg 300w, https:\/\/blog.verde.ag\/pt\/wp-content\/uploads\/2023\/11\/Onda-de-calor.-entenda-os-impactos-no-plantio-da-lavoura-1024x536.jpg 1024w, https:\/\/blog.verde.ag\/pt\/wp-content\/uploads\/2023\/11\/Onda-de-calor.-entenda-os-impactos-no-plantio-da-lavoura-768x402.jpg 768w, https:\/\/blog.verde.ag\/pt\/wp-content\/uploads\/2023\/11\/Onda-de-calor.-entenda-os-impactos-no-plantio-da-lavoura-770x403.jpg 770w, https:\/\/blog.verde.ag\/pt\/wp-content\/uploads\/2023\/11\/Onda-de-calor.-entenda-os-impactos-no-plantio-da-lavoura-150x79.jpg 150w\" sizes=\"(max-width: 1200px) 100vw, 1200px\" title=\"\"><\/p>\n<p class=\"title cb-post-title\" style=\"text-align: center;\"><a href=\"https:\/\/blog.verde.ag\/pt\/nutricao-de-plantas\/onda-de-calor-plantio\/\">Onda de calor: entenda os impactos no plantio da lavoura<\/a><\/p>\n<p>O clima \u00e9 um fator crucial para o sucesso da agricultura. Mas, qual \u00e9 o impacto da ocorr\u00eancia de uma onda de calor no plantio agr\u00edcola? Saiba mais sobre isso!<\/p>\n<p>&nbsp;<\/p>\n<p><img decoding=\"async\" class=\"aligncenter size-full wp-image-16297\" src=\"https:\/\/blog.verde.ag\/pt\/wp-content\/uploads\/2023\/11\/Noticias-agricolas.-El-Nino-esta-ganhando-forca-e-se-aproximando-do-nivel-de-Super-El-Nino.jpg\" alt=\"Not\u00edcias agr\u00edcolas: El Ni\u00f1o est\u00e1 ganhando for\u00e7a e se aproximando do n\u00edvel de Super El Ni\u00f1o\" width=\"1200\" height=\"628\" srcset=\"https:\/\/blog.verde.ag\/pt\/wp-content\/uploads\/2023\/11\/Noticias-agricolas.-El-Nino-esta-ganhando-forca-e-se-aproximando-do-nivel-de-Super-El-Nino.jpg 1200w, https:\/\/blog.verde.ag\/pt\/wp-content\/uploads\/2023\/11\/Noticias-agricolas.-El-Nino-esta-ganhando-forca-e-se-aproximando-do-nivel-de-Super-El-Nino-300x157.jpg 300w, https:\/\/blog.verde.ag\/pt\/wp-content\/uploads\/2023\/11\/Noticias-agricolas.-El-Nino-esta-ganhando-forca-e-se-aproximando-do-nivel-de-Super-El-Nino-1024x536.jpg 1024w, https:\/\/blog.verde.ag\/pt\/wp-content\/uploads\/2023\/11\/Noticias-agricolas.-El-Nino-esta-ganhando-forca-e-se-aproximando-do-nivel-de-Super-El-Nino-768x402.jpg 768w, https:\/\/blog.verde.ag\/pt\/wp-content\/uploads\/2023\/11\/Noticias-agricolas.-El-Nino-esta-ganhando-forca-e-se-aproximando-do-nivel-de-Super-El-Nino-770x403.jpg 770w, https:\/\/blog.verde.ag\/pt\/wp-content\/uploads\/2023\/11\/Noticias-agricolas.-El-Nino-esta-ganhando-forca-e-se-aproximando-do-nivel-de-Super-El-Nino-150x79.jpg 150w\" sizes=\"(max-width: 1200px) 100vw, 1200px\" title=\"\"><\/p>\n<p class=\"title cb-post-title\" style=\"text-align: center;\"><a href=\"https:\/\/blog.verde.ag\/pt\/nutricao-de-plantas\/possivel-super-el-nino\/\">Not\u00edcias agr\u00edcolas: El Ni\u00f1o est\u00e1 ganhando for\u00e7a e se aproximando do n\u00edvel de Super El Ni\u00f1o<\/a><\/p>\n<div class=\"excerpt body-color\">Cada vez mais as previs\u00f5es apontam que o El Ni\u00f1o atual deve chegar \u00e0 categoria de Super El Ni\u00f1o. Saiba mais sobre isso e entenda como mitigar poss\u00edveis danos!<\/div>\n<div class=\"cb-byline byline byline-10 byline-shaded byline-cats-design-1\">\n<div class=\"byline-part cats\"><\/div>\n<\/div>\n<h2>22 de novembro (quarta-feira)<\/h2>\n<p><img decoding=\"async\" class=\"aligncenter size-full wp-image-16315\" src=\"https:\/\/blog.verde.ag\/pt\/wp-content\/uploads\/2023\/11\/El-Nino.-qual-o-impacto-desse-fenomeno-no-plantio-agricola.jpg\" alt=\"El Ni\u00f1o: qual o impacto desse fen\u00f4meno no plantio agr\u00edcola?\" width=\"1200\" height=\"628\" srcset=\"https:\/\/blog.verde.ag\/pt\/wp-content\/uploads\/2023\/11\/El-Nino.-qual-o-impacto-desse-fenomeno-no-plantio-agricola.jpg 1200w, https:\/\/blog.verde.ag\/pt\/wp-content\/uploads\/2023\/11\/El-Nino.-qual-o-impacto-desse-fenomeno-no-plantio-agricola-300x157.jpg 300w, https:\/\/blog.verde.ag\/pt\/wp-content\/uploads\/2023\/11\/El-Nino.-qual-o-impacto-desse-fenomeno-no-plantio-agricola-1024x536.jpg 1024w, https:\/\/blog.verde.ag\/pt\/wp-content\/uploads\/2023\/11\/El-Nino.-qual-o-impacto-desse-fenomeno-no-plantio-agricola-768x402.jpg 768w, https:\/\/blog.verde.ag\/pt\/wp-content\/uploads\/2023\/11\/El-Nino.-qual-o-impacto-desse-fenomeno-no-plantio-agricola-770x403.jpg 770w, https:\/\/blog.verde.ag\/pt\/wp-content\/uploads\/2023\/11\/El-Nino.-qual-o-impacto-desse-fenomeno-no-plantio-agricola-150x79.jpg 150w\" sizes=\"(max-width: 1200px) 100vw, 1200px\" title=\"\"><\/p>\n<p class=\"title cb-post-title\" style=\"text-align: center;\"><a href=\"https:\/\/blog.verde.ag\/pt\/nutricao-de-plantas\/el-nino-plantio\/\">El Ni\u00f1o: qual o impacto desse fen\u00f4meno no plantio agr\u00edcola?<\/a><\/p>\n<p>O El Ni\u00f1o interfere diretamente no clima, que \u00e9 muito importante para a agricultura. Mas, quais os impactos do El Ni\u00f1o no plantio e como mitig\u00e1-los?<\/p>\n<p>&nbsp;<\/p>\n<p><img decoding=\"async\" class=\"aligncenter size-full wp-image-16311\" src=\"https:\/\/blog.verde.ag\/pt\/wp-content\/uploads\/2023\/11\/Lavoura-de-soja.-entenda-a-importancia-do-uso-de-fertilizantes.jpg\" alt=\"Lavoura de soja: entenda a import\u00e2ncia do uso de fertilizantes\" width=\"1140\" height=\"570\" srcset=\"https:\/\/blog.verde.ag\/pt\/wp-content\/uploads\/2023\/11\/Lavoura-de-soja.-entenda-a-importancia-do-uso-de-fertilizantes.jpg 1140w, https:\/\/blog.verde.ag\/pt\/wp-content\/uploads\/2023\/11\/Lavoura-de-soja.-entenda-a-importancia-do-uso-de-fertilizantes-300x150.jpg 300w, https:\/\/blog.verde.ag\/pt\/wp-content\/uploads\/2023\/11\/Lavoura-de-soja.-entenda-a-importancia-do-uso-de-fertilizantes-1024x512.jpg 1024w, https:\/\/blog.verde.ag\/pt\/wp-content\/uploads\/2023\/11\/Lavoura-de-soja.-entenda-a-importancia-do-uso-de-fertilizantes-768x384.jpg 768w, https:\/\/blog.verde.ag\/pt\/wp-content\/uploads\/2023\/11\/Lavoura-de-soja.-entenda-a-importancia-do-uso-de-fertilizantes-770x385.jpg 770w, https:\/\/blog.verde.ag\/pt\/wp-content\/uploads\/2023\/11\/Lavoura-de-soja.-entenda-a-importancia-do-uso-de-fertilizantes-1138x570.jpg 1138w, https:\/\/blog.verde.ag\/pt\/wp-content\/uploads\/2023\/11\/Lavoura-de-soja.-entenda-a-importancia-do-uso-de-fertilizantes-150x75.jpg 150w\" sizes=\"(max-width: 1140px) 100vw, 1140px\" title=\"\"><\/p>\n<p class=\"title cb-post-title\" style=\"text-align: center;\"><a href=\"https:\/\/blog.verde.ag\/pt\/nutricao-de-plantas\/lavoura-de-soja\/\">Lavoura de soja: entenda a import\u00e2ncia do uso de fertilizante<\/a><\/p>\n<p>Voc\u00ea sabia que a soja \u00e9 um cultivo altamente importante para o agro do Brasil? Entenda qual a import\u00e2ncia do uso de fertilizantes adequados na lavoura de soja!<\/p>\n<p>&nbsp;<\/p>\n<h2>23 de novembro (quinta-feira)<\/h2>\n<p><img decoding=\"async\" class=\"aligncenter size-full wp-image-16323\" src=\"https:\/\/blog.verde.ag\/pt\/wp-content\/uploads\/2023\/11\/Lavoura-de-milho-como-melhorar-a-fertilidade-do-solo.jpg\" alt=\"Lavoura de milho: como melhorar a fertilidade do solo?\" width=\"1200\" height=\"628\" srcset=\"https:\/\/blog.verde.ag\/pt\/wp-content\/uploads\/2023\/11\/Lavoura-de-milho-como-melhorar-a-fertilidade-do-solo.jpg 1200w, https:\/\/blog.verde.ag\/pt\/wp-content\/uploads\/2023\/11\/Lavoura-de-milho-como-melhorar-a-fertilidade-do-solo-300x157.jpg 300w, https:\/\/blog.verde.ag\/pt\/wp-content\/uploads\/2023\/11\/Lavoura-de-milho-como-melhorar-a-fertilidade-do-solo-1024x536.jpg 1024w, https:\/\/blog.verde.ag\/pt\/wp-content\/uploads\/2023\/11\/Lavoura-de-milho-como-melhorar-a-fertilidade-do-solo-768x402.jpg 768w, https:\/\/blog.verde.ag\/pt\/wp-content\/uploads\/2023\/11\/Lavoura-de-milho-como-melhorar-a-fertilidade-do-solo-770x403.jpg 770w, https:\/\/blog.verde.ag\/pt\/wp-content\/uploads\/2023\/11\/Lavoura-de-milho-como-melhorar-a-fertilidade-do-solo-150x79.jpg 150w\" sizes=\"(max-width: 1200px) 100vw, 1200px\" title=\"\"><\/p>\n<p style=\"text-align: center;\"><a href=\"https:\/\/blog.verde.ag\/pt\/nutricao-de-plantas\/lavoura-de-milho\/\">Lavoura de milho: como melhorar a fertilidade do solo?<\/a><\/p>\n<p>O milho \u00e9 altamente importante para a agricultura do Brasil. Mas, como melhorar a fertilidade do solo e tonar a lavoura de milho mais bem-sucedida?<\/p>\n<p>&nbsp;<\/p>\n<p><img decoding=\"async\" class=\"aligncenter size-full wp-image-16320\" src=\"https:\/\/blog.verde.ag\/pt\/wp-content\/uploads\/2023\/11\/Milho-ucraniano-pode-ganhar-ainda-mais-atrativos-no-mercado-internacional-destacam-as-noticias-agricolas.jpg\" alt=\"Milho ucraniano pode ganhar ainda mais atrativos no mercado internacional, destacam as not\u00edcias agr\u00edcolas\" width=\"1140\" height=\"570\" srcset=\"https:\/\/blog.verde.ag\/pt\/wp-content\/uploads\/2023\/11\/Milho-ucraniano-pode-ganhar-ainda-mais-atrativos-no-mercado-internacional-destacam-as-noticias-agricolas.jpg 1140w, https:\/\/blog.verde.ag\/pt\/wp-content\/uploads\/2023\/11\/Milho-ucraniano-pode-ganhar-ainda-mais-atrativos-no-mercado-internacional-destacam-as-noticias-agricolas-300x150.jpg 300w, https:\/\/blog.verde.ag\/pt\/wp-content\/uploads\/2023\/11\/Milho-ucraniano-pode-ganhar-ainda-mais-atrativos-no-mercado-internacional-destacam-as-noticias-agricolas-1024x512.jpg 1024w, https:\/\/blog.verde.ag\/pt\/wp-content\/uploads\/2023\/11\/Milho-ucraniano-pode-ganhar-ainda-mais-atrativos-no-mercado-internacional-destacam-as-noticias-agricolas-768x384.jpg 768w, https:\/\/blog.verde.ag\/pt\/wp-content\/uploads\/2023\/11\/Milho-ucraniano-pode-ganhar-ainda-mais-atrativos-no-mercado-internacional-destacam-as-noticias-agricolas-770x385.jpg 770w, https:\/\/blog.verde.ag\/pt\/wp-content\/uploads\/2023\/11\/Milho-ucraniano-pode-ganhar-ainda-mais-atrativos-no-mercado-internacional-destacam-as-noticias-agricolas-1138x570.jpg 1138w, https:\/\/blog.verde.ag\/pt\/wp-content\/uploads\/2023\/11\/Milho-ucraniano-pode-ganhar-ainda-mais-atrativos-no-mercado-internacional-destacam-as-noticias-agricolas-150x75.jpg 150w\" sizes=\"(max-width: 1140px) 100vw, 1140px\" title=\"\"><\/p>\n<p style=\"text-align: center;\"><a href=\"https:\/\/blog.verde.ag\/pt\/mercado-agricola\/noticias-agricolas-milho\/\">Milho ucraniano pode ganhar ainda mais atrativos no mercado internacional, destacam as not\u00edcias agr\u00edcolas<\/a><\/p>\n<p>O mercado internacional de milho tem ganhado destaque nas not\u00edcias agr\u00edcolas recentes, com o milho ucraniano ganhando competividade. Saiba mais sobre isso!<\/p>\n<p>&nbsp;<\/p>\n<h2>24 de novembro (sexta-feira)<\/h2>\n<p><img decoding=\"async\" class=\"aligncenter size-full wp-image-16333\" src=\"https:\/\/blog.verde.ag\/pt\/wp-content\/uploads\/2023\/11\/Lavoura-de-algodao.-melhore-a-eficiencia-com-o-uso-de-fertilizantes.jpg\" alt=\"Lavoura de algod\u00e3o: melhore a efici\u00eancia com o uso de fertilizantes\" width=\"1200\" height=\"628\" srcset=\"https:\/\/blog.verde.ag\/pt\/wp-content\/uploads\/2023\/11\/Lavoura-de-algodao.-melhore-a-eficiencia-com-o-uso-de-fertilizantes.jpg 1200w, https:\/\/blog.verde.ag\/pt\/wp-content\/uploads\/2023\/11\/Lavoura-de-algodao.-melhore-a-eficiencia-com-o-uso-de-fertilizantes-300x157.jpg 300w, https:\/\/blog.verde.ag\/pt\/wp-content\/uploads\/2023\/11\/Lavoura-de-algodao.-melhore-a-eficiencia-com-o-uso-de-fertilizantes-1024x536.jpg 1024w, https:\/\/blog.verde.ag\/pt\/wp-content\/uploads\/2023\/11\/Lavoura-de-algodao.-melhore-a-eficiencia-com-o-uso-de-fertilizantes-768x402.jpg 768w, https:\/\/blog.verde.ag\/pt\/wp-content\/uploads\/2023\/11\/Lavoura-de-algodao.-melhore-a-eficiencia-com-o-uso-de-fertilizantes-770x403.jpg 770w, https:\/\/blog.verde.ag\/pt\/wp-content\/uploads\/2023\/11\/Lavoura-de-algodao.-melhore-a-eficiencia-com-o-uso-de-fertilizantes-150x79.jpg 150w\" sizes=\"(max-width: 1200px) 100vw, 1200px\" title=\"\"><\/p>\n<p class=\"entry-title title flipboard-title\" style=\"text-align: center;\"><a href=\"https:\/\/blog.verde.ag\/pt\/nutricao-de-plantas\/lavoura-de-algodao\/\">Lavoura de algod\u00e3o: melhore a efici\u00eancia com o uso de fertilizantes<\/a><\/p>\n<p>O algod\u00e3o \u00e9 uma commodity muito importante para o Brasil. Mas, como o uso de fertilizantes ajuda a melhorar a produtividade e qualidade da lavoura de algod\u00e3o?<\/p>\n<p>&nbsp;<\/p>\n<p><img decoding=\"async\" class=\"aligncenter size-full wp-image-16328\" src=\"https:\/\/blog.verde.ag\/pt\/wp-content\/uploads\/2023\/11\/Perspectivas-para-a-safra-de-soja-ainda-podem-ser-de-recordes-sendo-destaque-nas-noticias-agricolas.jpg\" alt=\"Perspectivas para a safra de soja ainda podem ser de recordes, sendo destaque nas not\u00edcias agr\u00edcolas\" width=\"1140\" height=\"570\" srcset=\"https:\/\/blog.verde.ag\/pt\/wp-content\/uploads\/2023\/11\/Perspectivas-para-a-safra-de-soja-ainda-podem-ser-de-recordes-sendo-destaque-nas-noticias-agricolas.jpg 1140w, https:\/\/blog.verde.ag\/pt\/wp-content\/uploads\/2023\/11\/Perspectivas-para-a-safra-de-soja-ainda-podem-ser-de-recordes-sendo-destaque-nas-noticias-agricolas-300x150.jpg 300w, https:\/\/blog.verde.ag\/pt\/wp-content\/uploads\/2023\/11\/Perspectivas-para-a-safra-de-soja-ainda-podem-ser-de-recordes-sendo-destaque-nas-noticias-agricolas-1024x512.jpg 1024w, https:\/\/blog.verde.ag\/pt\/wp-content\/uploads\/2023\/11\/Perspectivas-para-a-safra-de-soja-ainda-podem-ser-de-recordes-sendo-destaque-nas-noticias-agricolas-768x384.jpg 768w, https:\/\/blog.verde.ag\/pt\/wp-content\/uploads\/2023\/11\/Perspectivas-para-a-safra-de-soja-ainda-podem-ser-de-recordes-sendo-destaque-nas-noticias-agricolas-770x385.jpg 770w, https:\/\/blog.verde.ag\/pt\/wp-content\/uploads\/2023\/11\/Perspectivas-para-a-safra-de-soja-ainda-podem-ser-de-recordes-sendo-destaque-nas-noticias-agricolas-1138x570.jpg 1138w, https:\/\/blog.verde.ag\/pt\/wp-content\/uploads\/2023\/11\/Perspectivas-para-a-safra-de-soja-ainda-podem-ser-de-recordes-sendo-destaque-nas-noticias-agricolas-150x75.jpg 150w\" sizes=\"(max-width: 1140px) 100vw, 1140px\" title=\"\"><\/p>\n<p class=\"entry-title title flipboard-title\" style=\"text-align: center;\"><a href=\"https:\/\/blog.verde.ag\/pt\/nutricao-de-plantas\/safra-de-soja-noticias-agricolas\/\">Perspectivas para a safra de soja ainda podem ser de recordes, sendo destaque nas not\u00edcias agr\u00edcolas<\/a><\/p>\n<p>A safra de soja ainda pode bater recordes? Se o clima ajudar, sim. \u00c9 o que diz a previs\u00e3o de uma consultoria agr\u00edcola, o que \u00e9 destaque nas not\u00edcias agr\u00edcolas.<\/p>\n<p>&nbsp;<\/p>\n<p>Acompanhe os textos di\u00e1rios do blog da Verde Agritech e tenha o melhor conte\u00fado sobre o agro ao seu alcance!<\/p>\n<div class=\"shortcode_mobile\"><!--mobile-->\r\n<p><a href=\"https:\/\/conteudo.verde.ag\/kforte-fertilizante\/?utm_source=blog&amp;utm_campaign=Blog||Artigo&amp;utm_adset_name=banner&amp;utm_content=KFORTE-BANNER-MOBILE\" target=\"_blank\" rel=\"noopener\"><img class=\"alignnone size-full wp-image-10080\" src=\"https:\/\/blog.verde.ag\/pt\/wp-content\/uploads\/2024\/04\/KForte_Banner_Mobile.jpg\" alt=\"-\" width=\"800\" height=\"400\" title=\"\"><\/a><\/p>\r\n<\/div>\r\n<div class=\"shortcode_desktop\"><!--desktop-->\r\n<p><a href=\"https:\/\/conteudo.verde.ag\/kforte-fertilizante\/?utm_source=blog&amp;utm_campaign=Blog||Artigo&amp;utm_adset_name=banner&amp;utm_content=KFORTE-BANNER-DESKTOP\" target=\"_blank\" rel=\"noopener\"><img class=\"alignnone size-full wp-image-10080\" src=\"https:\/\/blog.verde.ag\/pt\/wp-content\/uploads\/2024\/04\/KForte_Banner_Desktop1.jpg\" alt=\"-\" width=\"800\" height=\"200\" title=\"\"><\/a><\/p>\r\n<\/div>\n","protected":false},"excerpt":{"rendered":"<p>Todas as semanas, o Blog da Verde Agritech traz os melhores textos sobre o agroneg\u00f3cio. Veja o que foi publicado na semana de 20 de novembro a 24 de novembro!<\/p>\n","protected":false},"author":7,"featured_media":16341,"comment_status":"open","ping_status":"open","sticky":false,"template":"","format":"standard","meta":[],"categories":[1199],"tags":[1325,1326,885,1213],"_links":{"self":[{"href":"https:\/\/blog.verde.ag\/pt\/wp-json\/wp\/v2\/posts\/16344"}],"collection":[{"href":"https:\/\/blog.verde.ag\/pt\/wp-json\/wp\/v2\/posts"}],"about":[{"href":"https:\/\/blog.verde.ag\/pt\/wp-json\/wp\/v2\/types\/post"}],"author":[{"embeddable":true,"href":"https:\/\/blog.verde.ag\/pt\/wp-json\/wp\/v2\/users\/7"}],"replies":[{"embeddable":true,"href":"https:\/\/blog.verde.ag\/pt\/wp-json\/wp\/v2\/comments?post=16344"}],"version-history":[{"count":0,"href":"https:\/\/blog.verde.ag\/pt\/wp-json\/wp\/v2\/posts\/16344\/revisions"}],"wp:featuredmedia":[{"embeddable":true,"href":"https:\/\/blog.verde.ag\/pt\/wp-json\/wp\/v2\/media\/16341"}],"wp:attachment":[{"href":"https:\/\/blog.verde.ag\/pt\/wp-json\/wp\/v2\/media?parent=16344"}],"wp:term":[{"taxonomy":"category","embeddable":true,"href":"https:\/\/blog.verde.ag\/pt\/wp-json\/wp\/v2\/categories?post=16344"},{"taxonomy":"post_tag","embeddable":true,"href":"https:\/\/blog.verde.ag\/pt\/wp-json\/wp\/v2\/tags?post=16344"}],"curies":[{"name":"wp","href":"https:\/\/api.w.org\/{rel}","templated":true}]}}