{"id":15741,"date":"2023-10-02T12:01:40","date_gmt":"2023-10-02T15:01:40","guid":{"rendered":"https:\/\/blog.verde.ag\/pt\/?p=15741"},"modified":"2023-10-23T00:26:42","modified_gmt":"2023-10-23T03:26:42","slug":"verde-agritech-25-09-a-29-09","status":"publish","type":"post","link":"https:\/\/blog.verde.ag\/pt\/publicados-na-semana\/verde-agritech-25-09-a-29-09\/","title":{"rendered":"Veja os textos publicados no Blog da Verde Agritech na semana do dia 25\/09 a 29\/09!"},"content":{"rendered":"<p>Todas as semanas, o Blog da Verde Agritech traz diversos textos, abrangendo diversos aspectos como o mercado agr\u00edcola, a nutri\u00e7\u00e3o de plantas, pre\u00e7os de fertilizantes, entre outros. Veja o que foi publicado na semana do dia 25 de setembro ao dia 29 de setembro de 2023!<\/p>\n<h2>25 de setembro (segunda-feira)<\/h2>\n<p>&#8211; Atualiza\u00e7\u00f5es dos textos de pre\u00e7os dos principais fertilizantes do mercado agr\u00edcola:<\/p>\n<p><img decoding=\"async\" class=\"aligncenter size-full wp-image-15280\" src=\"https:\/\/blog.verde.ag\/pt\/wp-content\/uploads\/2023\/08\/Como-contornar-o-estresse-logistico-que-pode-afetar-entrega-de-fertilizantes-para-a-safra-de-verao.jpg\" alt=\"Como contornar o estresse log\u00edstico que pode afetar entrega de fertilizantes para a safra de ver\u00e3o?\" width=\"1140\" height=\"570\" srcset=\"https:\/\/blog.verde.ag\/pt\/wp-content\/uploads\/2023\/08\/Como-contornar-o-estresse-logistico-que-pode-afetar-entrega-de-fertilizantes-para-a-safra-de-verao.jpg 1140w, https:\/\/blog.verde.ag\/pt\/wp-content\/uploads\/2023\/08\/Como-contornar-o-estresse-logistico-que-pode-afetar-entrega-de-fertilizantes-para-a-safra-de-verao-300x150.jpg 300w, https:\/\/blog.verde.ag\/pt\/wp-content\/uploads\/2023\/08\/Como-contornar-o-estresse-logistico-que-pode-afetar-entrega-de-fertilizantes-para-a-safra-de-verao-1024x512.jpg 1024w, https:\/\/blog.verde.ag\/pt\/wp-content\/uploads\/2023\/08\/Como-contornar-o-estresse-logistico-que-pode-afetar-entrega-de-fertilizantes-para-a-safra-de-verao-768x384.jpg 768w, https:\/\/blog.verde.ag\/pt\/wp-content\/uploads\/2023\/08\/Como-contornar-o-estresse-logistico-que-pode-afetar-entrega-de-fertilizantes-para-a-safra-de-verao-770x385.jpg 770w, https:\/\/blog.verde.ag\/pt\/wp-content\/uploads\/2023\/08\/Como-contornar-o-estresse-logistico-que-pode-afetar-entrega-de-fertilizantes-para-a-safra-de-verao-1138x570.jpg 1138w, https:\/\/blog.verde.ag\/pt\/wp-content\/uploads\/2023\/08\/Como-contornar-o-estresse-logistico-que-pode-afetar-entrega-de-fertilizantes-para-a-safra-de-verao-150x75.jpg 150w\" sizes=\"(max-width: 1140px) 100vw, 1140px\" title=\"\"><\/p>\n<p>&#8211; <a href=\"https:\/\/blog.verde.ag\/pt\/mercado-agricola\/veja-os-precos-do-cloreto-de-potassio-e-outros-fertilizantes-usados-na-agricultura-brasileira\/\">Veja os pre\u00e7os do Cloreto de Pot\u00e1ssio e outros fertilizantes usados na agricultura brasileira<\/a><\/p>\n<p class=\"entry-title title flipboard-title\">&#8211; <a href=\"https:\/\/blog.verde.ag\/pt\/mercado-agricola\/preco-do-cloreto-de-potassio\/\">Saiba qual \u00e9 o pre\u00e7o do cloreto de pot\u00e1ssio<\/a><\/p>\n<p class=\"entry-title title flipboard-title\">&#8211; <a href=\"https:\/\/blog.verde.ag\/pt\/mercado-agricola\/preco-da-ureia-nesta-semana\/\">Veja o pre\u00e7o da ureia nesta semana<\/a><\/p>\n<p class=\"entry-title title flipboard-title\">&#8211; <a href=\"https:\/\/blog.verde.ag\/pt\/mercado-agricola\/preco-do-sulfato-de-amonio\/\">Descubra qual \u00e9 o pre\u00e7o do sulfato de am\u00f4nio no Brasil<\/a><\/p>\n<p class=\"entry-title title flipboard-title\">&#8211; <a href=\"https:\/\/blog.verde.ag\/pt\/mercado-agricola\/preco-do-map-no-brasil\/\">Saiba o pre\u00e7o do MAP no Brasil<\/a><\/p>\n<p class=\"entry-title title flipboard-title\">&#8211; <a href=\"https:\/\/blog.verde.ag\/pt\/mercado-agricola\/preco-do-super-simples-ssp\/\">Qual o pre\u00e7o do super simples (SSP) no Brasil?<\/a><\/p>\n<p class=\"entry-title title flipboard-title\">&#8211; <a href=\"https:\/\/blog.verde.ag\/pt\/potassio\/preco-do-potassio-recorde-historico\/\">Pre\u00e7o do pot\u00e1ssio pode bater o recorde hist\u00f3rico de 2008? O que o agricultor pode fazer para se proteger?<\/a><\/p>\n<p class=\"entry-title title flipboard-title\">&#8211; <a href=\"https:\/\/blog.verde.ag\/pt\/mercado-agricola\/a-alta-dos-precos-dos-fertilizantes-pode-estar-reduzindo-seus-lucros\/\">A alta dos pre\u00e7os dos fertilizantes pode estar reduzindo seus lucros<\/a><\/p>\n<p>&nbsp;<\/p>\n<div class=\"verde-content_3\" id=\"verde-4293845248\"><a class=\"text-color-btn\" href=\"https:\/\/wa.me\/5531999206297?text=Ol%C3%A1%2C%20vi%20o%20artigo%20no%20blog%20e%20gostaria%20de%20saber%20mais%20sobre%20os%20fertilizantes%20da%20Verde%20Agritech\" target=\"_blank\" rel=\"noopener noreferrer\">\r\n    <button class=\"btn-form-blog\">Quero revolucionar a produ\u00e7\u00e3o da minha lavoura<\/button>\r\n<\/a>\r\n\r\n<style>\r\n    .text-color-btn {\r\n        background-color: #38a38c;\r\n        color: #fff;\r\n        border: none;\r\n        border-radius: 20px;\r\n        cursor: pointer;\r\n        text-decoration: none; \/* Adicionado para evitar sublinhado no link *\/\r\n        display: inline-block;\r\n    }\r\n\r\n    .btn-form-blog {\r\n        padding: 14px;\r\n        background-color: #38a38c;\r\n        color: #fff;\r\n        border: none;\r\n        border-radius: 20px;\r\n        cursor: pointer;\r\n    }\r\n\r\n    .text-color-btn:hover {\r\n        background-color: #333;\r\n        transition: 0.4s;\r\n    }\r\n\r\n    .btn-form-blog:hover {\r\n        background-color: #333;\r\n        transition: 0.4s;\r\n    }\r\n\r\n    @media only screen and (max-width: 600px) {\r\n        .text-color-btn {\r\n            background-color: #38a38c;\r\n            color: #fff;\r\n        }\r\n        .btn-form-blog {\r\n            padding: 14px;\r\n            background-color: #38a38c;\r\n            color: #fff;\r\n        }\r\n    }\r\n<\/style><\/div><h2>26 de setembro (ter\u00e7a-feira)<\/h2>\n<p><img decoding=\"async\" class=\"aligncenter size-full wp-image-15662\" src=\"https:\/\/blog.verde.ag\/pt\/wp-content\/uploads\/2023\/09\/Como-as-variacoes-no-clima-podem-afetar-a-produtividade-da-banana.jpg\" alt=\"Como as varia\u00e7\u00f5es no clima podem afetar a produtividade da banana?\" width=\"1200\" height=\"628\" srcset=\"https:\/\/blog.verde.ag\/pt\/wp-content\/uploads\/2023\/09\/Como-as-variacoes-no-clima-podem-afetar-a-produtividade-da-banana.jpg 1200w, https:\/\/blog.verde.ag\/pt\/wp-content\/uploads\/2023\/09\/Como-as-variacoes-no-clima-podem-afetar-a-produtividade-da-banana-300x157.jpg 300w, https:\/\/blog.verde.ag\/pt\/wp-content\/uploads\/2023\/09\/Como-as-variacoes-no-clima-podem-afetar-a-produtividade-da-banana-1024x536.jpg 1024w, https:\/\/blog.verde.ag\/pt\/wp-content\/uploads\/2023\/09\/Como-as-variacoes-no-clima-podem-afetar-a-produtividade-da-banana-768x402.jpg 768w, https:\/\/blog.verde.ag\/pt\/wp-content\/uploads\/2023\/09\/Como-as-variacoes-no-clima-podem-afetar-a-produtividade-da-banana-770x403.jpg 770w, https:\/\/blog.verde.ag\/pt\/wp-content\/uploads\/2023\/09\/Como-as-variacoes-no-clima-podem-afetar-a-produtividade-da-banana-150x79.jpg 150w\" sizes=\"(max-width: 1200px) 100vw, 1200px\" title=\"\"><\/p>\n<p class=\"title cb-post-title\" style=\"text-align: center;\"><a href=\"https:\/\/blog.verde.ag\/pt\/nutricao-de-plantas\/clima-produtividade-da-banana\/\">Como as varia\u00e7\u00f5es no clima podem afetar a produtividade da banana?<\/a><\/p>\n<p>O clima pode impactar diretamente o cultivo da banana. Saiba mais sobre a\u00e7\u00f5es que podem evitar que as varia\u00e7\u00f5es do clima reduzam a produtividade da banana!<\/p>\n<p>&nbsp;<\/p>\n<p><img decoding=\"async\" class=\"aligncenter size-full wp-image-15659\" src=\"https:\/\/blog.verde.ag\/pt\/wp-content\/uploads\/2023\/09\/Noticias-agricolas.-mercado-de-cafe-tem-altas-com-preocupacoes-sobre-calor-intenso-no-Brasil.jpg\" alt=\"Not\u00edcias agr\u00edcolas: mercado de caf\u00e9 tem altas com preocupa\u00e7\u00f5es sobre calor intenso no Brasil\" width=\"1140\" height=\"570\" srcset=\"https:\/\/blog.verde.ag\/pt\/wp-content\/uploads\/2023\/09\/Noticias-agricolas.-mercado-de-cafe-tem-altas-com-preocupacoes-sobre-calor-intenso-no-Brasil.jpg 1140w, https:\/\/blog.verde.ag\/pt\/wp-content\/uploads\/2023\/09\/Noticias-agricolas.-mercado-de-cafe-tem-altas-com-preocupacoes-sobre-calor-intenso-no-Brasil-300x150.jpg 300w, https:\/\/blog.verde.ag\/pt\/wp-content\/uploads\/2023\/09\/Noticias-agricolas.-mercado-de-cafe-tem-altas-com-preocupacoes-sobre-calor-intenso-no-Brasil-1024x512.jpg 1024w, https:\/\/blog.verde.ag\/pt\/wp-content\/uploads\/2023\/09\/Noticias-agricolas.-mercado-de-cafe-tem-altas-com-preocupacoes-sobre-calor-intenso-no-Brasil-768x384.jpg 768w, https:\/\/blog.verde.ag\/pt\/wp-content\/uploads\/2023\/09\/Noticias-agricolas.-mercado-de-cafe-tem-altas-com-preocupacoes-sobre-calor-intenso-no-Brasil-770x385.jpg 770w, https:\/\/blog.verde.ag\/pt\/wp-content\/uploads\/2023\/09\/Noticias-agricolas.-mercado-de-cafe-tem-altas-com-preocupacoes-sobre-calor-intenso-no-Brasil-1138x570.jpg 1138w, https:\/\/blog.verde.ag\/pt\/wp-content\/uploads\/2023\/09\/Noticias-agricolas.-mercado-de-cafe-tem-altas-com-preocupacoes-sobre-calor-intenso-no-Brasil-150x75.jpg 150w\" sizes=\"(max-width: 1140px) 100vw, 1140px\" title=\"\"><\/p>\n<p class=\"title cb-post-title\" style=\"text-align: center;\"><a href=\"https:\/\/blog.verde.ag\/pt\/mercado-agricola\/noticias-agricolas-cafe-calor\/\">Not\u00edcias agr\u00edcolas: mercado de caf\u00e9 tem altas com preocupa\u00e7\u00f5es sobre calor intenso no Brasil<\/a><\/p>\n<p>O mercado de caf\u00e9 foi destaque nas not\u00edcias agr\u00edcolas da semana, com a preocupa\u00e7\u00e3o com as altas temperaturas que atingem as regi\u00f5es produtoras. Saiba mais!<\/p>\n<p>&nbsp;<\/p>\n<h2>27 de setembro (quarta-feira)<\/h2>\n<p><img decoding=\"async\" class=\"aligncenter size-full wp-image-15684\" src=\"https:\/\/blog.verde.ag\/pt\/wp-content\/uploads\/2023\/09\/Como-o-clima-pode-afetar-a-pegada-da-florada-do-cafe-e-comprometer-a-produtividade-da-safra.jpg\" alt=\"Como o clima pode afetar a pegada da florada do caf\u00e9 e comprometer a produtividade da safra?\" width=\"1200\" height=\"628\" srcset=\"https:\/\/blog.verde.ag\/pt\/wp-content\/uploads\/2023\/09\/Como-o-clima-pode-afetar-a-pegada-da-florada-do-cafe-e-comprometer-a-produtividade-da-safra.jpg 1200w, https:\/\/blog.verde.ag\/pt\/wp-content\/uploads\/2023\/09\/Como-o-clima-pode-afetar-a-pegada-da-florada-do-cafe-e-comprometer-a-produtividade-da-safra-300x157.jpg 300w, https:\/\/blog.verde.ag\/pt\/wp-content\/uploads\/2023\/09\/Como-o-clima-pode-afetar-a-pegada-da-florada-do-cafe-e-comprometer-a-produtividade-da-safra-1024x536.jpg 1024w, https:\/\/blog.verde.ag\/pt\/wp-content\/uploads\/2023\/09\/Como-o-clima-pode-afetar-a-pegada-da-florada-do-cafe-e-comprometer-a-produtividade-da-safra-768x402.jpg 768w, https:\/\/blog.verde.ag\/pt\/wp-content\/uploads\/2023\/09\/Como-o-clima-pode-afetar-a-pegada-da-florada-do-cafe-e-comprometer-a-produtividade-da-safra-770x403.jpg 770w, https:\/\/blog.verde.ag\/pt\/wp-content\/uploads\/2023\/09\/Como-o-clima-pode-afetar-a-pegada-da-florada-do-cafe-e-comprometer-a-produtividade-da-safra-150x79.jpg 150w\" sizes=\"(max-width: 1200px) 100vw, 1200px\" title=\"\"><\/p>\n<p class=\"title cb-post-title\" style=\"text-align: center;\"><a href=\"https:\/\/blog.verde.ag\/pt\/nutricao-de-plantas\/clima-florada-do-cafe\/\">Como o clima pode afetar o pegamento da florada do caf\u00e9 e comprometer a produtividade da safra?<\/a><\/p>\n<p>Voc\u00ea sabia que o clima pode afetar o pegamento da florada do caf\u00e9, comprometendo a produtividade da safra? Descubra como minimizar esses impactos!<\/p>\n<p>&nbsp;<\/p>\n<p><img decoding=\"async\" class=\"aligncenter size-full wp-image-15679\" src=\"https:\/\/blog.verde.ag\/pt\/wp-content\/uploads\/2023\/09\/Expectativa-pelo-relatorio-do-USDA-impulsiona-ganhos-da-soja-na-Bolsa-de-Chicago-e-e-destaque-nas-noticias-agricolas.jpg\" alt=\"Expectativa pelo relat\u00f3rio do USDA impulsiona ganhos da soja na Bolsa de Chicago e \u00e9 destaque nas not\u00edcias agr\u00edcolas\" width=\"1024\" height=\"536\" srcset=\"https:\/\/blog.verde.ag\/pt\/wp-content\/uploads\/2023\/09\/Expectativa-pelo-relatorio-do-USDA-impulsiona-ganhos-da-soja-na-Bolsa-de-Chicago-e-e-destaque-nas-noticias-agricolas.jpg 1024w, https:\/\/blog.verde.ag\/pt\/wp-content\/uploads\/2023\/09\/Expectativa-pelo-relatorio-do-USDA-impulsiona-ganhos-da-soja-na-Bolsa-de-Chicago-e-e-destaque-nas-noticias-agricolas-300x157.jpg 300w, https:\/\/blog.verde.ag\/pt\/wp-content\/uploads\/2023\/09\/Expectativa-pelo-relatorio-do-USDA-impulsiona-ganhos-da-soja-na-Bolsa-de-Chicago-e-e-destaque-nas-noticias-agricolas-768x402.jpg 768w, https:\/\/blog.verde.ag\/pt\/wp-content\/uploads\/2023\/09\/Expectativa-pelo-relatorio-do-USDA-impulsiona-ganhos-da-soja-na-Bolsa-de-Chicago-e-e-destaque-nas-noticias-agricolas-770x403.jpg 770w, https:\/\/blog.verde.ag\/pt\/wp-content\/uploads\/2023\/09\/Expectativa-pelo-relatorio-do-USDA-impulsiona-ganhos-da-soja-na-Bolsa-de-Chicago-e-e-destaque-nas-noticias-agricolas-150x79.jpg 150w\" sizes=\"(max-width: 1024px) 100vw, 1024px\" title=\"\"><\/p>\n<p class=\"title cb-post-title\" style=\"text-align: center;\"><a href=\"https:\/\/blog.verde.ag\/pt\/mercado-agricola\/soja-noticias-agricolas\/\">Expectativa pelo relat\u00f3rio do USDA impulsiona ganhos da soja na Bolsa de Chicago e \u00e9 destaque nas not\u00edcias agr\u00edcolas<\/a><\/p>\n<p>O mercado da soja aguarda o novo relat\u00f3rio do USDA, o que tem impulsionado ganhos dessa commodity e \u00e9 destaque nas not\u00edcias agr\u00edcolas. Saiba mais sobre isso!<\/p>\n<p>&nbsp;<\/p>\n<h2>28 de setembro (quinta-feira)<\/h2>\n<p><img decoding=\"async\" class=\"aligncenter size-full wp-image-15697\" src=\"https:\/\/blog.verde.ag\/pt\/wp-content\/uploads\/2023\/09\/Quais-as-expectativas-para-o-plantio-e-a-producao-de-algodao-em-2023.jpg\" alt=\"Quais as expectativas para o plantio e a produ\u00e7\u00e3o de algod\u00e3o em 2023?\" width=\"1200\" height=\"628\" srcset=\"https:\/\/blog.verde.ag\/pt\/wp-content\/uploads\/2023\/09\/Quais-as-expectativas-para-o-plantio-e-a-producao-de-algodao-em-2023.jpg 1200w, https:\/\/blog.verde.ag\/pt\/wp-content\/uploads\/2023\/09\/Quais-as-expectativas-para-o-plantio-e-a-producao-de-algodao-em-2023-300x157.jpg 300w, https:\/\/blog.verde.ag\/pt\/wp-content\/uploads\/2023\/09\/Quais-as-expectativas-para-o-plantio-e-a-producao-de-algodao-em-2023-1024x536.jpg 1024w, https:\/\/blog.verde.ag\/pt\/wp-content\/uploads\/2023\/09\/Quais-as-expectativas-para-o-plantio-e-a-producao-de-algodao-em-2023-768x402.jpg 768w, https:\/\/blog.verde.ag\/pt\/wp-content\/uploads\/2023\/09\/Quais-as-expectativas-para-o-plantio-e-a-producao-de-algodao-em-2023-770x403.jpg 770w, https:\/\/blog.verde.ag\/pt\/wp-content\/uploads\/2023\/09\/Quais-as-expectativas-para-o-plantio-e-a-producao-de-algodao-em-2023-150x79.jpg 150w\" sizes=\"(max-width: 1200px) 100vw, 1200px\" title=\"\"><\/p>\n<p class=\"entry-title title flipboard-title\" style=\"text-align: center;\"><a href=\"https:\/\/blog.verde.ag\/pt\/nutricao-de-plantas\/producao-de-algodao\/\">Quais as expectativas para o plantio e a produ\u00e7\u00e3o de algod\u00e3o em 2023?<\/a><\/p>\n<p>O algod\u00e3o \u00e9 uma <em>commodity<\/em> agr\u00edcola altamente importante para o Brasil. Mas, quais as expectativas para o plantio e a produ\u00e7\u00e3o de algod\u00e3o? Saiba mais sobre isso!<\/p>\n<p>&nbsp;<\/p>\n<p><img decoding=\"async\" class=\"aligncenter size-full wp-image-15691\" src=\"https:\/\/blog.verde.ag\/pt\/wp-content\/uploads\/2023\/09\/Entenda-por-que-a-escolha-de-fertilizantes-pode-afetar-a-eficiencia-dos-bioinsumos.jpg\" alt=\"Entenda por que a escolha de fertilizantes pode afetar a efici\u00eancia dos bioinsumos\" width=\"1140\" height=\"570\" srcset=\"https:\/\/blog.verde.ag\/pt\/wp-content\/uploads\/2023\/09\/Entenda-por-que-a-escolha-de-fertilizantes-pode-afetar-a-eficiencia-dos-bioinsumos.jpg 1140w, https:\/\/blog.verde.ag\/pt\/wp-content\/uploads\/2023\/09\/Entenda-por-que-a-escolha-de-fertilizantes-pode-afetar-a-eficiencia-dos-bioinsumos-300x150.jpg 300w, https:\/\/blog.verde.ag\/pt\/wp-content\/uploads\/2023\/09\/Entenda-por-que-a-escolha-de-fertilizantes-pode-afetar-a-eficiencia-dos-bioinsumos-1024x512.jpg 1024w, https:\/\/blog.verde.ag\/pt\/wp-content\/uploads\/2023\/09\/Entenda-por-que-a-escolha-de-fertilizantes-pode-afetar-a-eficiencia-dos-bioinsumos-768x384.jpg 768w, https:\/\/blog.verde.ag\/pt\/wp-content\/uploads\/2023\/09\/Entenda-por-que-a-escolha-de-fertilizantes-pode-afetar-a-eficiencia-dos-bioinsumos-770x385.jpg 770w, https:\/\/blog.verde.ag\/pt\/wp-content\/uploads\/2023\/09\/Entenda-por-que-a-escolha-de-fertilizantes-pode-afetar-a-eficiencia-dos-bioinsumos-1138x570.jpg 1138w, https:\/\/blog.verde.ag\/pt\/wp-content\/uploads\/2023\/09\/Entenda-por-que-a-escolha-de-fertilizantes-pode-afetar-a-eficiencia-dos-bioinsumos-150x75.jpg 150w\" sizes=\"(max-width: 1140px) 100vw, 1140px\" title=\"\"><\/p>\n<p class=\"title cb-post-title\" style=\"text-align: center;\"><a href=\"https:\/\/blog.verde.ag\/pt\/nutricao-de-plantas\/eficiencia-dos-bioinsumos\/\">Entenda por que a escolha de fertilizantes pode afetar a efici\u00eancia dos bioinsumos<\/a><\/p>\n<p>Voc\u00ea sabia que existem diversos fatores que afetam a efici\u00eancia dos bioinsumos? Entenda mais sobre isso e qual o impacto da escolha dos fertilizantes nisso!<\/p>\n<p>&nbsp;<\/p>\n<h2>29 de setembro (sexta-feira)<\/h2>\n<p><img decoding=\"async\" class=\"aligncenter size-full wp-image-15708\" src=\"https:\/\/blog.verde.ag\/pt\/wp-content\/uploads\/2023\/09\/Conheca-os-principais-tipos-de-bioinsumos-na-cultura-do-milho.jpg\" alt=\"Conhe\u00e7a os principais tipos de bioinsumos na cultura do milho\" width=\"1200\" height=\"628\" srcset=\"https:\/\/blog.verde.ag\/pt\/wp-content\/uploads\/2023\/09\/Conheca-os-principais-tipos-de-bioinsumos-na-cultura-do-milho.jpg 1200w, https:\/\/blog.verde.ag\/pt\/wp-content\/uploads\/2023\/09\/Conheca-os-principais-tipos-de-bioinsumos-na-cultura-do-milho-300x157.jpg 300w, https:\/\/blog.verde.ag\/pt\/wp-content\/uploads\/2023\/09\/Conheca-os-principais-tipos-de-bioinsumos-na-cultura-do-milho-1024x536.jpg 1024w, https:\/\/blog.verde.ag\/pt\/wp-content\/uploads\/2023\/09\/Conheca-os-principais-tipos-de-bioinsumos-na-cultura-do-milho-768x402.jpg 768w, https:\/\/blog.verde.ag\/pt\/wp-content\/uploads\/2023\/09\/Conheca-os-principais-tipos-de-bioinsumos-na-cultura-do-milho-770x403.jpg 770w, https:\/\/blog.verde.ag\/pt\/wp-content\/uploads\/2023\/09\/Conheca-os-principais-tipos-de-bioinsumos-na-cultura-do-milho-150x79.jpg 150w\" sizes=\"(max-width: 1200px) 100vw, 1200px\" title=\"\"><\/p>\n<p style=\"text-align: center;\"><a href=\"https:\/\/blog.verde.ag\/pt\/nutricao-de-plantas\/bioinsumos-na-cultura-do-milho\/\">Conhe\u00e7a os principais tipos de bioinsumos na cultura do milho<\/a><\/p>\n<p>Voc\u00ea conhece j\u00e1 ouviu falar de bioinsumos? Saiba o que s\u00e3o eles s\u00e3o, qual o seu potencial e quais s\u00e3o os principais tipos de bioinsumos na cultura do milho!<\/p>\n<p>&nbsp;<\/p>\n<p><img decoding=\"async\" class=\"aligncenter size-full wp-image-15704\" src=\"https:\/\/blog.verde.ag\/pt\/wp-content\/uploads\/2023\/09\/Alerta-do-Inmet-sobre-chuvas-irregulares-e-riscos-de-granizo.jpg\" alt=\"-\" width=\"1200\" height=\"628\" srcset=\"https:\/\/blog.verde.ag\/pt\/wp-content\/uploads\/2023\/09\/Alerta-do-Inmet-sobre-chuvas-irregulares-e-riscos-de-granizo.jpg 1200w, https:\/\/blog.verde.ag\/pt\/wp-content\/uploads\/2023\/09\/Alerta-do-Inmet-sobre-chuvas-irregulares-e-riscos-de-granizo-300x157.jpg 300w, https:\/\/blog.verde.ag\/pt\/wp-content\/uploads\/2023\/09\/Alerta-do-Inmet-sobre-chuvas-irregulares-e-riscos-de-granizo-1024x536.jpg 1024w, https:\/\/blog.verde.ag\/pt\/wp-content\/uploads\/2023\/09\/Alerta-do-Inmet-sobre-chuvas-irregulares-e-riscos-de-granizo-768x402.jpg 768w, https:\/\/blog.verde.ag\/pt\/wp-content\/uploads\/2023\/09\/Alerta-do-Inmet-sobre-chuvas-irregulares-e-riscos-de-granizo-770x403.jpg 770w, https:\/\/blog.verde.ag\/pt\/wp-content\/uploads\/2023\/09\/Alerta-do-Inmet-sobre-chuvas-irregulares-e-riscos-de-granizo-150x79.jpg 150w\" sizes=\"(max-width: 1200px) 100vw, 1200px\" title=\"\"><\/p>\n<p style=\"text-align: center;\"><a href=\"https:\/\/blog.verde.ag\/pt\/nutricao-de-plantas\/noticias-agricolas-chuvas-granizo\/\">Alerta do Inmet sobre chuvas irregulares e riscos de granizo \u00e9 destaque nas not\u00edcias agr\u00edcolas<\/a><\/p>\n<p>O clima \u00e9 destaque nas not\u00edcias agr\u00edcolas com alerta do Inmet sobre precipita\u00e7\u00f5es intensas e risco de granizo, em contraste com o calor recente. Saiba mais!<\/p>\n<p>&nbsp;<\/p>\n<p>Acompanhe os textos di\u00e1rios do blog da Verde Agritech e tenha o melhor conte\u00fado sobre o agro ao seu alcance!<\/p>\n<div class=\"shortcode_mobile\"><!--mobile-->\r\n<p><a href=\"https:\/\/conteudo.verde.ag\/kforte-fertilizante\/?utm_source=blog&amp;utm_campaign=Blog||Artigo&amp;utm_adset_name=banner&amp;utm_content=KFORTE-BANNER-MOBILE\" target=\"_blank\" rel=\"noopener\"><img class=\"alignnone size-full wp-image-10080\" src=\"https:\/\/blog.verde.ag\/pt\/wp-content\/uploads\/2024\/04\/KForte_Banner_Mobile.jpg\" alt=\"-\" width=\"800\" height=\"400\" title=\"\"><\/a><\/p>\r\n<\/div>\r\n<div class=\"shortcode_desktop\"><!--desktop-->\r\n<p><a href=\"https:\/\/conteudo.verde.ag\/kforte-fertilizante\/?utm_source=blog&amp;utm_campaign=Blog||Artigo&amp;utm_adset_name=banner&amp;utm_content=KFORTE-BANNER-DESKTOP\" target=\"_blank\" rel=\"noopener\"><img class=\"alignnone size-full wp-image-10080\" src=\"https:\/\/blog.verde.ag\/pt\/wp-content\/uploads\/2024\/04\/KForte_Banner_Desktop1.jpg\" alt=\"-\" width=\"800\" height=\"200\" title=\"\"><\/a><\/p>\r\n<\/div>\n","protected":false},"excerpt":{"rendered":"<p>Todas as semanas, o Blog da Verde Agritech traz os melhores textos sobre o agroneg\u00f3cio. Veja o que foi publicado na semana do dia 25 ao dia 29 de setembro!<\/p>\n","protected":false},"author":7,"featured_media":15742,"comment_status":"open","ping_status":"open","sticky":false,"template":"","format":"standard","meta":[],"categories":[1199],"tags":[1252,1253,885,1213],"_links":{"self":[{"href":"https:\/\/blog.verde.ag\/pt\/wp-json\/wp\/v2\/posts\/15741"}],"collection":[{"href":"https:\/\/blog.verde.ag\/pt\/wp-json\/wp\/v2\/posts"}],"about":[{"href":"https:\/\/blog.verde.ag\/pt\/wp-json\/wp\/v2\/types\/post"}],"author":[{"embeddable":true,"href":"https:\/\/blog.verde.ag\/pt\/wp-json\/wp\/v2\/users\/7"}],"replies":[{"embeddable":true,"href":"https:\/\/blog.verde.ag\/pt\/wp-json\/wp\/v2\/comments?post=15741"}],"version-history":[{"count":0,"href":"https:\/\/blog.verde.ag\/pt\/wp-json\/wp\/v2\/posts\/15741\/revisions"}],"wp:featuredmedia":[{"embeddable":true,"href":"https:\/\/blog.verde.ag\/pt\/wp-json\/wp\/v2\/media\/15742"}],"wp:attachment":[{"href":"https:\/\/blog.verde.ag\/pt\/wp-json\/wp\/v2\/media?parent=15741"}],"wp:term":[{"taxonomy":"category","embeddable":true,"href":"https:\/\/blog.verde.ag\/pt\/wp-json\/wp\/v2\/categories?post=15741"},{"taxonomy":"post_tag","embeddable":true,"href":"https:\/\/blog.verde.ag\/pt\/wp-json\/wp\/v2\/tags?post=15741"}],"curies":[{"name":"wp","href":"https:\/\/api.w.org\/{rel}","templated":true}]}}