{"id":15058,"date":"2023-08-11T20:09:02","date_gmt":"2023-08-11T23:09:02","guid":{"rendered":"https:\/\/blog.verde.ag\/pt\/?p=15058"},"modified":"2023-08-11T20:09:02","modified_gmt":"2023-08-11T23:09:02","slug":"noticias-agricolas-el-nino-2024","status":"publish","type":"post","link":"https:\/\/blog.verde.ag\/pt\/nutricao-de-plantas\/noticias-agricolas-el-nino-2024\/","title":{"rendered":"Not\u00edcias agr\u00edcolas: NOAA confirma forte possibilidade de persist\u00eancia do El Ni\u00f1o at\u00e9 fevereiro de 2024, o que afeta a agricultura do Brasil"},"content":{"rendered":"<p>A Administra\u00e7\u00e3o Oce\u00e2nica e Atmosf\u00e9rica (NOAA) emitiu uma atualiza\u00e7\u00e3o impactante e que \u00e9 destaque nas not\u00edcias agr\u00edcolas da semana: <a href=\"https:\/\/blog.verde.ag\/pt\/nutricao-de-plantas\/el-nino-safra-2023-24\/\">o El Ni\u00f1o<\/a> fez um retorno oficial, e as an\u00e1lises indicam uma probabilidade de 95% de que esse fen\u00f4meno clim\u00e1tico de intensidade marcante se mantenha de dezembro a fevereiro de 2024.<\/p>\n<p>Tais condi\u00e7\u00f5es podem ter um impacto direto sobre a futura safra de gr\u00e3os do Brasil, e a comunidade agr\u00edcola est\u00e1 atenta \u00e0s recentes informa\u00e7\u00f5es fornecidas pelo NOAA.<\/p>\n<p>De acordo com os especialistas, h\u00e1 maior confian\u00e7a de que o evento El Ni\u00f1o ser\u00e1 robusto desta vez, considerando os desenvolvimentos mais recentes. Esse tipo de El Ni\u00f1o, com intensidade acentuada e conhecido como Super El Ni\u00f1o, ocorre quando a temperatura da superf\u00edcie do Oceano Pac\u00edfico atinge ou ultrapassa 1,5\u00b0C.<\/p>\n<p>O NOAA aponta para v\u00e1rios fatores que contribu\u00edram para a estimativa de 95% de continuidade do fen\u00f4meno at\u00e9 o in\u00edcio do pr\u00f3ximo ano. Eles enfatizam que o Pac\u00edfico tropical centro-leste est\u00e1 apresentando temperaturas notavelmente elevadas.<\/p>\n<p>Especificamente, o \u00cdndice Ni\u00f1o-3.4, que \u00e9 uma medida crucial para monitorar o El Ni\u00f1o, registrou uma temperatura m\u00e9dia da superf\u00edcie do mar na regi\u00e3o Ni\u00f1o-3.4, localizada no centro-leste do Pac\u00edfico tropical, que ficou 1,0\u00b0C acima da m\u00e9dia hist\u00f3rica para o m\u00eas de julho. Essa informa\u00e7\u00e3o \u00e9 baseada nos dados mais confi\u00e1veis \u00e0 disposi\u00e7\u00e3o.<\/p>\n<p>Al\u00e9m disso, o \u00cdndice Ni\u00f1o Oce\u00e2nico, que \u00e9 uma m\u00e9dia de tr\u00eas meses do \u00cdndice Ni\u00f1o-3.4, revelou um aumento de 0,8\u00b0C em rela\u00e7\u00e3o \u00e0 m\u00e9dia de longo prazo durante o per\u00edodo de maio a julho. Esse \u00e9 o segundo per\u00edodo consecutivo de tr\u00eas meses com valores acima do limite do El Ni\u00f1o de 0,5\u00b0C.<\/p>\n<p><img decoding=\"async\" class=\"aligncenter size-full wp-image-15059\" src=\"https:\/\/blog.verde.ag\/pt\/wp-content\/uploads\/2023\/08\/Probabilidades-do-El-Nino-para-o-Indice-Nino-3.4.jpg\" alt=\"Probabilidades do El Ni\u00f1o para o \u00cdndice Ni\u00f1o 3.4\" width=\"800\" height=\"517\" srcset=\"https:\/\/blog.verde.ag\/pt\/wp-content\/uploads\/2023\/08\/Probabilidades-do-El-Nino-para-o-Indice-Nino-3.4.jpg 800w, https:\/\/blog.verde.ag\/pt\/wp-content\/uploads\/2023\/08\/Probabilidades-do-El-Nino-para-o-Indice-Nino-3.4-300x194.jpg 300w, https:\/\/blog.verde.ag\/pt\/wp-content\/uploads\/2023\/08\/Probabilidades-do-El-Nino-para-o-Indice-Nino-3.4-768x496.jpg 768w, https:\/\/blog.verde.ag\/pt\/wp-content\/uploads\/2023\/08\/Probabilidades-do-El-Nino-para-o-Indice-Nino-3.4-770x498.jpg 770w, https:\/\/blog.verde.ag\/pt\/wp-content\/uploads\/2023\/08\/Probabilidades-do-El-Nino-para-o-Indice-Nino-3.4-150x97.jpg 150w\" sizes=\"(max-width: 800px) 100vw, 800px\" title=\"\"><\/p>\n<p style=\"text-align: center;\"><em style=\"font-size: 12px;\">Probabilidades do El Ni\u00f1o para o \u00cdndice Ni\u00f1o 3.4 (Fonte: NOAA)<\/em><\/p>\n<p>O an\u00fancio da NOAA chega em um momento crucial, a apenas um m\u00eas antes do in\u00edcio do plantio no estado do Paran\u00e1. Essa atualiza\u00e7\u00e3o intensifica as preocupa\u00e7\u00f5es de todo o setor produtivo em rela\u00e7\u00e3o \u00e0 pr\u00f3xima safra de gr\u00e3os no Brasil.<\/p>\n<p>De acordo com especialistas entrevistados pelo <a href=\"https:\/\/www.noticiasagricolas.com.br\/noticias\/clima\/356808-noaa-confirma-95-de-chance-do-el-nino-com-intensidade-forte-persistir-ate-fevereiro-de-2024.html\" rel=\"nofollow noopener\" target=\"_blank\">portal Not\u00edcias Agr\u00edcolas<\/a>, o fen\u00f4meno deste ano apresenta particularidades distintas em rela\u00e7\u00e3o aos eventos de 1982-1983 e 1997-1998. Isso ocorre porque, al\u00e9m do El Ni\u00f1o, outros fatores est\u00e3o contribuindo para o aquecimento das \u00e1guas em diversas regi\u00f5es do mundo.<\/p>\n<p>Os meteorologistas alertam que os efeitos provavelmente se intensificar\u00e3o a partir de agora, sobretudo no Sul do Brasil. Os mapas indicam precipita\u00e7\u00f5es acima da m\u00e9dia, juntamente com temperaturas mais elevadas. Essa tend\u00eancia deve se fortalecer especialmente na primavera.<\/p>\n<p>Al\u00e9m do <a href=\"https:\/\/blog.verde.ag\/pt\/nutricao-de-plantas\/el-nino-e-soja\/\">impacto na safra de gr\u00e3os<\/a>, outros setores, como <a href=\"https:\/\/blog.verde.ag\/pt\/nutricao-de-plantas\/el-nino-cultura-do-cafe\/\">caf\u00e9<\/a>, hortifrutis e citros, tamb\u00e9m est\u00e3o em alerta. Esses setores tiveram resultados desfavor\u00e1veis durante os \u00faltimos tr\u00eas anos de La Ni\u00f1a. Com o retorno da esta\u00e7\u00e3o chuvosa, a preocupa\u00e7\u00e3o agora tamb\u00e9m envolve as altas temperaturas, que podem afetar as \u00e1reas de produ\u00e7\u00e3o.<\/p>\n<p>No Centro-Norte do Brasil, a principal apreens\u00e3o est\u00e1 relacionada \u00e0 diminui\u00e7\u00e3o da precipita\u00e7\u00e3o. Conforme o previsto, o El Ni\u00f1o poder\u00e1 reduzir o volume de chuvas nessas \u00e1reas, tendo impactos significativos nas \u00e1reas rurais e no abastecimento de \u00e1gua.<\/p>\n<h2>Estar atento \u00e0s not\u00edcias agr\u00edcolas que falam sobre o clima e tomar medidas de preven\u00e7\u00e3o \u00e9 essencial<\/h2>\n<p>Tendo em vista esse cen\u00e1rio, \u00e9 essencial que os agricultores estejam atentos \u00e0s not\u00edcias agr\u00edcolas e \u00e0s previs\u00f5es meteorol\u00f3gicas atualizadas, al\u00e9m de buscar orienta\u00e7\u00f5es t\u00e9cnicas especializadas para tomar as melhores decis\u00f5es em rela\u00e7\u00e3o ao manejo de suas planta\u00e7\u00f5es.<\/p>\n<p>Tamb\u00e9m \u00e9 importante acompanhar as recomenda\u00e7\u00f5es de plantio, investir em pr\u00e1ticas de conserva\u00e7\u00e3o do solo e utilizar sistemas de irriga\u00e7\u00e3o eficientes s\u00e3o algumas medidas que podem ajudar a minimizar os poss\u00edveis impactos negativos do El Ni\u00f1o na produ\u00e7\u00e3o agr\u00edcola.<\/p>\n<p>Outra a\u00e7\u00e3o que pode ajudar o agricultor a se prevenir dos efeitos negativos do El Ni\u00f1o na atividade agr\u00edcola \u00e9 o uso de <a href=\"https:\/\/blog.verde.ag\/pt\/produtos-da-verde\/entenda-o-que-e-o-baks-e-as-suas-vantagens-para-uma-nova-agricultura\/\">fertilizantes adequados<\/a>, menos suscet\u00edveis \u00e0 lixivia\u00e7\u00e3o e que ajudem as plantas a lidar com poss\u00edveis estresses abi\u00f3ticos, tamb\u00e9m \u00e9 muito importante.<\/p>\n<p>Assim, estar preparado e informado \u00e9 fundamental para enfrentar os desafios que o El Ni\u00f1o e outros fen\u00f4menos clim\u00e1ticos podem impor \u00e0 agricultura, visando garantir a sustentabilidade e a produtividade do setor.<\/p>\n<div class=\"shortcode_mobile\"><!--mobile-->\r\n<p><a href=\"https:\/\/conteudo.verde.ag\/kforte-fertilizante\/?utm_source=blog&amp;utm_campaign=Blog||Artigo&amp;utm_adset_name=banner&amp;utm_content=KFORTE-BANNER-MOBILE\" target=\"_blank\" rel=\"noopener\"><img class=\"alignnone size-full wp-image-10080\" src=\"https:\/\/blog.verde.ag\/pt\/wp-content\/uploads\/2024\/04\/KForte_Banner_Mobile.jpg\" alt=\"-\" width=\"800\" height=\"400\" title=\"\"><\/a><\/p>\r\n<\/div>\r\n<div class=\"shortcode_desktop\"><!--desktop-->\r\n<p><a href=\"https:\/\/conteudo.verde.ag\/kforte-fertilizante\/?utm_source=blog&amp;utm_campaign=Blog||Artigo&amp;utm_adset_name=banner&amp;utm_content=KFORTE-BANNER-DESKTOP\" target=\"_blank\" rel=\"noopener\"><img class=\"alignnone size-full wp-image-10080\" src=\"https:\/\/blog.verde.ag\/pt\/wp-content\/uploads\/2024\/04\/KForte_Banner_Desktop1.jpg\" alt=\"-\" width=\"800\" height=\"200\" title=\"\"><\/a><\/p>\r\n<\/div>\n","protected":false},"excerpt":{"rendered":"<p>Previs\u00e3o da NOAA aponta para El Ni\u00f1o intenso e at\u00e9 2024, o que \u00e9 destaque nas not\u00edcias agr\u00edcolas da semana. Saiba mais sobre isso e os impactos na agricultura!<\/p>\n","protected":false},"author":7,"featured_media":15060,"comment_status":"open","ping_status":"open","sticky":false,"template":"","format":"standard","meta":[],"categories":[197],"tags":[27,1025,1064,886,963,1002,1190],"_links":{"self":[{"href":"https:\/\/blog.verde.ag\/pt\/wp-json\/wp\/v2\/posts\/15058"}],"collection":[{"href":"https:\/\/blog.verde.ag\/pt\/wp-json\/wp\/v2\/posts"}],"about":[{"href":"https:\/\/blog.verde.ag\/pt\/wp-json\/wp\/v2\/types\/post"}],"author":[{"embeddable":true,"href":"https:\/\/blog.verde.ag\/pt\/wp-json\/wp\/v2\/users\/7"}],"replies":[{"embeddable":true,"href":"https:\/\/blog.verde.ag\/pt\/wp-json\/wp\/v2\/comments?post=15058"}],"version-history":[{"count":0,"href":"https:\/\/blog.verde.ag\/pt\/wp-json\/wp\/v2\/posts\/15058\/revisions"}],"wp:featuredmedia":[{"embeddable":true,"href":"https:\/\/blog.verde.ag\/pt\/wp-json\/wp\/v2\/media\/15060"}],"wp:attachment":[{"href":"https:\/\/blog.verde.ag\/pt\/wp-json\/wp\/v2\/media?parent=15058"}],"wp:term":[{"taxonomy":"category","embeddable":true,"href":"https:\/\/blog.verde.ag\/pt\/wp-json\/wp\/v2\/categories?post=15058"},{"taxonomy":"post_tag","embeddable":true,"href":"https:\/\/blog.verde.ag\/pt\/wp-json\/wp\/v2\/tags?post=15058"}],"curies":[{"name":"wp","href":"https:\/\/api.w.org\/{rel}","templated":true}]}}