{"id":14971,"date":"2023-08-03T19:01:17","date_gmt":"2023-08-03T22:01:17","guid":{"rendered":"https:\/\/blog.verde.ag\/pt\/?p=14971"},"modified":"2023-08-03T19:01:17","modified_gmt":"2023-08-03T22:01:17","slug":"mapa-ferrugem-asiatica-da-soja","status":"publish","type":"post","link":"https:\/\/blog.verde.ag\/pt\/manejo-de-pragas-e-doencas\/mapa-ferrugem-asiatica-da-soja\/","title":{"rendered":"Atualiza\u00e7\u00e3o do Programa Nacional de Controle da Ferrugem Asi\u00e1tica da Soja pelo MAPA \u00e9 destaque nas not\u00edcias agr\u00edcolas"},"content":{"rendered":"<p>A Portaria n\u00ba 865, que traz revis\u00f5es e atualiza\u00e7\u00f5es para o Programa Nacional de Controle da <a href=\"https:\/\/blog.verde.ag\/pt\/manejo-de-pragas-e-doencas\/ferrugem-asiatica-da-soja\/\">Ferrugem Asi\u00e1tica da Soja<\/a> (PNCFS), foi emitida nesta quinta-feira (03), sendo destaque nas not\u00edcias agr\u00edcolas.<\/p>\n<p>O objetivo principal do programa \u00e9 fortalecer o sistema de produ\u00e7\u00e3o agr\u00edcola da soja, promovendo a\u00e7\u00f5es estrat\u00e9gicas de defesa sanit\u00e1ria vegetal, apoiadas por pesquisas agr\u00edcolas e assist\u00eancia t\u00e9cnica para prevenir e controlar essa praga.<\/p>\n<p>A nova regulamenta\u00e7\u00e3o busca aprimorar a governan\u00e7a do programa, conferindo maior autonomia \u00e0 Secretaria de Defesa Agropecu\u00e1ria do Minist\u00e9rio da Agricultura e Pecu\u00e1ria (MAPA), que agora assume a condi\u00e7\u00e3o de Inst\u00e2ncia Central e Superior do Sistema Unificado de Aten\u00e7\u00e3o \u00e0 Sanidade Agropecu\u00e1ria (Suasa), para estabelecer medidas de preven\u00e7\u00e3o e controle da doen\u00e7a.<\/p>\n<p>A Ferrugem Asi\u00e1tica da Soja \u00e9 causada pelo fungo <em>Phakopsora pachyrhizi<\/em> e \u00e9 considerada uma das mais graves que afetam a cultura da soja, podendo surgir em qualquer est\u00e1gio fenol\u00f3gico. Em regi\u00f5es onde a doen\u00e7a foi relatada em n\u00edveis epid\u00eamicos, os danos variam entre 10% e 90% da produ\u00e7\u00e3o.<\/p>\n<p>Para lidar adequadamente com essa doen\u00e7a e minimizar os potenciais preju\u00edzos \u00e0 cadeia produtiva da soja, \u00e9 necess\u00e1rio considerar diversos aspectos, como a redu\u00e7\u00e3o do in\u00f3culo do fungo e o manejo da resist\u00eancia aos fungicidas.<\/p>\n<p>Como a soja \u00e9 cultivada em quase todos os estados brasileiros, as medidas oficiais estabelecidas precisam abranger os resultados desejados em \u00e2mbito nacional, conforme destacou a coordenadora-geral de Prote\u00e7\u00e3o de Plantas, Graciane Castro.<\/p>\n<h2>Medidas importantes para o controle da Ferrugem Asi\u00e1tica da Soja<\/h2>\n<p>Dentre as medidas fitossanit\u00e1rias previstas no PNCFS, duas se destacam: A primeira \u00e9 a pr\u00e1tica do chamado <a href=\"https:\/\/blog.verde.ag\/pt\/tecnicas-agricolas\/vazio-sanitario-da-soja\/\">vazio sanit\u00e1rio<\/a>, que estabelece um per\u00edodo cont\u00ednuo de pelo menos 90 dias durante o qual n\u00e3o \u00e9 permitido semear ou manter plantas vivas de uma esp\u00e9cie vegetal em uma determinada \u00e1rea, com o objetivo de reduzir o in\u00f3culo de doen\u00e7as ou popula\u00e7\u00e3o de uma determinada praga.<\/p>\n<p>A segunda \u00e9 a observa\u00e7\u00e3o do calend\u00e1rio de semeadura da soja, recomendado pela pesquisa cient\u00edfica como uma medida para racionalizar o n\u00famero de aplica\u00e7\u00f5es de fungicidas e reduzir os riscos de desenvolvimento de resist\u00eancia do fungo causador da doen\u00e7a.<\/p>\n<p>As particularidades regionais tamb\u00e9m s\u00e3o levadas em conta, assim como acontece em outros programas oficiais de preven\u00e7\u00e3o e controle de pragas.<\/p>\n<p>Contudo, as excepcionalidades previstas na normativa n\u00e3o comprometem a sustentabilidade da cadeia produtiva como um todo. O objetivo \u00e9 enfrentar a Ferrugem Asi\u00e1tica de forma abrangente, garantindo a prote\u00e7\u00e3o da produ\u00e7\u00e3o de soja no Brasil.<\/p>\n<div class=\"verde-content_3\" id=\"verde-3614285836\"><a class=\"text-color-btn\" href=\"https:\/\/wa.me\/5531999206297?text=Ol%C3%A1%2C%20vi%20o%20artigo%20no%20blog%20e%20gostaria%20de%20saber%20mais%20sobre%20os%20fertilizantes%20da%20Verde%20Agritech\" target=\"_blank\" rel=\"noopener noreferrer\">\r\n    <button class=\"btn-form-blog\">Quero revolucionar a produ\u00e7\u00e3o da minha lavoura<\/button>\r\n<\/a>\r\n\r\n<style>\r\n    .text-color-btn {\r\n        background-color: #38a38c;\r\n        color: #fff;\r\n        border: none;\r\n        border-radius: 20px;\r\n        cursor: pointer;\r\n        text-decoration: none; \/* Adicionado para evitar sublinhado no link *\/\r\n        display: inline-block;\r\n    }\r\n\r\n    .btn-form-blog {\r\n        padding: 14px;\r\n        background-color: #38a38c;\r\n        color: #fff;\r\n        border: none;\r\n        border-radius: 20px;\r\n        cursor: pointer;\r\n    }\r\n\r\n    .text-color-btn:hover {\r\n        background-color: #333;\r\n        transition: 0.4s;\r\n    }\r\n\r\n    .btn-form-blog:hover {\r\n        background-color: #333;\r\n        transition: 0.4s;\r\n    }\r\n\r\n    @media only screen and (max-width: 600px) {\r\n        .text-color-btn {\r\n            background-color: #38a38c;\r\n            color: #fff;\r\n        }\r\n        .btn-form-blog {\r\n            padding: 14px;\r\n            background-color: #38a38c;\r\n            color: #fff;\r\n        }\r\n    }\r\n<\/style><\/div><h2>A import\u00e2ncia da aduba\u00e7\u00e3o adequada<\/h2>\n<p>A aduba\u00e7\u00e3o tamb\u00e9m pode exercer um papel fundamental para o controle da Ferrugem Asi\u00e1tica da Soja. Isso porque existem nutrientes e elementos ben\u00e9ficos que exercem fun\u00e7\u00f5es para ajudar as plantas a lidar de maneira mais efetiva com essa doen\u00e7a.<\/p>\n<p><span class=\"ui-provider fy b c d e f g h i j k l m n o p q r s t u v w x y z ab ac ae af ag ah ai aj ak\" dir=\"ltr\"><div class=\"shortcode_mobile\"><!--mobile-->\r\n<p><a href=\"https:\/\/blog.verde.ag\/pt\/e-book-importancia-da-nutricao-de-plantas-no-manejo-integrado-de-pragas\/\"><img class=\"alignnone size-full wp-image-10080\" src=\"https:\/\/blog.verde.ag\/pt\/wp-content\/uploads\/2023\/02\/Banner_Ebook_Blog_7.jpg\" alt=\"-\" width=\"800\" height=\"1000\" title=\"\"><\/a><\/p><\/div>\r\n<div class=\"shortcode_desktop\"><!--desktop-->\r\n<p><a href=\"https:\/\/blog.verde.ag\/pt\/e-book-importancia-da-nutricao-de-plantas-no-manejo-integrado-de-pragas\/\"><img class=\"alignnone size-full wp-image-10080\" src=\"https:\/\/blog.verde.ag\/pt\/wp-content\/uploads\/2023\/02\/Banner_Ebook_Blog_7_Desktop.jpg\" alt=\"-\" width=\"800\" height=\"200\" title=\"\"><\/a><\/p><\/div>\r\n<\/div><\/span><\/p>\n<p>O <a href=\"https:\/\/youtu.be\/Mex-nPVYdWw\" rel=\"nofollow noopener\" target=\"_blank\">sil\u00edcio<\/a>, por exemplo, ainda que n\u00e3o seja amplamente considerado um nutriente essencial, \u00e9 tido como um elemento ben\u00e9fico para as plantas. E estudos recentes demonstram justamente que a <a href=\"https:\/\/youtu.be\/_Bg0-CuqQCI\" rel=\"nofollow noopener\" target=\"_blank\">aplica\u00e7\u00e3o de sil\u00edcio na soja<\/a> pode se tornar outra estrat\u00e9gia importante para o controle dessa doen\u00e7a.<\/p>\n<div class=\"epyt-video-wrapper\"><iframe  id=\"_ytid_30002\"  width=\"1170\" height=\"658\"  data-origwidth=\"1170\" data-origheight=\"658\"  data-relstop=\"1\" src=\"https:\/\/www.youtube.com\/embed\/XoyEQgxADeA?enablejsapi=1&#038;autoplay=0&#038;cc_load_policy=0&#038;cc_lang_pref=&#038;iv_load_policy=1&#038;loop=0&#038;modestbranding=1&#038;rel=0&#038;fs=1&#038;playsinline=0&#038;autohide=2&#038;theme=dark&#038;color=red&#038;controls=1&#038;\" class=\"__youtube_prefs__  epyt-is-override  no-lazyload\" title=\"YouTube player\"  allow=\"fullscreen; accelerometer; autoplay; clipboard-write; encrypted-media; gyroscope; picture-in-picture\" allowfullscreen data-no-lazy=\"1\" data-skipgform_ajax_framebjll=\"\"><\/iframe><\/div>\n<p style=\"text-align: center;\"><em style=\"font-size: 12px;\">A nutri\u00e7\u00e3o com sil\u00edcio est\u00e1 entre as t\u00e9cnicas de manejo que j\u00e1 comprovaram sua efic\u00e1cia para o controle da ferrugem asi\u00e1tica.<\/em><\/p>\n<p>De acordo com o Prof. Fabr\u00edcio de \u00c1vila Rodrigues e outros pesquisadores do Departamento de Fitopatologia da Universidade Federal de Vi\u00e7osa, esses estudos t\u00eam evidenciado que o sil\u00edcio \u00e9 capaz de aumentar os n\u00edveis de subst\u00e2ncias pigmentantes, que s\u00e3o importantes para a <a href=\"https:\/\/blog.verde.ag\/nutricao-de-plantas\/como-o-silicio-aumenta-a-taxa-fotossintetica-das-plantas\/\">fotoss\u00edntese das plantas<\/a>.<\/p>\n<p>O efeito positivo disso \u00e9 a\u00a0\u00a0 redu\u00e7\u00e3o dos efeitos dos sintomas da Ferrugem Asi\u00e1tica da Soja. \u00c9 o que \u00e9 observado no artigo <em>Asian Soybean Rust Control on Soybean Sprayed with a New Source of Soluble Silicon.<\/em><\/p>\n<p>Al\u00e9m disso, outra vantagem da <a href=\"https:\/\/blog.verde.ag\/culturas\/soja\/silicio-na-soja-qual-o-papel-do-silicio-nessa-cultura\/\">aplica\u00e7\u00e3o do sil\u00edcio na soja<\/a> est\u00e1 relacionada \u00e0 redu\u00e7\u00e3o dos sintomas da ferrugem asi\u00e1tica.<\/p>\n<p>Isso acontece porque esse elemento ben\u00e9fico potencializa os mecanismos de defesa da planta \u00e0s infec\u00e7\u00f5es por pat\u00f3genos, j\u00e1 que ele contribui para a forma\u00e7\u00e3o de uma barreira f\u00edsica que evita a penetra\u00e7\u00e3o de fungos patog\u00eanicos.<\/p>\n<p>\u00c9 o que observaram Maria Fernanda Antunes da Cruz e outros pesquisadores, no artigo <em>Sil\u00edcio no processo infeccioso de Phakopsora pachyrhizi em fol\u00edolos de plantas de soja.<\/em><\/p>\n<p><img decoding=\"async\" class=\"aligncenter size-full wp-image-14972\" src=\"https:\/\/blog.verde.ag\/pt\/wp-content\/uploads\/2023\/08\/Micrografias-de-luz-e-eletromicrografias-de-varreduras-evidenciando-a-diferenca-do-processo-infeccioso-do-agente-causal-da-ferrugem-Phakopsora-pachyrhizi.jpg\" alt=\"Micrografias de luz e eletromicrografias de varreduras evidenciando a diferen\u00e7a do processo infeccioso do agente causal da ferrugem (Phakopsora pachyrhizi) em fol\u00edolos de plantas de soja sem (A, B e E) e com a aplica\u00e7\u00e3o de sil\u00edcio (C, D e F) (Fonte: Cruz et al, 2012)\" width=\"377\" height=\"367\" srcset=\"https:\/\/blog.verde.ag\/pt\/wp-content\/uploads\/2023\/08\/Micrografias-de-luz-e-eletromicrografias-de-varreduras-evidenciando-a-diferenca-do-processo-infeccioso-do-agente-causal-da-ferrugem-Phakopsora-pachyrhizi.jpg 377w, https:\/\/blog.verde.ag\/pt\/wp-content\/uploads\/2023\/08\/Micrografias-de-luz-e-eletromicrografias-de-varreduras-evidenciando-a-diferenca-do-processo-infeccioso-do-agente-causal-da-ferrugem-Phakopsora-pachyrhizi-300x292.jpg 300w, https:\/\/blog.verde.ag\/pt\/wp-content\/uploads\/2023\/08\/Micrografias-de-luz-e-eletromicrografias-de-varreduras-evidenciando-a-diferenca-do-processo-infeccioso-do-agente-causal-da-ferrugem-Phakopsora-pachyrhizi-150x146.jpg 150w\" sizes=\"(max-width: 377px) 100vw, 377px\" title=\"\"><\/p>\n<p style=\"text-align: center;\"><em style=\"font-size: 12px;\">Micrografias de luz e eletromicrografias de varreduras evidenciando a diferen\u00e7a do processo infeccioso do agente causal da ferrugem (Phakopsora pachyrhizi) em fol\u00edolos de plantas de soja sem (A, B e E) e com a aplica\u00e7\u00e3o de sil\u00edcio (C, D e F) (Fonte: Cruz et al, 2012)<\/em><\/p>\n<p>Assim, a implementa\u00e7\u00e3o boas pr\u00e1ticas de controle da ferrugem asi\u00e1tica, como as mencionadas na Portaria n\u00ba 865 do MAPA, al\u00e9m de uam aduba\u00e7\u00e3o com <a href=\"https:\/\/blog.verde.ag\/pt\/produtos-da-verde\/entenda-o-que-e-o-baks-e-as-suas-vantagens-para-uma-nova-agricultura\/\">fertilizantes eficientes e que sejam fontes de sil\u00edcio<\/a> s\u00e3o importantes ferramentas para que o agricultor consiga controlar essa doen\u00e7a e mitigar os seus impactos na <a href=\"https:\/\/blog.verde.ag\/culturas\/soja\/qual-e-a-influencia-das-doses-de-silicio-na-produtividade-da-soja\/\">produtividade da soja<\/a>.<\/p>\n<div class=\"shortcode_mobile\"><!--mobile-->\r\n<p><a href=\"https:\/\/conteudo.verde.ag\/kforte-fertilizante\/?utm_source=blog&amp;utm_campaign=Blog||Artigo&amp;utm_adset_name=banner&amp;utm_content=KFORTE-BANNER-MOBILE\" target=\"_blank\" rel=\"noopener\"><img class=\"alignnone size-full wp-image-10080\" src=\"https:\/\/blog.verde.ag\/pt\/wp-content\/uploads\/2024\/04\/KForte_Banner_Mobile.jpg\" alt=\"-\" width=\"800\" height=\"400\" title=\"\"><\/a><\/p>\r\n<\/div>\r\n<div class=\"shortcode_desktop\"><!--desktop-->\r\n<p><a href=\"https:\/\/conteudo.verde.ag\/kforte-fertilizante\/?utm_source=blog&amp;utm_campaign=Blog||Artigo&amp;utm_adset_name=banner&amp;utm_content=KFORTE-BANNER-DESKTOP\" target=\"_blank\" rel=\"noopener\"><img class=\"alignnone size-full wp-image-10080\" src=\"https:\/\/blog.verde.ag\/pt\/wp-content\/uploads\/2024\/04\/KForte_Banner_Desktop1.jpg\" alt=\"-\" width=\"800\" height=\"200\" title=\"\"><\/a><\/p>\r\n<\/div>\n","protected":false},"excerpt":{"rendered":"<p>O Minist\u00e9rio da Agricultura e Pecu\u00e1ria (MAPA) atualizou as diretrizes do programa de controle da Ferrugem Asi\u00e1tica da Soja. Saiba mais sobre isso!<\/p>\n","protected":false},"author":7,"featured_media":14976,"comment_status":"open","ping_status":"open","sticky":false,"template":"","format":"standard","meta":[],"categories":[194],"tags":[144,851,886,72,1002,228,1183,1131],"_links":{"self":[{"href":"https:\/\/blog.verde.ag\/pt\/wp-json\/wp\/v2\/posts\/14971"}],"collection":[{"href":"https:\/\/blog.verde.ag\/pt\/wp-json\/wp\/v2\/posts"}],"about":[{"href":"https:\/\/blog.verde.ag\/pt\/wp-json\/wp\/v2\/types\/post"}],"author":[{"embeddable":true,"href":"https:\/\/blog.verde.ag\/pt\/wp-json\/wp\/v2\/users\/7"}],"replies":[{"embeddable":true,"href":"https:\/\/blog.verde.ag\/pt\/wp-json\/wp\/v2\/comments?post=14971"}],"version-history":[{"count":0,"href":"https:\/\/blog.verde.ag\/pt\/wp-json\/wp\/v2\/posts\/14971\/revisions"}],"wp:featuredmedia":[{"embeddable":true,"href":"https:\/\/blog.verde.ag\/pt\/wp-json\/wp\/v2\/media\/14976"}],"wp:attachment":[{"href":"https:\/\/blog.verde.ag\/pt\/wp-json\/wp\/v2\/media?parent=14971"}],"wp:term":[{"taxonomy":"category","embeddable":true,"href":"https:\/\/blog.verde.ag\/pt\/wp-json\/wp\/v2\/categories?post=14971"},{"taxonomy":"post_tag","embeddable":true,"href":"https:\/\/blog.verde.ag\/pt\/wp-json\/wp\/v2\/tags?post=14971"}],"curies":[{"name":"wp","href":"https:\/\/api.w.org\/{rel}","templated":true}]}}