{"id":14666,"date":"2023-07-19T13:16:53","date_gmt":"2023-07-19T16:16:53","guid":{"rendered":"https:\/\/blog.verde.ag\/pt\/?p=14666"},"modified":"2023-07-19T13:16:53","modified_gmt":"2023-07-19T16:16:53","slug":"alta-preco-de-fertilizantes","status":"publish","type":"post","link":"https:\/\/blog.verde.ag\/pt\/nutricao-de-plantas\/alta-preco-de-fertilizantes\/","title":{"rendered":"Tend\u00eancia de alta no pre\u00e7o de fertilizantes \u00e9 destaque nas not\u00edcias agr\u00edcolas"},"content":{"rendered":"<p><span data-contrast=\"auto\">Nas \u00faltimas semanas, os agricultores brasileiros t\u00eam acompanhado uma nova escalada no pre\u00e7o de fertilizantes, como ureia, cloreto de pot\u00e1ssio (KCl) e o fosfato monoam\u00f4nico (MAP).<\/span><span data-ccp-props=\"{&quot;201341983&quot;:0,&quot;335551550&quot;:6,&quot;335551620&quot;:6,&quot;335559739&quot;:160,&quot;335559740&quot;:259}\">\u00a0<\/span><\/p>\n<p><span data-contrast=\"auto\">Somente nos \u00faltimos 30 dias, o <\/span><a href=\"https:\/\/blog.verde.ag\/pt\/mercado-agricola\/preco-da-ureia-nesta-semana\/\"><span data-contrast=\"none\">pre\u00e7o da ureia<\/span><\/a><span data-contrast=\"auto\"> sofreu um aumento de mais 25%, alcan\u00e7ando um patamar de mais de R$2200 por tonelada em algumas regi\u00f5es do Brasil.<\/span><span data-ccp-props=\"{&quot;201341983&quot;:0,&quot;335551550&quot;:6,&quot;335551620&quot;:6,&quot;335559739&quot;:160,&quot;335559740&quot;:259}\">\u00a0<\/span><\/p>\n<p><span data-contrast=\"auto\">Outros fertilizantes, como o <\/span><a href=\"https:\/\/blog.verde.ag\/pt\/mercado-agricola\/preco-do-map-no-brasil\/\"><span data-contrast=\"none\">MAP<\/span><\/a><span data-contrast=\"auto\"> e o <\/span><a href=\"https:\/\/blog.verde.ag\/pt\/mercado-agricola\/preco-do-cloreto-de-potassio\/\"><span data-contrast=\"none\">KCl<\/span><\/a><span data-contrast=\"auto\"> tamb\u00e9m tiveram incrementos de at\u00e9 15% no seu pre\u00e7o.<\/span><span data-ccp-props=\"{&quot;201341983&quot;:0,&quot;335551550&quot;:6,&quot;335551620&quot;:6,&quot;335559739&quot;:160,&quot;335559740&quot;:259}\">\u00a0<\/span><\/p>\n<p><span data-contrast=\"auto\">Especialistas apontam que essa nova alta no pre\u00e7o de fertilizantes est\u00e3o sendo um efeito da demanda represada de compra de fertilizantes para o segundo semestre de 2023, que tende a se intensificar com a redu\u00e7\u00e3o da janela de compra.<\/span><span data-ccp-props=\"{&quot;201341983&quot;:0,&quot;335551550&quot;:6,&quot;335551620&quot;:6,&quot;335559739&quot;:160,&quot;335559740&quot;:259}\">\u00a0<\/span><\/p>\n<h2><span data-contrast=\"auto\">A varia\u00e7\u00e3o do pre\u00e7o commodities agr\u00edcolas, quest\u00f5es da geopol\u00edtica mundial e gargalo log\u00edstico influenciam nova tend\u00eancia de a<\/span>lta no pre\u00e7o de fertilizantes<\/h2>\n<p><span data-contrast=\"auto\">Tal cen\u00e1rio foi impulsionado pela redu\u00e7\u00e3o do pre\u00e7o de algumas <\/span><a href=\"https:\/\/blog.verde.ag\/pt\/mercado-agricola\/commodities-agricolas-e-agronegocio\/\"><span data-contrast=\"none\">commodities agr\u00edcolas<\/span><\/a><span data-contrast=\"auto\">, que acabaram aumentando a rela\u00e7\u00e3o de troca de fertilizantes.<\/span><span data-ccp-props=\"{&quot;201341983&quot;:0,&quot;335551550&quot;:6,&quot;335551620&quot;:6,&quot;335559739&quot;:160,&quot;335559740&quot;:259}\">\u00a0<\/span><\/p>\n<p><span data-contrast=\"auto\">No caso da cultura do milho, essa <\/span><a href=\"https:\/\/blog.verde.ag\/pt\/nutricao-de-plantas\/relacoes-de-troca-na-agricultura\/\"><span data-contrast=\"none\">rela\u00e7\u00e3o de troca<\/span><\/a><span data-contrast=\"auto\"> est\u00e1 muito desfavor\u00e1vel para o agricultor, principalmente para aqueles que ainda n\u00e3o adquiriam fertilizantes para pr\u00f3xima safra de ver\u00e3o e a safrinha do pr\u00f3ximo ano.<\/span><span data-ccp-props=\"{&quot;201341983&quot;:0,&quot;335551550&quot;:6,&quot;335551620&quot;:6,&quot;335559739&quot;:160,&quot;335559740&quot;:259}\">\u00a0<\/span><\/p>\n<p><span data-contrast=\"auto\">A rela\u00e7\u00e3o de troca de fertilizantes j\u00e1 tem extrapolado 60 sacas de milho para cada tonelada de ureia a ser adquirida.\u00a0<\/span><span data-ccp-props=\"{&quot;201341983&quot;:0,&quot;335551550&quot;:6,&quot;335551620&quot;:6,&quot;335559739&quot;:160,&quot;335559740&quot;:259}\">\u00a0<\/span><\/p>\n<p><span data-contrast=\"auto\">Devido a isso, especialistas apontam que j\u00e1 existe at\u00e9 uma tend\u00eancia de substitui\u00e7\u00e3o da safra de milho ver\u00e3o por soja enquanto houver esse cen\u00e1rio de alta da ureia acompanhado pela baixa do <\/span><a href=\"https:\/\/blog.verde.ag\/pt\/mercado-agricola\/preco-do-milho-em-2023\/\"><span data-contrast=\"none\">pre\u00e7o do milho<\/span><\/a><span data-contrast=\"auto\"> no mercado.<\/span><span data-ccp-props=\"{&quot;201341983&quot;:0,&quot;335551550&quot;:6,&quot;335551620&quot;:6,&quot;335559739&quot;:160,&quot;335559740&quot;:259}\">\u00a0<\/span><\/p>\n<div class=\"epyt-video-wrapper\"><iframe  id=\"_ytid_73561\"  width=\"1170\" height=\"658\"  data-origwidth=\"1170\" data-origheight=\"658\"  data-relstop=\"1\" src=\"https:\/\/www.youtube.com\/embed\/KFAZ5PDEybo?enablejsapi=1&#038;autoplay=0&#038;cc_load_policy=0&#038;cc_lang_pref=&#038;iv_load_policy=1&#038;loop=0&#038;modestbranding=1&#038;rel=0&#038;fs=1&#038;playsinline=0&#038;autohide=2&#038;theme=dark&#038;color=red&#038;controls=1&#038;\" class=\"__youtube_prefs__  epyt-is-override  no-lazyload\" title=\"YouTube player\"  allow=\"fullscreen; accelerometer; autoplay; clipboard-write; encrypted-media; gyroscope; picture-in-picture\" allowfullscreen data-no-lazy=\"1\" data-skipgform_ajax_framebjll=\"\"><\/iframe><\/div>\n<p style=\"text-align: center;\"><span data-contrast=\"auto\"><em style=\"font-size: 12px;\">Com a aproxima\u00e7\u00e3o do plantio da nova safra de grandes culturas no Brasil, o agricultor tem vivenciado uma janela para aquisi\u00e7\u00e3o de insumos cada vez mais reduzida. E, junto a isso, problemas log\u00edsticos para entrega de fertilizantes tem come\u00e7ado a surgir nas principais regi\u00f5es produtoras do pa\u00eds.<\/em><\/span><\/p>\n<p><span data-contrast=\"auto\">Outros fatores que tamb\u00e9m t\u00eam impulsionado o pre\u00e7o da ureia e de outros fertilizantes incluem quest\u00f5es da geopol\u00edtica mundial, como:<\/span><span data-ccp-props=\"{&quot;201341983&quot;:0,&quot;335551550&quot;:6,&quot;335551620&quot;:6,&quot;335559739&quot;:160,&quot;335559740&quot;:259}\">\u00a0<\/span><\/p>\n<ul>\n<li data-leveltext=\"\uf0b7\" data-font=\"Symbol\" data-listid=\"1\" data-list-defn-props=\"{&quot;335552541&quot;:1,&quot;335559684&quot;:-2,&quot;335559685&quot;:720,&quot;335559991&quot;:360,&quot;469769226&quot;:&quot;Symbol&quot;,&quot;469769242&quot;:[8226],&quot;469777803&quot;:&quot;left&quot;,&quot;469777804&quot;:&quot;\uf0b7&quot;,&quot;469777815&quot;:&quot;hybridMultilevel&quot;}\" aria-setsize=\"-1\" data-aria-posinset=\"1\" data-aria-level=\"1\"><span data-contrast=\"auto\">Os cortes na produ\u00e7\u00e3o de ureia no Egito, que refletiram no aumento da demanda do mercado europeu;<\/span><span data-ccp-props=\"{&quot;201341983&quot;:0,&quot;335551550&quot;:6,&quot;335551620&quot;:6,&quot;335559739&quot;:160,&quot;335559740&quot;:259}\">\u00a0<\/span><\/li>\n<li data-leveltext=\"\uf0b7\" data-font=\"Symbol\" data-listid=\"1\" data-list-defn-props=\"{&quot;335552541&quot;:1,&quot;335559684&quot;:-2,&quot;335559685&quot;:720,&quot;335559991&quot;:360,&quot;469769226&quot;:&quot;Symbol&quot;,&quot;469769242&quot;:[8226],&quot;469777803&quot;:&quot;left&quot;,&quot;469777804&quot;:&quot;\uf0b7&quot;,&quot;469777815&quot;:&quot;hybridMultilevel&quot;}\" aria-setsize=\"-1\" data-aria-posinset=\"2\" data-aria-level=\"1\"><span data-contrast=\"auto\">O aumento nos <\/span><a href=\"https:\/\/blog.verde.ag\/pt\/mercado-agricola\/falta-de-gas-natural-na-europa-traz-o-perigo-de-escassez-de-fertilizantes-e-aumento-de-precos-de-alimentos\/\"><span data-contrast=\"none\">pre\u00e7os de g\u00e1s na Europa<\/span><\/a><span data-contrast=\"auto\">, um insumo que representa cerca de 80% dos custos vari\u00e1veis da produ\u00e7\u00e3o de componentes essenciais da fabrica\u00e7\u00e3o de fertilizantes nitrogenados;<\/span><span data-ccp-props=\"{&quot;201341983&quot;:0,&quot;335551550&quot;:6,&quot;335551620&quot;:6,&quot;335559739&quot;:160,&quot;335559740&quot;:259}\">\u00a0<\/span><\/li>\n<li data-leveltext=\"\uf0b7\" data-font=\"Symbol\" data-listid=\"1\" data-list-defn-props=\"{&quot;335552541&quot;:1,&quot;335559684&quot;:-2,&quot;335559685&quot;:720,&quot;335559991&quot;:360,&quot;469769226&quot;:&quot;Symbol&quot;,&quot;469769242&quot;:[8226],&quot;469777803&quot;:&quot;left&quot;,&quot;469777804&quot;:&quot;\uf0b7&quot;,&quot;469777815&quot;:&quot;hybridMultilevel&quot;}\" aria-setsize=\"-1\" data-aria-posinset=\"3\" data-aria-level=\"1\"><span data-contrast=\"auto\">O aumento da demanda de fertilizantes pela \u00cdndia.<\/span><span data-ccp-props=\"{&quot;201341983&quot;:0,&quot;335551550&quot;:6,&quot;335551620&quot;:6,&quot;335559739&quot;:160,&quot;335559740&quot;:259}\">\u00a0<\/span><\/li>\n<\/ul>\n<p><span data-contrast=\"auto\">Contudo, n\u00e3o \u00e9 somente a <\/span><a href=\"https:\/\/blog.verde.ag\/pt\/mercado-agricola\/a-alta-dos-precos-dos-fertilizantes-pode-estar-reduzindo-seus-lucros\/\"><span data-contrast=\"none\">alta no pre\u00e7o dos fertilizantes<\/span><\/a><span data-contrast=\"auto\"> que est\u00e1 preocupando os agricultores brasileiros. Como o pre\u00e7o de outros insumos, como sementes, ainda continua elevado, a rentabilidade das novas safras ainda continua bem comprometido.<\/span><span data-ccp-props=\"{&quot;201341983&quot;:0,&quot;335551550&quot;:6,&quot;335551620&quot;:6,&quot;335559739&quot;:160,&quot;335559740&quot;:259}\">\u00a0<\/span><\/p>\n<p><span data-contrast=\"auto\">Por isso, fazer um bom <\/span><a href=\"https:\/\/blog.verde.ag\/pt\/administracao-rural\/o-que-e-planejamento-agricola\/\"><span data-contrast=\"none\">planejamento financeiro<\/span><\/a><span data-contrast=\"auto\"> da sua propriedade mapeando os custos de produ\u00e7\u00e3o acaba se tornando uma ferramenta essencial para que o agricultor entenda o melhor momento para tomada de decis\u00e3o para <\/span><a href=\"https:\/\/blog.verde.ag\/pt\/nutricao-de-plantas\/aumento-poder-de-compra-de-fertilizantes\/\"><span data-contrast=\"none\">compra de fertilizantes<\/span><\/a><span data-contrast=\"auto\">.<\/span><span data-ccp-props=\"{&quot;201341983&quot;:0,&quot;335551550&quot;:6,&quot;335551620&quot;:6,&quot;335559739&quot;:160,&quot;335559740&quot;:259}\">\u00a0<\/span><\/p>\n<p><span data-contrast=\"auto\">Al\u00e9m disso, o agricultor hoje j\u00e1 encontra no mercado fertilizantes nacionais a um custo justo e acess\u00edvel, que n\u00e3o sofrem com os impactos das crises geopol\u00edticas e varia\u00e7\u00f5es cambiais.<\/span><span data-ccp-props=\"{&quot;201341983&quot;:0,&quot;335551550&quot;:6,&quot;335551620&quot;:6,&quot;335559739&quot;:160,&quot;335559740&quot;:259}\">\u00a0<\/span><\/p>\n<p><span data-contrast=\"auto\">Eles s\u00e3o o <\/span><a href=\"https:\/\/blog.verde.ag\/pt\/produtos-da-verde\/entenda-o-que-e-o-baks-e-as-suas-vantagens-para-uma-nova-agricultura\/\"><span data-contrast=\"none\">BAKS<\/span><span data-contrast=\"none\">\u00ae<\/span><\/a><span data-contrast=\"auto\"> e o <\/span><a href=\"https:\/\/blog.verde.ag\/pt\/produtos-da-verde\/entenda-o-que-e-o-k-forte-e-quais-beneficios-o-fertilizante-proporciona-para-a-agricultura\/\"><span data-contrast=\"none\">K Forte<\/span><span data-contrast=\"none\">\u00ae<\/span><\/a><span data-contrast=\"auto\">, dois fertilizantes pot\u00e1ssicos multinutrientes da empresa de tecnologia agr\u00edcola Verde Agritech.\u00a0<\/span><span data-ccp-props=\"{&quot;201341983&quot;:0,&quot;335551550&quot;:6,&quot;335551620&quot;:6,&quot;335559739&quot;:160,&quot;335559740&quot;:259}\">\u00a0<\/span><\/p>\n<p><span data-contrast=\"auto\">A <\/span><a href=\"https:\/\/blog.verde.ag\/pt\/?s=verde+agritech\"><span data-contrast=\"none\">Verde Agritech<\/span><\/a><span data-contrast=\"auto\"> al\u00e9m de contar com fertilizantes com tecnologias exclusivas e inovadoras que potencializam a nutri\u00e7\u00e3o das plantas, tem o compromisso de garantir o melhor pre\u00e7o por ponto de nutriente do mercado.\u00a0<\/span><span data-ccp-props=\"{&quot;201341983&quot;:0,&quot;335551550&quot;:6,&quot;335551620&quot;:6,&quot;335559739&quot;:160,&quot;335559740&quot;:259}\">\u00a0<\/span><\/p>\n<p><span data-contrast=\"auto\">Assim, o momento da compra, o agricultor al\u00e9m de pagar o melhor pre\u00e7o de fertilizantes por ponto de nutriente no mercado, tendo como refer\u00eancia os fertilizantes mais utilizados, tem a op\u00e7\u00e3o de adquirir a Garantia Estendida. <\/span><span data-ccp-props=\"{&quot;201341983&quot;:0,&quot;335551550&quot;:6,&quot;335551620&quot;:6,&quot;335559739&quot;:160,&quot;335559740&quot;:259}\">\u00a0<\/span><\/p>\n<p><span data-contrast=\"auto\">A <\/span><a href=\"https:\/\/youtu.be\/3a--DSiWftM\" rel=\"nofollow noopener\" target=\"_blank\"><span data-contrast=\"none\">Garantia Estendida<\/span><\/a><span data-contrast=\"auto\"> funciona como uma ap\u00f3lice de seguro: se os pre\u00e7os de mercado dos fertilizantes ca\u00edrem, o valor do contrato \u00e9 recalculado e o agricultor paga mais barato e se os pre\u00e7os de mercado dos fertilizantes subirem, o valor de contrato acordado com a Verde Agritech \u00e9 mantido.<\/span><span data-ccp-props=\"{&quot;201341983&quot;:0,&quot;335551550&quot;:6,&quot;335551620&quot;:6,&quot;335559739&quot;:160,&quot;335559740&quot;:259}\">\u00a0<\/span><\/p>\n<p><span data-contrast=\"auto\">Conhe\u00e7a mais sobre a fertilizantes multinutrientes da Verde Agritech e suas condi\u00e7\u00f5es de compra, clicando na imagem a seguir!<\/span><\/p>\n<div class=\"shortcode_mobile\"><!--mobile-->\r\n<p><a href=\"https:\/\/conteudo.verde.ag\/baks-fertilizante\/?utm_source=blog&amp;utm_campaign=Blog||Artigo&amp;utm_adset_name=BAKS-BANNER-MOBILE\" target=\"_blank\" rel=\"noopener\"><img class=\"alignnone size-full wp-image-10080\" src=\"https:\/\/blog.verde.ag\/pt\/wp-content\/uploads\/2024\/04\/BAKS_Banner_Mobile.jpg\" alt=\"-\" width=\"800\" height=\"400\" title=\"\"><\/a><\/p>\r\n<\/div>\r\n<div class=\"shortcode_desktop\"><!--desktop-->\r\n<p><a href=\"https:\/\/conteudo.verde.ag\/baks-fertilizante\/?utm_source=blog&amp;utm_campaign=Blog||Artigo&amp;utm_adset_name=BAKS-BANNER-DESKTOP\" target=\"_blank\" rel=\"noopener\"><img class=\"alignnone size-full wp-image-10080\" src=\"https:\/\/blog.verde.ag\/pt\/wp-content\/uploads\/2024\/04\/BAKS_Banner_Desktop.jpg\" alt=\"-\" width=\"800\" height=\"200\" title=\"\"><\/a><\/p>\r\n<\/div>\r\n\n","protected":false},"excerpt":{"rendered":"<p>Tend\u00eancia de alta no pre\u00e7o de fertilizantes \u00e9 incentivada pela varia\u00e7\u00e3o do pre\u00e7o commodities agr\u00edcolas e quest\u00f5es da geopol\u00edtica mundial. Leia mais a seguir!<\/p>\n","protected":false},"author":7,"featured_media":14671,"comment_status":"open","ping_status":"open","sticky":false,"template":"","format":"standard","meta":[],"categories":[197],"tags":[1170,886,980,423],"_links":{"self":[{"href":"https:\/\/blog.verde.ag\/pt\/wp-json\/wp\/v2\/posts\/14666"}],"collection":[{"href":"https:\/\/blog.verde.ag\/pt\/wp-json\/wp\/v2\/posts"}],"about":[{"href":"https:\/\/blog.verde.ag\/pt\/wp-json\/wp\/v2\/types\/post"}],"author":[{"embeddable":true,"href":"https:\/\/blog.verde.ag\/pt\/wp-json\/wp\/v2\/users\/7"}],"replies":[{"embeddable":true,"href":"https:\/\/blog.verde.ag\/pt\/wp-json\/wp\/v2\/comments?post=14666"}],"version-history":[{"count":0,"href":"https:\/\/blog.verde.ag\/pt\/wp-json\/wp\/v2\/posts\/14666\/revisions"}],"wp:featuredmedia":[{"embeddable":true,"href":"https:\/\/blog.verde.ag\/pt\/wp-json\/wp\/v2\/media\/14671"}],"wp:attachment":[{"href":"https:\/\/blog.verde.ag\/pt\/wp-json\/wp\/v2\/media?parent=14666"}],"wp:term":[{"taxonomy":"category","embeddable":true,"href":"https:\/\/blog.verde.ag\/pt\/wp-json\/wp\/v2\/categories?post=14666"},{"taxonomy":"post_tag","embeddable":true,"href":"https:\/\/blog.verde.ag\/pt\/wp-json\/wp\/v2\/tags?post=14666"}],"curies":[{"name":"wp","href":"https:\/\/api.w.org\/{rel}","templated":true}]}}