{"id":14658,"date":"2023-07-18T23:05:56","date_gmt":"2023-07-19T02:05:56","guid":{"rendered":"https:\/\/blog.verde.ag\/pt\/?p=14658"},"modified":"2023-07-18T23:07:02","modified_gmt":"2023-07-19T02:07:02","slug":"armazenagem-de-graos-no-brasil","status":"publish","type":"post","link":"https:\/\/blog.verde.ag\/pt\/nutricao-de-plantas\/armazenagem-de-graos-no-brasil\/","title":{"rendered":"Desafios e solu\u00e7\u00f5es para o d\u00e9ficit de armazenagem de gr\u00e3os no Brasil"},"content":{"rendered":"<p><span data-contrast=\"auto\">Com a recente queda no pre\u00e7o de diversas comodities agr\u00edcolas, muitos agricultores est\u00e3o enfrentando dificuldades para escoar a sua produ\u00e7\u00e3o. Mas, n\u00e3o \u00e9 s\u00f3 o pre\u00e7o que vem prejudicando o escoamento da produ\u00e7\u00e3o de gr\u00e3os no pa\u00eds. Ainda existe um grande d\u00e9ficit na capacidade de armazenagem de gr\u00e3os no Brasil. Entenda mais sobre esse assunto e como evitar os problemas que ele traz para o seu empreendimento rural!<\/span><span data-ccp-props=\"{&quot;201341983&quot;:0,&quot;335551550&quot;:6,&quot;335551620&quot;:6,&quot;335559739&quot;:160,&quot;335559740&quot;:259}\">\u00a0<\/span><\/p>\n<h2>Qual a capacidade de armazenagem de gr\u00e3os no Brasil?<\/h2>\n<p><span data-contrast=\"auto\">Com uma produ\u00e7\u00e3o anual de mais de 300 milh\u00f5es de toneladas, o Brasil se destaca entre os maiores produtores e exportadores mundiais de gr\u00e3os.<\/span><span data-ccp-props=\"{&quot;201341983&quot;:0,&quot;335551550&quot;:6,&quot;335551620&quot;:6,&quot;335559739&quot;:160,&quot;335559740&quot;:259}\">\u00a0<\/span><\/p>\n<p><span data-contrast=\"auto\">Segundo dados da Organiza\u00e7\u00e3o das Na\u00e7\u00f5es Unidas para a Alimenta\u00e7\u00e3o e Agricultura (FAO), o pa\u00eds manteve nos \u00faltimos anos a sua posi\u00e7\u00e3o como o quarto maior produtor mundial e o segundo maior exportador de gr\u00e3os (arroz, cevada, milho, soja e trigo).<\/span><span data-ccp-props=\"{&quot;201341983&quot;:0,&quot;335551550&quot;:6,&quot;335551620&quot;:6,&quot;335559739&quot;:160,&quot;335559740&quot;:259}\">\u00a0<\/span><\/p>\n<p><span data-contrast=\"auto\">Especificamente no caso da <\/span><a href=\"https:\/\/blog.verde.ag\/pt\/nutricao-de-plantas\/noticias-agricolas-safra-soja\/\"><span data-contrast=\"none\">soja<\/span><\/a><span data-contrast=\"auto\">, o pa\u00eds segue na lideran\u00e7a de produ\u00e7\u00e3o e exporta\u00e7\u00e3o do gr\u00e3o, respondendo por mais de um ter\u00e7o da produ\u00e7\u00e3o mundial e cerca de metade do com\u00e9rcio mundial.<\/span><span data-ccp-props=\"{&quot;201341983&quot;:0,&quot;335551550&quot;:6,&quot;335551620&quot;:6,&quot;335559739&quot;:160,&quot;335559740&quot;:259}\">\u00a0<\/span><\/p>\n<p><span data-contrast=\"auto\">A comercializa\u00e7\u00e3o de gr\u00e3os no Brasil tem dois principais rotas: exporta\u00e7\u00e3o e mercado interno. O mercado externo \u00e9 respons\u00e1vel por grande parte do com\u00e9rcio de gr\u00e3os no pa\u00eds, desempenhando um papel fundamental na sua <\/span><a href=\"https:\/\/blog.verde.ag\/pt\/mercado-agricola\/pib-agropecuario-noticias-agricolas\/\"><span data-contrast=\"none\">balan\u00e7a comercial<\/span><\/a><span data-contrast=\"auto\">.<\/span><span data-ccp-props=\"{&quot;201341983&quot;:0,&quot;335551550&quot;:6,&quot;335551620&quot;:6,&quot;335559739&quot;:160,&quot;335559740&quot;:259}\">\u00a0<\/span><\/p>\n<p><span data-contrast=\"auto\">Contudo, a exporta\u00e7\u00e3o n\u00e3o deixa de trazer alguns riscos, j\u00e1 que o escoamento da produ\u00e7\u00e3o de gr\u00e3os para mercado externo acaba deixando os agricultores sujeitos a riscos geopol\u00edticos, cambiais e do pr\u00f3prio sistema log\u00edstico do pa\u00eds.<\/span><span data-ccp-props=\"{&quot;201341983&quot;:0,&quot;335551550&quot;:6,&quot;335551620&quot;:6,&quot;335559739&quot;:160,&quot;335559740&quot;:259}\">\u00a0<\/span><\/p>\n<p><span data-contrast=\"auto\">Segundo a Empresa Brasileira de Pesquisa Agropecu\u00e1ria (Embrapa), a hist\u00f3rica op\u00e7\u00e3o por rodovias e a aus\u00eancia de liga\u00e7\u00f5es intermodais mais din\u00e2micas geram preju\u00edzos anuais de <\/span><span data-contrast=\"none\">quase 10 bilh\u00f5es de reais e comprometem cerca 12,4% do <\/span><a href=\"https:\/\/blog.verde.ag\/pt\/mercado-agricola\/noticias-agricolas-crescimento-pib\/\"><span data-contrast=\"none\">Produto Interno Bruto (PIB)<\/span><\/a><span data-contrast=\"none\"> para cobrir apenas custos com log\u00edstica.<\/span><span data-ccp-props=\"{&quot;134233117&quot;:false,&quot;134233118&quot;:false,&quot;201341983&quot;:0,&quot;335551550&quot;:6,&quot;335551620&quot;:6,&quot;335559685&quot;:0,&quot;335559737&quot;:0,&quot;335559738&quot;:0,&quot;335559739&quot;:160,&quot;335559740&quot;:259}\">\u00a0<\/span><\/p>\n<p><span data-contrast=\"none\">Outro grave problema log\u00edstico no pa\u00eds enfrenta est\u00e1 relacionado a capacidade de armazenagem de gr\u00e3os no Brasil. Dados oficiais da<\/span><span data-contrast=\"none\"> Companhia Nacional de Abastecimento (CONAB) mostram que o pa\u00eds tem capacidade para armazenar apenas cerca de 60% de uma \u00fanica safra de gr\u00e3os.<\/span><span data-ccp-props=\"{&quot;134233117&quot;:false,&quot;134233118&quot;:false,&quot;201341983&quot;:0,&quot;335551550&quot;:6,&quot;335551620&quot;:6,&quot;335559685&quot;:0,&quot;335559737&quot;:0,&quot;335559738&quot;:0,&quot;335559739&quot;:160,&quot;335559740&quot;:259}\">\u00a0<\/span><\/p>\n<p><span data-contrast=\"none\">E esse d\u00e9ficit real de quase 40% capacidade de armazenagem de gr\u00e3os no Brasil acaba trazendo diversos problemas para os agricultores, que se veem pressionados a comercializar sua safra mesmo em per\u00edodos desfavor\u00e1veis, como a baixa no pre\u00e7o de diversas <\/span><a href=\"https:\/\/blog.verde.ag\/pt\/mercado-agricola\/commodities-agricolas-e-agronegocio\/\"><span data-contrast=\"none\">commodities agr\u00edcolas<\/span><\/a><span data-contrast=\"none\">.<\/span><span data-ccp-props=\"{&quot;134233117&quot;:false,&quot;134233118&quot;:false,&quot;201341983&quot;:0,&quot;335551550&quot;:6,&quot;335551620&quot;:6,&quot;335559685&quot;:0,&quot;335559737&quot;:0,&quot;335559738&quot;:0,&quot;335559739&quot;:160,&quot;335559740&quot;:259}\">\u00a0<\/span><\/p>\n<p><span data-contrast=\"none\">O ano de 2023, por exemplo, vem sendo marcado com uma das maiores colheitas de milho da hist\u00f3ria do pa\u00eds. Contudo, essa colheita veio acompanhada com momentos\u00a0de <\/span><a href=\"https:\/\/blog.verde.ag\/pt\/mercado-agricola\/noticias-agricolas-mercado-milho\/\"><span data-contrast=\"none\">baixa do pre\u00e7o de gr\u00e3o<\/span><\/a><span data-contrast=\"none\">, resultando em armaz\u00e9ns lotados e toneladas armazenadas ao ar livre, expostas \u00e0s intemp\u00e9ries clim\u00e1ticas e a ataques de insetos e roedores.<\/span><span data-ccp-props=\"{&quot;134233117&quot;:false,&quot;134233118&quot;:false,&quot;201341983&quot;:0,&quot;335551550&quot;:6,&quot;335551620&quot;:6,&quot;335559685&quot;:0,&quot;335559737&quot;:0,&quot;335559738&quot;:0,&quot;335559739&quot;:160,&quot;335559740&quot;:259}\">\u00a0<\/span><\/p>\n<p><span data-contrast=\"none\">Com a repercuss\u00e3o desse problema em diversas regi\u00f5es produtoras do pa\u00eds, diversos agricultores j\u00e1 come\u00e7aram a procurar diferentes solu\u00e7\u00f5es para mitigar os impactos negativos que o d\u00e9ficit de armazenagem de gr\u00e3os no Brasil tem gerado.<\/span><span data-ccp-props=\"{&quot;134233117&quot;:false,&quot;134233118&quot;:false,&quot;201341983&quot;:0,&quot;335551550&quot;:6,&quot;335551620&quot;:6,&quot;335559685&quot;:0,&quot;335559737&quot;:0,&quot;335559738&quot;:0,&quot;335559739&quot;:160,&quot;335559740&quot;:259}\">\u00a0<\/span><\/p>\n<div class=\"shortcode_mobile\"><!--mobile-->\r\n<p><a href=\"https:\/\/blog.verde.ag\/pt\/e-book-utilizacao-de-rizobacterias-do-genero-bacillus-na-agricultura\/\"><img class=\"alignnone size-full wp-image-10080\" src=\"https:\/\/blog.verde.ag\/pt\/wp-content\/uploads\/2023\/02\/Banner_Ebook_Blog_4.jpg\" alt=\"-\" width=\"800\" height=\"1000\" title=\"\"><\/a><\/p>\r\n<\/div>\r\n<div class=\"shortcode_desktop\"><!--desktop-->\r\n<p><a href=\"https:\/\/blog.verde.ag\/pt\/e-book-utilizacao-de-rizobacterias-do-genero-bacillus-na-agricultura\/\"><img class=\"alignnone size-full wp-image-10080\" src=\"https:\/\/blog.verde.ag\/pt\/wp-content\/uploads\/2023\/02\/Banner_Ebook_Blog_4_Desktop.jpg\" alt=\"-\" width=\"800\" height=\"200\" title=\"\"><\/a><\/p>\r\n<\/div>\n<div class=\"verde-content_3\" id=\"verde-3643799695\"><a class=\"text-color-btn\" href=\"https:\/\/wa.me\/5531999206297?text=Ol%C3%A1%2C%20vi%20o%20artigo%20no%20blog%20e%20gostaria%20de%20saber%20mais%20sobre%20os%20fertilizantes%20da%20Verde%20Agritech\" target=\"_blank\" rel=\"noopener noreferrer\">\r\n    <button class=\"btn-form-blog\">Quero revolucionar a produ\u00e7\u00e3o da minha lavoura<\/button>\r\n<\/a>\r\n\r\n<style>\r\n    .text-color-btn {\r\n        background-color: #38a38c;\r\n        color: #fff;\r\n        border: none;\r\n        border-radius: 20px;\r\n        cursor: pointer;\r\n        text-decoration: none; \/* Adicionado para evitar sublinhado no link *\/\r\n        display: inline-block;\r\n    }\r\n\r\n    .btn-form-blog {\r\n        padding: 14px;\r\n        background-color: #38a38c;\r\n        color: #fff;\r\n        border: none;\r\n        border-radius: 20px;\r\n        cursor: pointer;\r\n    }\r\n\r\n    .text-color-btn:hover {\r\n        background-color: #333;\r\n        transition: 0.4s;\r\n    }\r\n\r\n    .btn-form-blog:hover {\r\n        background-color: #333;\r\n        transition: 0.4s;\r\n    }\r\n\r\n    @media only screen and (max-width: 600px) {\r\n        .text-color-btn {\r\n            background-color: #38a38c;\r\n            color: #fff;\r\n        }\r\n        .btn-form-blog {\r\n            padding: 14px;\r\n            background-color: #38a38c;\r\n            color: #fff;\r\n        }\r\n    }\r\n<\/style><\/div><h2>Como solucionar os problemas de armazenagem de gr\u00e3os no Brasil?<\/h2>\n<p><span data-contrast=\"auto\">Nos \u00faltimos anos est\u00e3o surgindo cada vez mais iniciativas para solucionar os problemas de armazenagem de gr\u00e3os no Brasil, com destaque para o aumento das linhas de cr\u00e9dito e <\/span><a href=\"https:\/\/blog.verde.ag\/pt\/nutricao-de-plantas\/programas-plano-safra\/\"><span data-contrast=\"none\">programas de financiamento<\/span><\/a><span data-contrast=\"auto\"> para aumentar a capacidade est\u00e1tica instalada de armazenagem e os novos modelos de negocia\u00e7\u00e3o.<\/span><span data-ccp-props=\"{&quot;201341983&quot;:0,&quot;335551550&quot;:6,&quot;335551620&quot;:6,&quot;335559739&quot;:160,&quot;335559740&quot;:259}\">\u00a0<\/span><\/p>\n<p><span data-contrast=\"auto\">O <\/span><a href=\"https:\/\/blog.verde.ag\/pt\/nutricao-de-plantas\/plano-safra-2023-2024-sustentabilidade\/\"><span data-contrast=\"none\">Plano Safra 2023\/2024<\/span><\/a><span data-contrast=\"auto\">, por exemplo, trouxe um aumento no volume de recursos de 81% para constru\u00e7\u00e3o de armaz\u00e9ns. Para aqueles com capacidade de at\u00e9 seis mil toneladas, ser\u00e3o destinados R$ 2,85 bilh\u00f5es, e para aqueles de maior capacidade, ser\u00e3o destinados R$ 3,80 bilh\u00f5es.<\/span><span data-ccp-props=\"{&quot;201341983&quot;:0,&quot;335551550&quot;:6,&quot;335551620&quot;:6,&quot;335559739&quot;:160,&quot;335559740&quot;:259}\">\u00a0<\/span><\/p>\n<p><span data-contrast=\"auto\">Entretanto, especialistas j\u00e1 apontam que esses recursos n\u00e3o ser\u00e3o suficientes para cobrir o d\u00e9ficit na<\/span><span data-contrast=\"none\"> capacidade de armazenagem de gr\u00e3os no Brasil e, devido a isso, <\/span><a href=\"https:\/\/blog.verde.ag\/pt\/nutricao-de-plantas\/recorde-plano-safra-2023-2024\/\"><span data-contrast=\"none\">novos recursos para o <\/span><span data-contrast=\"none\">Plano Safra 2023\/2024<\/span><\/a><span data-contrast=\"auto\"> j\u00e1 vem sendo negociados.<\/span><span data-ccp-props=\"{&quot;201341983&quot;:0,&quot;335551550&quot;:6,&quot;335551620&quot;:6,&quot;335559739&quot;:160,&quot;335559740&quot;:259}\">\u00a0<\/span><\/p>\n<p><span data-contrast=\"auto\">Somado a isso, investimentos nos modais de transporte e na infraestrutura log\u00edstica para escoamento tamb\u00e9m s\u00e3o indispens\u00e1veis.<\/span><span data-ccp-props=\"{&quot;201341983&quot;:0,&quot;335551550&quot;:6,&quot;335551620&quot;:6,&quot;335559739&quot;:160,&quot;335559740&quot;:259}\">\u00a0<\/span><\/p>\n<p><span data-contrast=\"auto\">Contudo, essas solu\u00e7\u00f5es s\u00f3 ter\u00e1 um impacto positivo a longo prazo. E a curto prazo, o que o agricultor pode fazer para <\/span><span data-contrast=\"none\">mitigar os problemas que o d\u00e9ficit de armazenagem de gr\u00e3os no Brasil causa?<\/span><span data-ccp-props=\"{&quot;201341983&quot;:0,&quot;335551550&quot;:6,&quot;335551620&quot;:6,&quot;335559739&quot;:160,&quot;335559740&quot;:259}\">\u00a0<\/span><\/p>\n<p><span data-contrast=\"none\">Hoje o agricultor j\u00e1 encontra a sua disposi\u00e7\u00e3o o Barter, uma modalidade de troca de produtos por insumos agr\u00edcolas que est\u00e1 transformando o agroneg\u00f3cio.<\/span><span data-ccp-props=\"{&quot;201341983&quot;:0,&quot;335551550&quot;:6,&quot;335551620&quot;:6,&quot;335559739&quot;:160,&quot;335559740&quot;:259}\">\u00a0<\/span><\/p>\n<p><span data-contrast=\"auto\">Ao aderir o Barter, o agricultor consegue trocar parte de sua produ\u00e7\u00e3o por insumos agr\u00edcolas essenciais, como fertilizantes e defensivos. <\/span><span data-ccp-props=\"{&quot;201341983&quot;:0,&quot;335551550&quot;:6,&quot;335551620&quot;:6,&quot;335559739&quot;:160,&quot;335559740&quot;:259}\">\u00a0<\/span><\/p>\n<p><span data-contrast=\"auto\">Isso permite que ele n\u00e3o precise mais esperar pelo melhor momento para comercializar a sua safra\u00a0ao mesmo tempo em que proporciona condi\u00e7\u00f5es para que o agricultor direcione seus recursos financeiros para outras \u00e1reas importantes.<\/span><span data-ccp-props=\"{&quot;201341983&quot;:0,&quot;335551550&quot;:6,&quot;335551620&quot;:6,&quot;335559739&quot;:160,&quot;335559740&quot;:259}\">\u00a0<\/span><\/p>\n<div class=\"epyt-video-wrapper\"><iframe  id=\"_ytid_59650\"  width=\"1170\" height=\"658\"  data-origwidth=\"1170\" data-origheight=\"658\"  data-relstop=\"1\" src=\"https:\/\/www.youtube.com\/embed\/o9yMZZG9sNk?enablejsapi=1&#038;autoplay=0&#038;cc_load_policy=0&#038;cc_lang_pref=&#038;iv_load_policy=1&#038;loop=0&#038;modestbranding=1&#038;rel=0&#038;fs=1&#038;playsinline=0&#038;autohide=2&#038;theme=dark&#038;color=red&#038;controls=1&#038;\" class=\"__youtube_prefs__  epyt-is-override  no-lazyload\" title=\"YouTube player\"  allow=\"fullscreen; accelerometer; autoplay; clipboard-write; encrypted-media; gyroscope; picture-in-picture\" allowfullscreen data-no-lazy=\"1\" data-skipgform_ajax_framebjll=\"\"><\/iframe><\/div>\n<p style=\"text-align: center;\"><em style=\"font-size: 12px;\">O Barter \u00e9 modalidade de troca de produtos por insumos agr\u00edcolas que est\u00e1 transformando o agroneg\u00f3cio. <\/em><\/p>\n<p><span data-contrast=\"auto\">A empresa agr\u00edcola <\/span><a href=\"https:\/\/youtu.be\/qci4knrOlrk\" rel=\"nofollow noopener\" target=\"_blank\"><span data-contrast=\"none\">Verde Agritech<\/span><\/a><span data-contrast=\"auto\"> j\u00e1 oferece hoje as suas tecnologias exclusivas e inovadoras de nutri\u00e7\u00e3o de plantas com a modalidade Barter, trazendo <\/span><a href=\"https:\/\/blog.verde.ag\/pt\/verde\/verde-agritech-tecnologia-inovacao-qualidade\/\"><span data-contrast=\"none\">solu\u00e7\u00f5es<\/span><\/a><span data-contrast=\"auto\"> capazes de potencializar os resultados da sua lavoura.<\/span><span data-ccp-props=\"{&quot;201341983&quot;:0,&quot;335551550&quot;:6,&quot;335551620&quot;:6,&quot;335559739&quot;:160,&quot;335559740&quot;:259}\">\u00a0<\/span><\/p>\n<p><span data-contrast=\"auto\">Dessa forma, a estrat\u00e9gia Barter somada ao crescente investimento para o aumento da capacidade est\u00e1tica de armazenagem de gr\u00e3os no Brasil\u00a0s\u00e3o indispens\u00e1veis para a solu\u00e7\u00e3o desse problema a curto, m\u00e9dio e longo prazo.<\/span><span data-ccp-props=\"{&quot;201341983&quot;:0,&quot;335551550&quot;:6,&quot;335551620&quot;:6,&quot;335559739&quot;:160,&quot;335559740&quot;:259}\">\u00a0<\/span><\/p>\n<h2>A estrat\u00e9gia Barter pode mitigar os problemas log\u00edsticos da armazenagem de gr\u00e3os no Brasil<\/h2>\n<p><span data-contrast=\"auto\">Em resumo, pode-se afirmar que a capacidade de armazenagem de gr\u00e3os no Brasil precisa aumentar para atender \u00e0 crescente produ\u00e7\u00e3o do pa\u00eds.<\/span><span data-ccp-props=\"{&quot;201341983&quot;:0,&quot;335551550&quot;:6,&quot;335551620&quot;:6,&quot;335559739&quot;:160,&quot;335559740&quot;:259}\">\u00a0<\/span><\/p>\n<p><span data-contrast=\"auto\">Por isso, \u00e9\u00a0preciso que haja cada vez mais investimentos, tanto do governo como da iniciativa privada, para garantir a efici\u00eancia na log\u00edstica de comercializa\u00e7\u00e3o de gr\u00e3os no pa\u00eds.<\/span><span data-ccp-props=\"{&quot;201341983&quot;:0,&quot;335559739&quot;:160,&quot;335559740&quot;:259}\">\u00a0<\/span><\/p>\n<p><span data-contrast=\"auto\">Al\u00e9m disso, o agricultor pode mitigar os impactos do d\u00e9ficit na capacidade de armazenagem de gr\u00e3os no Brasil ao adotar estrat\u00e9gias como o Barter, que traz mais flexibilidade e seguran\u00e7a para a sua propriedade!<\/span><span data-ccp-props=\"{&quot;201341983&quot;:0,&quot;335551550&quot;:6,&quot;335551620&quot;:6,&quot;335559739&quot;:160,&quot;335559740&quot;:259}\">\u00a0<\/span><\/p>\n<div class=\"shortcode_mobile\"><!--mobile-->\r\n<p><a href=\"https:\/\/conteudo.verde.ag\/baks-fertilizante\/?utm_source=blog&amp;utm_campaign=Blog||Artigo&amp;utm_adset_name=BAKS-BANNER-MOBILE\" target=\"_blank\" rel=\"noopener\"><img class=\"alignnone size-full wp-image-10080\" src=\"https:\/\/blog.verde.ag\/pt\/wp-content\/uploads\/2024\/04\/BAKS_Banner_Mobile.jpg\" alt=\"-\" width=\"800\" height=\"400\" title=\"\"><\/a><\/p>\r\n<\/div>\r\n<div class=\"shortcode_desktop\"><!--desktop-->\r\n<p><a href=\"https:\/\/conteudo.verde.ag\/baks-fertilizante\/?utm_source=blog&amp;utm_campaign=Blog||Artigo&amp;utm_adset_name=BAKS-BANNER-DESKTOP\" target=\"_blank\" rel=\"noopener\"><img class=\"alignnone size-full wp-image-10080\" src=\"https:\/\/blog.verde.ag\/pt\/wp-content\/uploads\/2024\/04\/BAKS_Banner_Desktop.jpg\" alt=\"-\" width=\"800\" height=\"200\" title=\"\"><\/a><\/p>\r\n<\/div>\r\n\n","protected":false},"excerpt":{"rendered":"<p>Voc\u00ea sabia que existe um grande d\u00e9ficit de armazenagem de gr\u00e3os no Brasil? Conhe\u00e7a os desafios e solu\u00e7\u00f5es para esse problema!<\/p>\n","protected":false},"author":7,"featured_media":14663,"comment_status":"open","ping_status":"open","sticky":false,"template":"","format":"standard","meta":[],"categories":[197],"tags":[885,963,129,1132],"_links":{"self":[{"href":"https:\/\/blog.verde.ag\/pt\/wp-json\/wp\/v2\/posts\/14658"}],"collection":[{"href":"https:\/\/blog.verde.ag\/pt\/wp-json\/wp\/v2\/posts"}],"about":[{"href":"https:\/\/blog.verde.ag\/pt\/wp-json\/wp\/v2\/types\/post"}],"author":[{"embeddable":true,"href":"https:\/\/blog.verde.ag\/pt\/wp-json\/wp\/v2\/users\/7"}],"replies":[{"embeddable":true,"href":"https:\/\/blog.verde.ag\/pt\/wp-json\/wp\/v2\/comments?post=14658"}],"version-history":[{"count":0,"href":"https:\/\/blog.verde.ag\/pt\/wp-json\/wp\/v2\/posts\/14658\/revisions"}],"wp:featuredmedia":[{"embeddable":true,"href":"https:\/\/blog.verde.ag\/pt\/wp-json\/wp\/v2\/media\/14663"}],"wp:attachment":[{"href":"https:\/\/blog.verde.ag\/pt\/wp-json\/wp\/v2\/media?parent=14658"}],"wp:term":[{"taxonomy":"category","embeddable":true,"href":"https:\/\/blog.verde.ag\/pt\/wp-json\/wp\/v2\/categories?post=14658"},{"taxonomy":"post_tag","embeddable":true,"href":"https:\/\/blog.verde.ag\/pt\/wp-json\/wp\/v2\/tags?post=14658"}],"curies":[{"name":"wp","href":"https:\/\/api.w.org\/{rel}","templated":true}]}}