{"id":14390,"date":"2023-07-07T16:36:17","date_gmt":"2023-07-07T19:36:17","guid":{"rendered":"https:\/\/blog.verde.ag\/pt\/?p=14390"},"modified":"2024-04-17T15:46:42","modified_gmt":"2024-04-17T18:46:42","slug":"enquadramento-pronamp-2023","status":"publish","type":"post","link":"https:\/\/blog.verde.ag\/pt\/nutricao-de-plantas\/enquadramento-pronamp-2023\/","title":{"rendered":"Pronamp 2023: novo Plano Safra aumenta o limite de enquadramento no programa"},"content":{"rendered":"<p><span data-contrast=\"auto\">Desde o seu lan\u00e7amento, o Programa Nacional de Apoio ao M\u00e9dio Produtor Rural (Pronamp) tem sido visto como uma excelente oportunidade para aqueles produtores que querem expandir ou custear seus neg\u00f3cios, mas n\u00e3o t\u00eam condi\u00e7\u00f5es financeiras para isso. Mas, quem pode ter acesso aos benef\u00edcios desse programa? Conhe\u00e7a o novo limite de enquadramento no Pronamp 2023 anunciado pelo novo Plana Safra e como participar desse programa!<\/span><span data-ccp-props=\"{&quot;134233117&quot;:false,&quot;134233118&quot;:false,&quot;201341983&quot;:0,&quot;335551550&quot;:6,&quot;335551620&quot;:6,&quot;335559685&quot;:0,&quot;335559737&quot;:0,&quot;335559738&quot;:0,&quot;335559739&quot;:160,&quot;335559740&quot;:259}\">\u00a0<\/span><\/p>\n<h2>O que \u00e9 o Pronamp?<\/h2>\n<p><span data-contrast=\"auto\">O <\/span><a href=\"https:\/\/blog.verde.ag\/pt\/mercado-agricola\/credito-rural-pronamp\/\"><span data-contrast=\"none\">Programa Nacional de Apoio ao M\u00e9dio Produtor Rural (Pronamp)<\/span><\/a><span data-contrast=\"auto\"> \u00e9 um programa de financiamento rural que oferece cr\u00e9dito para o custeio e investimento das atividades agropecu\u00e1rias de m\u00e9dios produtores rurais e cooperativas.<\/span><span data-ccp-props=\"{&quot;134233117&quot;:false,&quot;134233118&quot;:false,&quot;201341983&quot;:0,&quot;335551550&quot;:6,&quot;335551620&quot;:6,&quot;335559685&quot;:0,&quot;335559737&quot;:0,&quot;335559738&quot;:0,&quot;335559739&quot;:160,&quot;335559740&quot;:259}\">\u00a0<\/span><\/p>\n<p><span data-contrast=\"auto\">Ele \u00e9 gerenciado pelo Banco Nacional de Desenvolvimento Econ\u00f4mico e Social (BNDES) e est\u00e1 inserido dentro da maior pol\u00edtica governamental de incentivo e regula\u00e7\u00e3o do setor agropecu\u00e1rio do pa\u00eds: o <\/span><a href=\"https:\/\/blog.verde.ag\/pt\/nutricao-de-plantas\/conheca-o-plano-safra\/\"><span data-contrast=\"none\">Plano Safra<\/span><\/a><span data-contrast=\"auto\">.<\/span><span data-ccp-props=\"{&quot;134233117&quot;:false,&quot;134233118&quot;:false,&quot;201341983&quot;:0,&quot;335551550&quot;:6,&quot;335551620&quot;:6,&quot;335559685&quot;:0,&quot;335559737&quot;:0,&quot;335559738&quot;:0,&quot;335559739&quot;:160,&quot;335559740&quot;:259}\">\u00a0<\/span><\/p>\n<p><span data-contrast=\"auto\">Um dos principais motivos que levam os produtores rurais e cooperativas a procurar o Pronamp \u00e9 a taxas de juros reduzida com prazos mais longos para pagamento de at\u00e9 8 anos, o que permite ao agricultor planejar melhor as suas atividades e reduzir os riscos financeiros.<\/span><span data-ccp-props=\"{&quot;134233117&quot;:false,&quot;134233118&quot;:false,&quot;201341983&quot;:0,&quot;335551550&quot;:6,&quot;335551620&quot;:6,&quot;335559685&quot;:0,&quot;335559737&quot;:0,&quot;335559738&quot;:0,&quot;335559739&quot;:160,&quot;335559740&quot;:259}\">\u00a0<\/span><\/p>\n<p><span data-contrast=\"auto\">De acordo com informa\u00e7\u00f5es divulgadas pelo governo federal, os agricultores do Pronamp 2023 ter\u00e3o acesso a uma taxa de juros de 8% ao ano para custeio e comercializa\u00e7\u00e3o. J\u00e1 para os demais produtores agr\u00edcolas, as taxas ser\u00e3o de 12% ao ano.<\/span><span data-ccp-props=\"{&quot;134233117&quot;:false,&quot;134233118&quot;:false,&quot;201341983&quot;:0,&quot;335551550&quot;:6,&quot;335551620&quot;:6,&quot;335559685&quot;:0,&quot;335559737&quot;:0,&quot;335559738&quot;:0,&quot;335559739&quot;:160,&quot;335559740&quot;:259}\">\u00a0<\/span><\/p>\n<p><span data-contrast=\"auto\">Para investimentos, as taxas podem variar entre 7% e 12,5% ao ano, dependendo do programa estabelecido. Sendo que, para o Pronamp 2023, o limite de cr\u00e9dito para financiamento de investimentos ser\u00e1 de R$ 600 mil por benefici\u00e1rio\/ano.<\/span><span data-ccp-props=\"{&quot;134233117&quot;:false,&quot;134233118&quot;:false,&quot;201341983&quot;:0,&quot;335551550&quot;:6,&quot;335551620&quot;:6,&quot;335559685&quot;:0,&quot;335559737&quot;:0,&quot;335559738&quot;:0,&quot;335559739&quot;:160,&quot;335559740&quot;:259}\">\u00a0<\/span><\/p>\n<p><span data-contrast=\"auto\">Al\u00e9m disso, os agricultores que investirem em <\/span><a href=\"https:\/\/blog.verde.ag\/pt\/nutricao-de-plantas\/plano-safra-2023-2024-sustentabilidade\/\"><span data-contrast=\"none\">pr\u00e1ticas sustent\u00e1veis<\/span><\/a><span data-contrast=\"auto\"> e\/ou de <\/span><a href=\"https:\/\/blog.verde.ag\/pt\/nutricao-de-plantas\/agricultura-de-baixo-carbono\/\"><span data-contrast=\"none\">baixo carbono<\/span><\/a><span data-contrast=\"auto\"> podem ainda aproveitar de condi\u00e7\u00f5es especiais para pagamento das linhas de cr\u00e9dito.<\/span><span data-ccp-props=\"{&quot;134233117&quot;:false,&quot;134233118&quot;:false,&quot;201341983&quot;:0,&quot;335551550&quot;:6,&quot;335551620&quot;:6,&quot;335559685&quot;:0,&quot;335559737&quot;:0,&quot;335559738&quot;:0,&quot;335559739&quot;:160,&quot;335559740&quot;:259}\">\u00a0<\/span><\/p>\n<p><span data-contrast=\"auto\">Mas, quem se enquadra no Pronamp 2023?<\/span><span data-ccp-props=\"{&quot;134233117&quot;:false,&quot;134233118&quot;:false,&quot;201341983&quot;:0,&quot;335551550&quot;:6,&quot;335551620&quot;:6,&quot;335559685&quot;:0,&quot;335559737&quot;:0,&quot;335559738&quot;:0,&quot;335559739&quot;:160,&quot;335559740&quot;:259}\">\u00a0<\/span><\/p>\n<div class=\"verde-content_3\" id=\"verde-3069390558\"><a class=\"text-color-btn\" href=\"https:\/\/wa.me\/5531999206297?text=Ol%C3%A1%2C%20vi%20o%20artigo%20no%20blog%20e%20gostaria%20de%20saber%20mais%20sobre%20os%20fertilizantes%20da%20Verde%20Agritech\" target=\"_blank\" rel=\"noopener noreferrer\">\r\n    <button class=\"btn-form-blog\">Quero revolucionar a produ\u00e7\u00e3o da minha lavoura<\/button>\r\n<\/a>\r\n\r\n<style>\r\n    .text-color-btn {\r\n        background-color: #38a38c;\r\n        color: #fff;\r\n        border: none;\r\n        border-radius: 20px;\r\n        cursor: pointer;\r\n        text-decoration: none; \/* Adicionado para evitar sublinhado no link *\/\r\n        display: inline-block;\r\n    }\r\n\r\n    .btn-form-blog {\r\n        padding: 14px;\r\n        background-color: #38a38c;\r\n        color: #fff;\r\n        border: none;\r\n        border-radius: 20px;\r\n        cursor: pointer;\r\n    }\r\n\r\n    .text-color-btn:hover {\r\n        background-color: #333;\r\n        transition: 0.4s;\r\n    }\r\n\r\n    .btn-form-blog:hover {\r\n        background-color: #333;\r\n        transition: 0.4s;\r\n    }\r\n\r\n    @media only screen and (max-width: 600px) {\r\n        .text-color-btn {\r\n            background-color: #38a38c;\r\n            color: #fff;\r\n        }\r\n        .btn-form-blog {\r\n            padding: 14px;\r\n            background-color: #38a38c;\r\n            color: #fff;\r\n        }\r\n    }\r\n<\/style><\/div><h2>Quem se enquadra no Pronamp 2023?<\/h2>\n<p><span data-contrast=\"auto\">Para ter acesso ao Pronamp 2023, os agricultores devem cumprir algumas exig\u00eancias.<\/span><span data-ccp-props=\"{&quot;201341983&quot;:0,&quot;335551550&quot;:6,&quot;335551620&quot;:6,&quot;335559739&quot;:160,&quot;335559740&quot;:259}\">\u00a0<\/span><\/p>\n<p><span data-contrast=\"auto\">A primeira delas inclui o enquadramento no limite de renda anual, considerando a soma das atividades agropecu\u00e1rias e n\u00e3o agropecu\u00e1rias.\u00a0<\/span><span data-ccp-props=\"{&quot;201341983&quot;:0,&quot;335551550&quot;:6,&quot;335551620&quot;:6,&quot;335559739&quot;:160,&quot;335559740&quot;:259}\">\u00a0<\/span><\/p>\n<p><span data-contrast=\"auto\">Com o lan\u00e7amento do <\/span><a href=\"https:\/\/blog.verde.ag\/pt\/mercado-agricola\/plano-safra-noticias-agricolas\/\"><span data-contrast=\"none\">novo Plano Safra<\/span><\/a><span data-contrast=\"auto\">, o limite de enquadramento no Pronamp 2023 passou de R$ 2,4 milh\u00f5es para R$ 3 milh\u00f5es. Aumento esse que foi justificado levando em considera\u00e7\u00e3o o aumento dos pre\u00e7os dos produtos agr\u00edcolas.<\/span><span data-ccp-props=\"{&quot;201341983&quot;:0,&quot;335551550&quot;:6,&quot;335551620&quot;:6,&quot;335559739&quot;:160,&quot;335559740&quot;:259}\">\u00a0<\/span><\/p>\n<div class=\"epyt-video-wrapper\"><iframe  id=\"_ytid_15828\"  width=\"1170\" height=\"658\"  data-origwidth=\"1170\" data-origheight=\"658\"  data-relstop=\"1\" src=\"https:\/\/www.youtube.com\/embed\/NWe4hAKGEGA?enablejsapi=1&#038;autoplay=0&#038;cc_load_policy=0&#038;cc_lang_pref=&#038;iv_load_policy=1&#038;loop=0&#038;modestbranding=1&#038;rel=0&#038;fs=1&#038;playsinline=0&#038;autohide=2&#038;theme=dark&#038;color=red&#038;controls=1&#038;\" class=\"__youtube_prefs__  epyt-is-override  no-lazyload\" title=\"YouTube player\"  allow=\"fullscreen; accelerometer; autoplay; clipboard-write; encrypted-media; gyroscope; picture-in-picture\" allowfullscreen data-no-lazy=\"1\" data-skipgform_ajax_framebjll=\"\"><\/iframe><\/div>\n<p style=\"text-align: center;\"><i><em style=\"font-size: 12px;\">O futuro do setor agropecu\u00e1rio est\u00e1 intrinsecamente ligado \u00e0s pol\u00edticas governamentais e \u00e0 capacidade de adapta\u00e7\u00e3o dos agricultores diante dos desafios que surgem, tornando o an\u00fancio do Plano Safra um momento de grande relev\u00e2ncia para todos os envolvidos no agroneg\u00f3cio.<\/em><\/i><\/p>\n<p><span data-contrast=\"auto\">Outra exig\u00eancia para enquadramento no Pronamp 2023 inclui estar em dia com suas obriga\u00e7\u00f5es fiscais e comprovar sua atividade rural por meio da declara\u00e7\u00e3o de aptid\u00e3o (DAP) ao Programa Nacional de Fortalecimento da Agricultura Familiar (Pronaf).\u00a0<\/span><span data-ccp-props=\"{&quot;201341983&quot;:0,&quot;335551550&quot;:6,&quot;335551620&quot;:6,&quot;335559739&quot;:160,&quot;335559740&quot;:259}\">\u00a0<\/span><\/p>\n<p><span data-contrast=\"auto\">Al\u00e9m disso, o produtor rural ou cooperativa n\u00e3o pode ter registrado em seu nome outro tipo de financiamento rural com garantia real.<\/span><span data-ccp-props=\"{&quot;201341983&quot;:0,&quot;335551550&quot;:6,&quot;335551620&quot;:6,&quot;335559739&quot;:160,&quot;335559740&quot;:259}\">\u00a0<\/span><\/p>\n<h2>Como fa\u00e7o para me cadastrar no Pronamp 2023?<\/h2>\n<p><span data-contrast=\"auto\">Para se cadastrar no Pronamp 2023 e ter acesso aos diferentes <\/span><a href=\"https:\/\/blog.verde.ag\/pt\/nutricao-de-plantas\/programas-plano-safra\/\"><span data-contrast=\"none\">programas de investimento<\/span><\/a><span data-contrast=\"auto\"> e custeio do novo Plano Safra, o agricultor deve comparecer a uma institui\u00e7\u00e3o financeira autorizada pelo Banco Central do Brasil apresentando os documentos que comprovem a atividade rural, a movimenta\u00e7\u00e3o financeira da propriedade e um plano de neg\u00f3cios que justifique o uso do cr\u00e9dito, dentro outras informa\u00e7\u00f5es.\u00a0\u00a0<\/span><span data-ccp-props=\"{&quot;201341983&quot;:0,&quot;335551550&quot;:6,&quot;335551620&quot;:6,&quot;335559739&quot;:160,&quot;335559740&quot;:259}\">\u00a0<\/span><\/p>\n<p><span data-contrast=\"auto\">Todavia, o agricultor deve ter em mente que o acesso de cr\u00e9dito atrav\u00e9s do Pronamp \u00e9 um processo burocr\u00e1tico, que pode ser demorado e complexo dependendo do seu enquadramento no programa e dos documentos apresentados.<\/span><span data-ccp-props=\"{&quot;201341983&quot;:0,&quot;335551550&quot;:6,&quot;335551620&quot;:6,&quot;335559739&quot;:160,&quot;335559740&quot;:259}\">\u00a0<\/span><\/p>\n<p><span data-contrast=\"auto\">\u00c9 importante destacar tamb\u00e9m que o agricultor precisa ter um bom <\/span><a href=\"https:\/\/blog.verde.ag\/pt\/administracao-rural\/o-que-e-planejamento-agricola\/\"><span data-contrast=\"none\">planejamento financeiro<\/span><\/a><span data-contrast=\"auto\"> para garantir a capacidade de pagamento do empr\u00e9stimo, j\u00e1 que a inadimpl\u00eancia pode acarretar juros e multas.\u00a0<\/span><span data-ccp-props=\"{&quot;201341983&quot;:0,&quot;335551550&quot;:6,&quot;335551620&quot;:6,&quot;335559739&quot;:160,&quot;335559740&quot;:259}\">\u00a0<\/span><\/p>\n<p><span data-contrast=\"auto\">Al\u00e9m disso, \u00e9 preciso ter em mente que programa n\u00e3o garante o sucesso na produ\u00e7\u00e3o e n\u00e3o substitui a necessidade de investimentos em inova\u00e7\u00e3o e tecnologia. Nesse sentido, o agricultor precisa ter um olhar estrat\u00e9gico sobre o seu neg\u00f3cio e saber como utilizar o cr\u00e9dito de forma adequada.<\/span><span data-ccp-props=\"{&quot;201341983&quot;:0,&quot;335551550&quot;:6,&quot;335551620&quot;:6,&quot;335559739&quot;:160,&quot;335559740&quot;:259}\">\u00a0<\/span><\/p>\n<h2>O Pronamp 2023 \u00e9 uma oportunidade para investir na sua propriedade rural<\/h2>\n<p><span data-contrast=\"auto\">Em conclus\u00e3o, o Pronamp 2023 \u00e9 uma excelente oportunidade para aqueles produtores que querem expandir ou custear seus empreendimentos rurais, acessando linhas de cr\u00e9dito rural com taxas de juros reduzida e com prazos mais longos para pagamento.<\/span><span data-ccp-props=\"{&quot;201341983&quot;:0,&quot;335551550&quot;:6,&quot;335551620&quot;:6,&quot;335559739&quot;:160,&quot;335559740&quot;:259}\">\u00a0<\/span><\/p>\n<p><span data-contrast=\"auto\">Contudo, o uso do cr\u00e9dito rural concedido pelo programa seja para investimento ou custeio das atividades rurais exige cautela por parte do agricultor, j\u00e1 que o seu uso n\u00e3o garante o sucesso na produ\u00e7\u00e3o.<\/span><span data-ccp-props=\"{&quot;201341983&quot;:0,&quot;335551550&quot;:6,&quot;335551620&quot;:6,&quot;335559739&quot;:160,&quot;335559740&quot;:259}\">\u00a0<\/span><\/p>\n<p><span data-contrast=\"auto\">Por isso, \u00e9 imprescind\u00edvel que o agricultor fa\u00e7a um <\/span><a href=\"https:\/\/youtu.be\/V6eSUbo6S3k\" rel=\"nofollow noopener\" target=\"_blank\"><span data-contrast=\"none\">bom planejamento<\/span><\/a><span data-contrast=\"auto\"> do uso do cr\u00e9dito concedido, investindo em tecnologias e <\/span><a href=\"https:\/\/blog.verde.ag\/pt\/produtos-da-verde\/entenda-o-que-e-o-k-forte-e-quais-beneficios-o-fertilizante-proporciona-para-a-agricultura\/\"><span data-contrast=\"none\">insumos que potencializem os resultados da sua lavoura<\/span><\/a><span data-contrast=\"auto\">!<\/span><span data-ccp-props=\"{&quot;201341983&quot;:0,&quot;335551550&quot;:6,&quot;335551620&quot;:6,&quot;335559739&quot;:160,&quot;335559740&quot;:259}\">\u00a0<\/span><\/p>\n","protected":false},"excerpt":{"rendered":"<p>Descubra o novo limite de enquadramento no Pronamp 2023 e como se beneficiar das linhas de cr\u00e9dito Plano Safra 2023\/2024 para expandir seu neg\u00f3cio rural!<\/p>\n","protected":false},"author":7,"featured_media":14391,"comment_status":"open","ping_status":"open","sticky":false,"template":"","format":"standard","meta":[],"categories":[197],"tags":[114,885,923,1132,1058],"_links":{"self":[{"href":"https:\/\/blog.verde.ag\/pt\/wp-json\/wp\/v2\/posts\/14390"}],"collection":[{"href":"https:\/\/blog.verde.ag\/pt\/wp-json\/wp\/v2\/posts"}],"about":[{"href":"https:\/\/blog.verde.ag\/pt\/wp-json\/wp\/v2\/types\/post"}],"author":[{"embeddable":true,"href":"https:\/\/blog.verde.ag\/pt\/wp-json\/wp\/v2\/users\/7"}],"replies":[{"embeddable":true,"href":"https:\/\/blog.verde.ag\/pt\/wp-json\/wp\/v2\/comments?post=14390"}],"version-history":[{"count":0,"href":"https:\/\/blog.verde.ag\/pt\/wp-json\/wp\/v2\/posts\/14390\/revisions"}],"wp:featuredmedia":[{"embeddable":true,"href":"https:\/\/blog.verde.ag\/pt\/wp-json\/wp\/v2\/media\/14391"}],"wp:attachment":[{"href":"https:\/\/blog.verde.ag\/pt\/wp-json\/wp\/v2\/media?parent=14390"}],"wp:term":[{"taxonomy":"category","embeddable":true,"href":"https:\/\/blog.verde.ag\/pt\/wp-json\/wp\/v2\/categories?post=14390"},{"taxonomy":"post_tag","embeddable":true,"href":"https:\/\/blog.verde.ag\/pt\/wp-json\/wp\/v2\/tags?post=14390"}],"curies":[{"name":"wp","href":"https:\/\/api.w.org\/{rel}","templated":true}]}}