{"id":14124,"date":"2023-06-22T18:53:53","date_gmt":"2023-06-22T21:53:53","guid":{"rendered":"https:\/\/blog.verde.ag\/pt\/?p=14124"},"modified":"2023-06-22T18:53:53","modified_gmt":"2023-06-22T21:53:53","slug":"inverno-noticias-agricolas","status":"publish","type":"post","link":"https:\/\/blog.verde.ag\/pt\/nutricao-de-plantas\/inverno-noticias-agricolas\/","title":{"rendered":"In\u00edcio do inverno com altas temperaturas e baixa umidade do ar \u00e9 destaque nas not\u00edcias agr\u00edcolas e preocupa agricultores"},"content":{"rendered":"<p>O inverno chegou e trouxe consigo um clima surpreendentemente quente e uma preocupante redu\u00e7\u00e3o da umidade relativa do ar. Essas condi\u00e7\u00f5es at\u00edpicas t\u00eam chamado a aten\u00e7\u00e3o dos grandes agricultores, especialistas da \u00e1rea e agr\u00f4nomos, que agora se deparam com desafios inesperados em suas atividades.<\/p>\n<p>Nos primeiros dias desta esta\u00e7\u00e3o, o term\u00f4metro tem registrado temperaturas acima da m\u00e9dia para o per\u00edodo, o que tem gerado incertezas quanto aos impactos nas lavouras.<\/p>\n<p>Enquanto tradicionalmente se espera por um clima mais ameno e fresco, as altas temperaturas podem influenciar o desenvolvimento das culturas, afetando seu crescimento e produtividade.<\/p>\n<p>Al\u00e9m disso, a baixa umidade relativa do ar \u00e9 um fator preocupante para os agricultores, uma vez que influencia diretamente na evapotranspira\u00e7\u00e3o das plantas e no balan\u00e7o h\u00eddrico do solo. Com a diminui\u00e7\u00e3o da umidade, as plantas tendem a perder mais \u00e1gua para a atmosfera, o que pode resultar em estresse h\u00eddrico e afetar sua sa\u00fade e produ\u00e7\u00e3o.<\/p>\n<p><img decoding=\"async\" class=\"aligncenter size-full wp-image-14126\" src=\"https:\/\/blog.verde.ag\/pt\/wp-content\/uploads\/2023\/06\/Previsao-do-clima-para-os-primeiros-dias-do-inverno.gif\" alt=\"Previs\u00e3o do clima para os primeiros dias do inverno\" width=\"729\" height=\"842\" title=\"\"><\/p>\n<p style=\"text-align: center;\"><em style=\"font-size: 12px;\">Previs\u00e3o do clima para os primeiros dias do inverno (Fonte: Inmet)<\/em><\/p>\n<p>Diante desse cen\u00e1rio desafiador, os especialistas recomendam que os agricultores adotem medidas para minimizar os efeitos negativos dessas condi\u00e7\u00f5es clim\u00e1ticas. Uma das estrat\u00e9gias \u00e9 o manejo adequado da irriga\u00e7\u00e3o, ajustando as quantidades e os hor\u00e1rios de aplica\u00e7\u00e3o de \u00e1gua de acordo com as necessidades das culturas.<\/p>\n<p>Al\u00e9m disso, \u00e9 importante estar atento ao monitoramento das plantas, observando sinais de estresse, como murchamento das folhas, altera\u00e7\u00f5es na colora\u00e7\u00e3o e diminui\u00e7\u00e3o do crescimento.<\/p>\n<p>Caso necess\u00e1rio, \u00e9 recomend\u00e1vel buscar orienta\u00e7\u00e3o de agr\u00f4nomos e profissionais especializados para identificar poss\u00edveis solu\u00e7\u00f5es e tomar medidas corretivas.<\/p>\n<p>O controle de doen\u00e7as e pragas tamb\u00e9m se torna fundamental nesse contexto, uma vez que as altas temperaturas e a baixa umidade podem favorecer o surgimento e a prolifera\u00e7\u00e3o desses problemas.<\/p>\n<p>Portanto, \u00e9 importante estar em dia com os programas de manejo integrado de pragas e doen\u00e7as, realizando inspe\u00e7\u00f5es regulares nas lavouras e tomando medidas preventivas quando necess\u00e1rio.<\/p>\n<p>Al\u00e9m disso, \u00e9 importante tamb\u00e9m que os agricultores estejam atento ao bom manejo nutricional da lavoura, utilizando <a href=\"https:\/\/blog.verde.ag\/pt\/produtos-da-verde\/entenda-o-que-e-o-k-forte-e-quais-beneficios-o-fertilizante-proporciona-para-a-agricultura\/\">fertilizantes que forne\u00e7am nutrientes que ajudem as plantas a lidarem com estresses h\u00eddricos, como o pot\u00e1ssio<\/a>. Fertilizantes que s\u00e3o <a href=\"https:\/\/blog.verde.ag\/pt\/produtos-da-verde\/conheca-o-silicio-forte-e-a-importancia-do-silicio-na-agricultura\/\">fonte de sil\u00edcio<\/a> tamb\u00e9m s\u00e3o importantes nesse sentido, j\u00e1 que esse elemento ben\u00e9fico ajuda na indu\u00e7\u00e3o da resist\u00eancia das plantas a estresses bi\u00f3ticos e abi\u00f3ticos.<\/p>\n<p>Por fim, \u00e9 fundamental que os agricultores estejam preparados para lidar com as varia\u00e7\u00f5es clim\u00e1ticas e se adaptem \u00e0s condi\u00e7\u00f5es adversas que est\u00e3o sendo observadas neste in\u00edcio de inverno.<\/p>\n<p>Nesse contexto, a busca por conhecimento, a troca de experi\u00eancias com outros profissionais do setor e a ado\u00e7\u00e3o de pr\u00e1ticas sustent\u00e1veis s\u00e3o aspectos-chave para enfrentar os desafios e garantir o sucesso das atividades agr\u00edcolas. Assim, \u00e9 acompanhando de perto as previs\u00f5es clim\u00e1ticas e adotando medidas adequadas que os grandes agricultores t\u00eam a oportunidade de mitigar os impactos negativos do clima incomum neste inverno e manter suas lavouras saud\u00e1veis e produtivas.<\/p>\n<p>Por isso, a uni\u00e3o entre conhecimento t\u00e9cnico e pr\u00e1ticas sustent\u00e1veis ser\u00e1 fundamental para superar esses desafios e obter resultados positivos no campo.<\/p>\n<div class=\"shortcode_mobile\"><!--mobile-->\r\n<p><a href=\"https:\/\/conteudo.verde.ag\/kforte-fertilizante\/?utm_source=blog&amp;utm_campaign=Blog||Artigo&amp;utm_adset_name=banner&amp;utm_content=KFORTE-BANNER-MOBILE\" target=\"_blank\" rel=\"noopener\"><img class=\"alignnone size-full wp-image-10080\" src=\"https:\/\/blog.verde.ag\/pt\/wp-content\/uploads\/2024\/04\/KForte_Banner_Mobile.jpg\" alt=\"-\" width=\"800\" height=\"400\" title=\"\"><\/a><\/p>\r\n<\/div>\r\n<div class=\"shortcode_desktop\"><!--desktop-->\r\n<p><a href=\"https:\/\/conteudo.verde.ag\/kforte-fertilizante\/?utm_source=blog&amp;utm_campaign=Blog||Artigo&amp;utm_adset_name=banner&amp;utm_content=KFORTE-BANNER-DESKTOP\" target=\"_blank\" rel=\"noopener\"><img class=\"alignnone size-full wp-image-10080\" src=\"https:\/\/blog.verde.ag\/pt\/wp-content\/uploads\/2024\/04\/KForte_Banner_Desktop1.jpg\" alt=\"-\" width=\"800\" height=\"200\" title=\"\"><\/a><\/p>\r\n<\/div>\n","protected":false},"excerpt":{"rendered":"<p>O in\u00edcio de inverno com temperaturas elevadas e clima seco \u00e9 destaque nas not\u00edcias agr\u00edcolas. Entenda melhor e saiba como evitar que isso prejudique o manejo!<\/p>\n","protected":false},"author":7,"featured_media":14127,"comment_status":"open","ping_status":"open","sticky":false,"template":"","format":"standard","meta":[],"categories":[197],"tags":[1025,885,1138,216,1139],"_links":{"self":[{"href":"https:\/\/blog.verde.ag\/pt\/wp-json\/wp\/v2\/posts\/14124"}],"collection":[{"href":"https:\/\/blog.verde.ag\/pt\/wp-json\/wp\/v2\/posts"}],"about":[{"href":"https:\/\/blog.verde.ag\/pt\/wp-json\/wp\/v2\/types\/post"}],"author":[{"embeddable":true,"href":"https:\/\/blog.verde.ag\/pt\/wp-json\/wp\/v2\/users\/7"}],"replies":[{"embeddable":true,"href":"https:\/\/blog.verde.ag\/pt\/wp-json\/wp\/v2\/comments?post=14124"}],"version-history":[{"count":0,"href":"https:\/\/blog.verde.ag\/pt\/wp-json\/wp\/v2\/posts\/14124\/revisions"}],"wp:featuredmedia":[{"embeddable":true,"href":"https:\/\/blog.verde.ag\/pt\/wp-json\/wp\/v2\/media\/14127"}],"wp:attachment":[{"href":"https:\/\/blog.verde.ag\/pt\/wp-json\/wp\/v2\/media?parent=14124"}],"wp:term":[{"taxonomy":"category","embeddable":true,"href":"https:\/\/blog.verde.ag\/pt\/wp-json\/wp\/v2\/categories?post=14124"},{"taxonomy":"post_tag","embeddable":true,"href":"https:\/\/blog.verde.ag\/pt\/wp-json\/wp\/v2\/tags?post=14124"}],"curies":[{"name":"wp","href":"https:\/\/api.w.org\/{rel}","templated":true}]}}