{"id":13517,"date":"2023-05-18T17:35:00","date_gmt":"2023-05-18T20:35:00","guid":{"rendered":"https:\/\/blog.verde.ag\/pt\/?p=13517"},"modified":"2023-05-18T17:35:00","modified_gmt":"2023-05-18T20:35:00","slug":"noticias-agricolas-alerta-umidade","status":"publish","type":"post","link":"https:\/\/blog.verde.ag\/pt\/nutricao-de-plantas\/noticias-agricolas-alerta-umidade\/","title":{"rendered":"Alerta Amarelo emitido pelo Inmet para o Centro-Sul do Brasil de baixa umidade \u00e9 destaque nas not\u00edcias agr\u00edcolas"},"content":{"rendered":"<p>Entre os destaques das not\u00edcias agr\u00edcolas da semana, o Instituto Nacional de Meteorologia (Inmet) emitiu um alerta amarelo preocupante para a regi\u00e3o do Centro-Sul do Brasil, destacando a possibilidade de queda na umidade relativa do ar para 20%.<\/p>\n<p>Essa condi\u00e7\u00e3o clim\u00e1tica desfavor\u00e1vel pode trazer consequ\u00eancias significativas para os agricultores da \u00e1rea, exigindo aten\u00e7\u00e3o redobrada e medidas de manejo apropriadas.<\/p>\n<p>De acordo com o Inmet, a baixa umidade do ar \u00e9 causada por um sistema de alta press\u00e3o que est\u00e1 se intensificando sobre a regi\u00e3o, inibindo a forma\u00e7\u00e3o de nuvens e reduzindo as chances de precipita\u00e7\u00e3o.<\/p>\n<p>Essa condi\u00e7\u00e3o, aliada \u00e0s amplas varia\u00e7\u00f5es de temperaturas caracter\u00edsticas desta \u00e9poca do ano, pode resultar em um ambiente extremamente seco, afetando diretamente as planta\u00e7\u00f5es.<\/p>\n<p>O alerta amarelo indica que os n\u00edveis de umidade est\u00e3o abaixo do ideal e que os agricultores devem estar preparados para lidar com os efeitos dessa condi\u00e7\u00e3o clim\u00e1tica adversa. Para minimizar os impactos negativos, especialistas recomendam algumas medidas, tais como:<\/p>\n<h3>&#8211; Manejo adequado da irriga\u00e7\u00e3o<\/h3>\n<p>Acompanhar de perto as necessidades h\u00eddricas das culturas, ajustando os sistemas de irriga\u00e7\u00e3o de acordo. \u00c9 importante garantir que as plantas recebam \u00e1gua suficiente para seu desenvolvimento saud\u00e1vel, evitando desperd\u00edcios.<\/p>\n<h3>&#8211; Prote\u00e7\u00e3o das plantas<\/h3>\n<p>Adotar pr\u00e1ticas de cobertura do solo, como o uso de palhada, para reduzir a evapora\u00e7\u00e3o da \u00e1gua do solo. Al\u00e9m disso, o uso de sistemas de sombreamento ou telas de prote\u00e7\u00e3o pode ajudar a diminuir o estresse h\u00eddrico das plantas.<\/p>\n<h3>&#8211; Monitoramento constante<\/h3>\n<p>Ficar atento \u00e0s condi\u00e7\u00f5es clim\u00e1ticas locais e acompanhar as previs\u00f5es meteorol\u00f3gicas \u00e9 fundamental para tomar decis\u00f5es estrat\u00e9gicas. Acesso a informa\u00e7\u00f5es atualizadas sobre a umidade relativa do ar e as temperaturas permitir\u00e1 que os agricultores ajam prontamente, ajustando suas pr\u00e1ticas de manejo.<\/p>\n<h3>&#8211; Uso de pr\u00e1ticas conservacionistas<\/h3>\n<p>Investir em t\u00e9cnicas de conserva\u00e7\u00e3o do solo, como terraceamento e plantio direto, contribui para a reten\u00e7\u00e3o de umidade no solo, reduzindo a perda de \u00e1gua por evapora\u00e7\u00e3o e aumentando a disponibilidade h\u00eddrica para as plantas.<\/p>\n<p>Tamb\u00e9m \u00e9 essencial que os agricultores estejam atentos aos sinais de estresse h\u00eddrico em suas planta\u00e7\u00f5es e tomem medidas preventivas para minimizar os impactos negativos dessa situa\u00e7\u00e3o clim\u00e1tica desafiadora.<\/p>\n<p>O acompanhamento das recomenda\u00e7\u00f5es dos especialistas e a ado\u00e7\u00e3o de pr\u00e1ticas sustent\u00e1veis de manejo, incluindo o uso de <a href=\"https:\/\/blog.verde.ag\/pt\/produtos-da-verde\/entenda-o-que-e-o-baks-e-as-suas-vantagens-para-uma-nova-agricultura\/\">fertilizantes que sejam eficientes<\/a> e que favore\u00e7am e melhorem a sa\u00fade do solo, s\u00e3o fundamentais para preservar a produtividade e garantir o sucesso das atividades agr\u00edcolas.<\/p>\n<div class=\"shortcode_mobile\"><!--mobile-->\r\n<p><a href=\"https:\/\/conteudo.verde.ag\/kforte-fertilizante\/?utm_source=blog&amp;utm_campaign=Blog||Artigo&amp;utm_adset_name=banner&amp;utm_content=KFORTE-BANNER-MOBILE\" target=\"_blank\" rel=\"noopener\"><img class=\"alignnone size-full wp-image-10080\" src=\"https:\/\/blog.verde.ag\/pt\/wp-content\/uploads\/2024\/04\/KForte_Banner_Mobile.jpg\" alt=\"-\" width=\"800\" height=\"400\" title=\"\"><\/a><\/p>\r\n<\/div>\r\n<div class=\"shortcode_desktop\"><!--desktop-->\r\n<p><a href=\"https:\/\/conteudo.verde.ag\/kforte-fertilizante\/?utm_source=blog&amp;utm_campaign=Blog||Artigo&amp;utm_adset_name=banner&amp;utm_content=KFORTE-BANNER-DESKTOP\" target=\"_blank\" rel=\"noopener\"><img class=\"alignnone size-full wp-image-10080\" src=\"https:\/\/blog.verde.ag\/pt\/wp-content\/uploads\/2024\/04\/KForte_Banner_Desktop1.jpg\" alt=\"-\" width=\"800\" height=\"200\" title=\"\"><\/a><\/p>\r\n<\/div>\n","protected":false},"excerpt":{"rendered":"<p>O clima \u00e9 um fator decisivo na agricultura. Nas not\u00edcias agr\u00edcolas da semana, o alerta do Inmet para a baixa umidade do ar pode ser motivo de preocupa\u00e7\u00e3o.<\/p>\n","protected":false},"author":7,"featured_media":13521,"comment_status":"open","ping_status":"open","sticky":false,"template":"","format":"standard","meta":[],"categories":[197],"tags":[1025,885,1033,1002,1103,1102],"_links":{"self":[{"href":"https:\/\/blog.verde.ag\/pt\/wp-json\/wp\/v2\/posts\/13517"}],"collection":[{"href":"https:\/\/blog.verde.ag\/pt\/wp-json\/wp\/v2\/posts"}],"about":[{"href":"https:\/\/blog.verde.ag\/pt\/wp-json\/wp\/v2\/types\/post"}],"author":[{"embeddable":true,"href":"https:\/\/blog.verde.ag\/pt\/wp-json\/wp\/v2\/users\/7"}],"replies":[{"embeddable":true,"href":"https:\/\/blog.verde.ag\/pt\/wp-json\/wp\/v2\/comments?post=13517"}],"version-history":[{"count":0,"href":"https:\/\/blog.verde.ag\/pt\/wp-json\/wp\/v2\/posts\/13517\/revisions"}],"wp:featuredmedia":[{"embeddable":true,"href":"https:\/\/blog.verde.ag\/pt\/wp-json\/wp\/v2\/media\/13521"}],"wp:attachment":[{"href":"https:\/\/blog.verde.ag\/pt\/wp-json\/wp\/v2\/media?parent=13517"}],"wp:term":[{"taxonomy":"category","embeddable":true,"href":"https:\/\/blog.verde.ag\/pt\/wp-json\/wp\/v2\/categories?post=13517"},{"taxonomy":"post_tag","embeddable":true,"href":"https:\/\/blog.verde.ag\/pt\/wp-json\/wp\/v2\/tags?post=13517"}],"curies":[{"name":"wp","href":"https:\/\/api.w.org\/{rel}","templated":true}]}}