{"id":12712,"date":"2023-03-31T19:30:39","date_gmt":"2023-03-31T22:30:39","guid":{"rendered":"https:\/\/blog.verde.ag\/pt\/?p=12712"},"modified":"2023-03-31T19:40:46","modified_gmt":"2023-03-31T22:40:46","slug":"condicoes-climaticas-severas-noticias-agricolas","status":"publish","type":"post","link":"https:\/\/blog.verde.ag\/pt\/nutricao-de-plantas\/condicoes-climaticas-severas-noticias-agricolas\/","title":{"rendered":"Not\u00edcias agr\u00edcolas: condi\u00e7\u00f5es clim\u00e1ticas severas amea\u00e7am a produ\u00e7\u00e3o agr\u00edcola no Sul do Brasil"},"content":{"rendered":"<p>Nos pr\u00f3ximos dias, o Sul do Brasil pode enfrentar condi\u00e7\u00f5es clim\u00e1ticas severas, incluindo a possibilidade de granizo e at\u00e9 mesmo a forma\u00e7\u00e3o de um ciclone bomba.<\/p>\n<p>O Instituto Nacional de Meteorologia (Inmet) emitiu alerta para queda de granizo na regi\u00e3o. J\u00e1 a Climatempo alerta para a forma\u00e7\u00e3o de um ciclone bomba, que deve provocar chuvas intensas tamb\u00e9m na regi\u00e3o Sudeste do pa\u00eds.<\/p>\n<p>Mapas climatol\u00f3gicos divulgados pelo Inmet j\u00e1 indicam possibilidade de queda de granizo variando de pequenas (tons em azul e verde) a grande possibilidade (tons em vermelho e lil\u00e1s)<\/p>\n<p><img decoding=\"async\" class=\"aligncenter size-full wp-image-12715\" src=\"https:\/\/blog.verde.ag\/pt\/wp-content\/uploads\/2023\/03\/Mapa-de-alerta-para-chuvas-de-granizo-Fonte-inmet.jpg\" alt=\"-\" width=\"942\" height=\"1198\" srcset=\"https:\/\/blog.verde.ag\/pt\/wp-content\/uploads\/2023\/03\/Mapa-de-alerta-para-chuvas-de-granizo-Fonte-inmet.jpg 942w, https:\/\/blog.verde.ag\/pt\/wp-content\/uploads\/2023\/03\/Mapa-de-alerta-para-chuvas-de-granizo-Fonte-inmet-236x300.jpg 236w, https:\/\/blog.verde.ag\/pt\/wp-content\/uploads\/2023\/03\/Mapa-de-alerta-para-chuvas-de-granizo-Fonte-inmet-805x1024.jpg 805w, https:\/\/blog.verde.ag\/pt\/wp-content\/uploads\/2023\/03\/Mapa-de-alerta-para-chuvas-de-granizo-Fonte-inmet-768x977.jpg 768w, https:\/\/blog.verde.ag\/pt\/wp-content\/uploads\/2023\/03\/Mapa-de-alerta-para-chuvas-de-granizo-Fonte-inmet-770x979.jpg 770w, https:\/\/blog.verde.ag\/pt\/wp-content\/uploads\/2023\/03\/Mapa-de-alerta-para-chuvas-de-granizo-Fonte-inmet-150x191.jpg 150w\" sizes=\"(max-width: 942px) 100vw, 942px\" title=\"\"><\/p>\n<p style=\"text-align: center;\"><em style=\"font-size: 12px;\">Mapa de alerta para chuvas de granizo: as cores azuladas indicam probabilidades mais baixas, enquanto as roxas probabilidades mais altas (Fonte: Inmet)<\/em><\/p>\n<p>Em conjunto com isso, \u00e1reas de instabilidade podem provocar a forma\u00e7\u00e3o de um ciclone bomba, fen\u00f4meno que, juntamente com um volume mais alto de chuvas, pode tamb\u00e9m trazer ventos intensos nos litorais dos estados do Rio de Janeiro e S\u00e3o Paulo. As chuvas intensas tamb\u00e9m devem atingir os estados da regi\u00e3o Sul do Brasil, de acordo com a Climatempo.<\/p>\n<p><img decoding=\"async\" class=\"aligncenter size-full wp-image-12714\" src=\"https:\/\/blog.verde.ag\/pt\/wp-content\/uploads\/2023\/03\/Mapa-de-inensidades-de-vento-Fonte-Inmet.gif\" alt=\"Mapa de intensidades de vento\" width=\"725\" height=\"851\" title=\"\"><\/p>\n<p style=\"text-align: center;\"><em style=\"font-size: 12px;\">Mapa de intensidades de ventos (Fonte: Inmet)<\/em><\/p>\n<p>Essas condi\u00e7\u00f5es clim\u00e1ticas extremas podem afetar significativamente as atividades agr\u00edcolas na regi\u00e3o.<\/p>\n<p>A agricultura \u00e9 uma das atividades econ\u00f4micas mais importantes na regi\u00e3o Sul do Brasil, especialmente a produ\u00e7\u00e3o de gr\u00e3os como soja e milho. Tempestades de granizo, em particular, podem causar danos significativos \u00e0s planta\u00e7\u00f5es, resultando em perdas financeiras para os agricultores.<\/p>\n<p>Al\u00e9m disso, a forma\u00e7\u00e3o de um ciclone bomba pode causar ventos fortes e chuvas intensas, o que pode levar \u00e0 inunda\u00e7\u00e3o de \u00e1reas agr\u00edcolas e \u00e0 destrui\u00e7\u00e3o de planta\u00e7\u00f5es. Esses eventos clim\u00e1ticos extremos destacam a import\u00e2ncia de os agricultores estarem preparados para lidar com poss\u00edveis perdas e danos causados pela natureza.<\/p>\n<p>Para minimizar os efeitos das condi\u00e7\u00f5es clim\u00e1ticas severas, os agricultores devem adotar medidas preventivas, como o uso de coberturas para proteger as planta\u00e7\u00f5es do granizo e a drenagem adequada do solo para evitar inunda\u00e7\u00f5es.<\/p>\n<p>Al\u00e9m disso, \u00e9 importante que os agricultores estejam atentos \u00e0s previs\u00f5es meteorol\u00f3gicas e sejam proativos na tomada de medidas para proteger suas planta\u00e7\u00f5es.<\/p>\n<p>Outro ponto importante \u00e9 investir em uma aduba\u00e7\u00e3o adequada, com <a href=\"https:\/\/blog.verde.ag\/pt\/produtos-da-verde\/entenda-o-que-e-o-baks-e-as-suas-vantagens-para-uma-nova-agricultura\/\">fontes eficientes<\/a> de nutrientes como o <a href=\"https:\/\/blog.verde.ag\/pt\/nutricao-de-plantas\/como-o-agricultor-pode-se-prevenir-dos-danos-das-geadas-as-lavouras\/\">enxofre<\/a> e o <a href=\"https:\/\/blog.verde.ag\/pt\/nutricao-de-plantas\/qual-e-o-papel-do-potassio-no-aumento-da-resistencia-das-plantas-contra-geadas-e-secas\/\">pot\u00e1ssio<\/a>, que ajudam as plantas a resistirem a temperatura mais baixas e minimizarem os danos causados pelo frio.<\/p>\n<p>O <a href=\"https:\/\/blog.verde.ag\/pt\/nutricao-de-plantas\/quais-sao-os-beneficios-do-uso-do-silicio-nas-plantas\/\">sil\u00edcio<\/a> \u00e9 outro elemento que, sendo um elemento ben\u00e9fico, ajuda as plantas a lidarem melhor com estresses abi\u00f3ticos relacionados \u00e0s <a href=\"https:\/\/blog.verde.ag\/pt\/nutricao-de-plantas\/como-evitar-variacoes-do-clima\/\">varia\u00e7\u00f5es clim\u00e1ticas<\/a>.<\/p>\n<p>Em resumo, as condi\u00e7\u00f5es clim\u00e1ticas severas que se aproximam do Sul do Brasil destacam a import\u00e2ncia da prepara\u00e7\u00e3o e da ado\u00e7\u00e3o de medidas preventivas para minimizar os danos e perdas nas atividades agr\u00edcolas. Ao estar atento \u00e0s previs\u00f5es meteorol\u00f3gicas e adotar pr\u00e1ticas de gest\u00e3o de riscos, os agricultores podem proteger suas planta\u00e7\u00f5es e garantir a sustentabilidade de suas opera\u00e7\u00f5es.<\/p>\n<div class=\"shortcode_mobile\"><!--mobile-->\r\n<p><a href=\"https:\/\/conteudo.verde.ag\/kforte-fertilizante\/?utm_source=blog&amp;utm_campaign=Blog||Artigo&amp;utm_adset_name=banner&amp;utm_content=KFORTE-BANNER-MOBILE\" target=\"_blank\" rel=\"noopener\"><img class=\"alignnone size-full wp-image-10080\" src=\"https:\/\/blog.verde.ag\/pt\/wp-content\/uploads\/2024\/04\/KForte_Banner_Mobile.jpg\" alt=\"-\" width=\"800\" height=\"400\" title=\"\"><\/a><\/p>\r\n<\/div>\r\n<div class=\"shortcode_desktop\"><!--desktop-->\r\n<p><a href=\"https:\/\/conteudo.verde.ag\/kforte-fertilizante\/?utm_source=blog&amp;utm_campaign=Blog||Artigo&amp;utm_adset_name=banner&amp;utm_content=KFORTE-BANNER-DESKTOP\" target=\"_blank\" rel=\"noopener\"><img class=\"alignnone size-full wp-image-10080\" src=\"https:\/\/blog.verde.ag\/pt\/wp-content\/uploads\/2024\/04\/KForte_Banner_Desktop1.jpg\" alt=\"-\" width=\"800\" height=\"200\" title=\"\"><\/a><\/p>\r\n<\/div>\n","protected":false},"excerpt":{"rendered":"<p>A possibilidade da ocorr\u00eancia de chuvas de granizo na regi\u00e3o Sul do Brasil, al\u00e9m de chuvas fortes em outros estados \u00e9 destaque nas not\u00edcias agr\u00edcolas da semana.<\/p>\n","protected":false},"author":7,"featured_media":12716,"comment_status":"open","ping_status":"open","sticky":false,"template":"","format":"standard","meta":[],"categories":[197],"tags":[144,885,1045,72,1002,1046],"_links":{"self":[{"href":"https:\/\/blog.verde.ag\/pt\/wp-json\/wp\/v2\/posts\/12712"}],"collection":[{"href":"https:\/\/blog.verde.ag\/pt\/wp-json\/wp\/v2\/posts"}],"about":[{"href":"https:\/\/blog.verde.ag\/pt\/wp-json\/wp\/v2\/types\/post"}],"author":[{"embeddable":true,"href":"https:\/\/blog.verde.ag\/pt\/wp-json\/wp\/v2\/users\/7"}],"replies":[{"embeddable":true,"href":"https:\/\/blog.verde.ag\/pt\/wp-json\/wp\/v2\/comments?post=12712"}],"version-history":[{"count":0,"href":"https:\/\/blog.verde.ag\/pt\/wp-json\/wp\/v2\/posts\/12712\/revisions"}],"wp:featuredmedia":[{"embeddable":true,"href":"https:\/\/blog.verde.ag\/pt\/wp-json\/wp\/v2\/media\/12716"}],"wp:attachment":[{"href":"https:\/\/blog.verde.ag\/pt\/wp-json\/wp\/v2\/media?parent=12712"}],"wp:term":[{"taxonomy":"category","embeddable":true,"href":"https:\/\/blog.verde.ag\/pt\/wp-json\/wp\/v2\/categories?post=12712"},{"taxonomy":"post_tag","embeddable":true,"href":"https:\/\/blog.verde.ag\/pt\/wp-json\/wp\/v2\/tags?post=12712"}],"curies":[{"name":"wp","href":"https:\/\/api.w.org\/{rel}","templated":true}]}}